{"id":319608,"date":"2025-10-14T11:23:01","date_gmt":"2025-10-14T09:23:01","guid":{"rendered":"https:\/\/vithas.es\/?p=319608"},"modified":"2026-04-14T13:34:29","modified_gmt":"2026-04-14T11:34:29","slug":"vithas-i-telefonica-exposen-en-el-mobile-world-congress-la-seva-recerca-sobre-comunicacio-quantica-en-sanitat","status":"publish","type":"post","link":"https:\/\/vithas.es\/ca\/comunicacio\/innovacio-salut\/vithas-i-telefonica-exposen-en-el-mobile-world-congress-la-seva-recerca-sobre-comunicacio-quantica-en-sanitat\/","title":{"rendered":"Vithas i Telef\u00f3nica exposen en el Mobile World Congress la seva recerca sobre comunicaci\u00f3 qu\u00e0ntica en sanitat"},"content":{"rendered":"\n<p>, Telef\u00f3nica i altres socis tecnol\u00f2gics, <strong>han presentat en el Mobile World Congress (MWC) de Barcelona els resultats de la seva recerca sobre com la comunicaci\u00f3 qu\u00e0ntica<\/strong> blinda la seguretat de la transmissi\u00f3 de dades sensibles en l'\u00e0mbit hospitalari.<\/p>\n\n\n\n<p><strong>\u00c1ngel Ayuso<\/strong>, director gerent de Fundaci\u00f3n Vithas i director cient\u00edfic corporatiu del grup Vithas, <strong>ha estat un dels ponents destacats a l'\u00c0gora de Telef\u00f3nica<\/strong>, on ha exposat els aven\u00e7os i reptes de l'aplicaci\u00f3 d'aquestes tecnologies en entorns sanitaris en el marc del projecte basat en tecnologia Quantum-Safe, en el qual tamb\u00e9 han participat LuxQuanta i QoolNet.<\/p>\n\n\n\n<p>La sessi\u00f3, titulada \u201c<em>Showcase: Tecnologies Quantum-Safe a Telef\u00f3nica<\/em>\u201d, celebrada en l'estand de la companyia de telecomunicacions, va reunir experts en ciberseguretat i computaci\u00f3 qu\u00e0ntica. Durant la trobada, <strong>es van analitzar els aven\u00e7os en la distribuci\u00f3 qu\u00e0ntica de claus (QKD) i el seu paper clau en la protecci\u00f3 de la informaci\u00f3 m\u00e8dica, <\/strong>garantint la fortalesa de l\u2019encriptaci\u00f3 qu\u00e0ntica de les dades sanit\u00e0ries davant d'amenaces de ciberseguretat.<\/p>\n\n\n\n<p><strong>Innovaci\u00f3 per a la protecci\u00f3 de dades en salut<\/strong><\/p>\n\n\n\n<p>El sector sanitari gestiona di\u00e0riament informaci\u00f3 altament sensible, com historials m\u00e8dics, proves diagn\u00f2stiques i dades personals dels pacients. La tecnologia qu\u00e0ntica suposa un gran aven\u00e7 en m\u00faltiples disciplines, per\u00f2 tamb\u00e9 representa un repte per a la ciberseguretat, ja que te\u00f2ricament podria utilitzar-se per a desxifrar els m\u00e8todes de xifratge actuals.<\/p>\n\n\n\n<p>\u201c<strong>A Fundaci\u00f3n Vithas treballem per a anticipar-nos als reptes del futur i assegurar la m\u00e0xima protecci\u00f3 de la informaci\u00f3 dels nostres pacients<\/strong>. La col\u00b7laboraci\u00f3 amb Telef\u00f3nica i l'aplicaci\u00f3 de tecnologia Quantum-Safe ens situen en l'avantguarda de la ciberseguretat en l'\u00e0mbit sanitari\u201d, afirma <strong>\u00c1ngel Ayuso<\/strong>.<\/p>\n\n\n\n<p>Davant aquest repte, <strong>Vithas, l\u2019UPM i Telef\u00f3nica han desenvolupat un sistema de comunicacions segures basat en QKD<\/strong> entre els hospitals universitaris Vithas Madrid Arturo Soria i Vithas Madrid La Miraculosa. <strong>Per a avaluar la seva aplicaci\u00f3 real en entorns hospitalaris, el projecte ha contemplat sis casos<\/strong> d'\u00fas clau en els quals s'ha provat la tecnologia Quantum-Safe en el context del projecte MadQuantum-CM:<\/p>\n\n\n\n<ul class=\"wp-block-list\">\n<li>Enviament d'informes d'alta d'hospitalitzaci\u00f3.<\/li>\n\n\n\n<li>Transmissi\u00f3 i recepci\u00f3 de dades de laboratori i informes de radiologia.<\/li>\n\n\n\n<li>Intercanvi d'imatges m\u00e8diques i recepci\u00f3 d'informes de radiologia.<\/li>\n\n\n\n<li>Simulaci\u00f3 de consulta m\u00e8dica per videoconfer\u00e8ncia.<\/li>\n\n\n\n<li>Suport al diagn\u00f2stic remot entre professionals.<\/li>\n\n\n\n<li>Monitoratge avan\u00e7at de constants i alarmes a trav\u00e9s de Smart Central (Prhoinsa).<\/li>\n<\/ul>\n\n\n\n<p>Aquests casos d'\u00fas demostren la viabilitat de la comunicaci\u00f3 qu\u00e0ntica en sanitat, fet que permet blindar les dades m\u00e8diques i garantir la seva integritat i confidencialitat davant dels reptes de seguretat que planteja la computaci\u00f3 qu\u00e0ntica.<\/p>\n","protected":false},"excerpt":{"rendered":"<p>, Telef\u00f3nica i altres socis tecnol\u00f2gics, han presentat en el Mobile World Congress (MWC) de Barcelona els resultats de la seva recerca sobre com la comunicaci\u00f3 qu\u00e0ntica blinda la seguretat de la transmissi\u00f3 de dades sensibles en l'\u00e0mbit hospitalari. \u00c1ngel Ayuso, director gerent de Fundaci\u00f3n Vithas i director cient\u00edfic corporatiu del grup Vithas, ha estat [&hellip;]<\/p>\n","protected":false},"author":35,"featured_media":319609,"comment_status":"closed","ping_status":"open","sticky":false,"template":"","format":"standard","meta":{"footnotes":""},"categories":[2168],"tags":[],"post_type_category":[2554],"class_list":["post-319608","post","type-post","status-publish","format-standard","has-post-thumbnail","hentry"],"yoast_head":"<!-- This site is optimized with the Yoast SEO Premium plugin v27.3 (Yoast SEO v27.3) - https:\/\/yoast.com\/product\/yoast-seo-premium-wordpress\/ -->\n<title>Vithas i Telef\u00f3nica exposen en el Mobile World Congress la seva recerca sobre comunicaci\u00f3 qu\u00e0ntica en sanitat - Vithas<\/title>\n<meta name=\"robots\" content=\"index, follow, max-snippet:-1, max-image-preview:large, max-video-preview:-1\" \/>\n<link rel=\"canonical\" href=\"https:\/\/vithas.es\/ca\/comunicacio\/innovacio-salut\/vithas-i-telefonica-exposen-en-el-mobile-world-congress-la-seva-recerca-sobre-comunicacio-quantica-en-sanitat\/\" \/>\n<meta property=\"og:locale\" content=\"ca_ES\" \/>\n<meta property=\"og:type\" content=\"article\" \/>\n<meta property=\"og:title\" content=\"Vithas i Telef\u00f3nica exposen en el Mobile World Congress la seva recerca sobre comunicaci\u00f3 qu\u00e0ntica en sanitat - Vithas\" \/>\n<meta property=\"og:description\" content=\", Telef\u00f3nica i altres socis tecnol\u00f2gics, han presentat en el Mobile World Congress (MWC) de Barcelona els resultats de la seva recerca sobre com la comunicaci\u00f3 qu\u00e0ntica blinda la seguretat de la transmissi\u00f3 de dades sensibles en l&#039;\u00e0mbit hospitalari. \u00c1ngel Ayuso, director gerent de Fundaci\u00f3n Vithas i director cient\u00edfic corporatiu del grup Vithas, ha estat [&hellip;]\" \/>\n<meta property=\"og:url\" content=\"https:\/\/vithas.es\/ca\/comunicacio\/innovacio-salut\/vithas-i-telefonica-exposen-en-el-mobile-world-congress-la-seva-recerca-sobre-comunicacio-quantica-en-sanitat\/\" \/>\n<meta property=\"og:site_name\" content=\"Vithas\" \/>\n<meta property=\"article:publisher\" content=\"https:\/\/es-es.facebook.com\/HospitalesVithas\/\" \/>\n<meta property=\"article:published_time\" content=\"2025-10-14T09:23:01+00:00\" \/>\n<meta property=\"article:modified_time\" content=\"2026-04-14T11:34:29+00:00\" \/>\n<meta property=\"og:image\" content=\"https:\/\/vithas.es\/wp-content\/uploads\/2025\/10\/Vithas-i-Telefonica-exposen-en-el-Mobile-World-Congress-la-seva-recerca-sobre-comunicacio-quantica-en-sanitat.jpg\" \/>\n\t<meta property=\"og:image:width\" content=\"2208\" \/>\n\t<meta property=\"og:image:height\" content=\"1450\" \/>\n\t<meta property=\"og:image:type\" content=\"image\/jpeg\" \/>\n<meta name=\"author\" content=\"Duomo\" \/>\n<meta name=\"twitter:card\" content=\"summary_large_image\" \/>\n<meta name=\"twitter:creator\" content=\"@Vithas\" \/>\n<meta name=\"twitter:site\" content=\"@Vithas\" \/>\n<meta name=\"twitter:label1\" content=\"Written by\" \/>\n\t<meta name=\"twitter:data1\" content=\"Duomo\" \/>\n\t<meta name=\"twitter:label2\" content=\"Est. reading time\" \/>\n\t<meta name=\"twitter:data2\" content=\"3 minutes\" \/>\n<script type=\"application\/ld+json\" class=\"yoast-schema-graph\">{\"@context\":\"https:\\\/\\\/schema.org\",\"@graph\":[{\"@type\":\"Article\",\"@id\":\"https:\\\/\\\/vithas.es\\\/ca\\\/comunicacio\\\/innovacio-salut\\\/vithas-i-telefonica-exposen-en-el-mobile-world-congress-la-seva-recerca-sobre-comunicacio-quantica-en-sanitat\\\/#article\",\"isPartOf\":{\"@id\":\"https:\\\/\\\/vithas.es\\\/ca\\\/comunicacio\\\/innovacio-salut\\\/vithas-i-telefonica-exposen-en-el-mobile-world-congress-la-seva-recerca-sobre-comunicacio-quantica-en-sanitat\\\/\"},\"author\":{\"name\":\"Duomo\",\"@id\":\"https:\\\/\\\/vithas.es\\\/#\\\/schema\\\/person\\\/23aa266fbb4c5a64b2467c4625c7998c\"},\"headline\":\"Vithas i Telef\u00f3nica exposen en el Mobile World Congress la seva recerca sobre comunicaci\u00f3 qu\u00e0ntica en sanitat\",\"datePublished\":\"2025-10-14T09:23:01+00:00\",\"dateModified\":\"2026-04-14T11:34:29+00:00\",\"mainEntityOfPage\":{\"@id\":\"https:\\\/\\\/vithas.es\\\/ca\\\/comunicacio\\\/innovacio-salut\\\/vithas-i-telefonica-exposen-en-el-mobile-world-congress-la-seva-recerca-sobre-comunicacio-quantica-en-sanitat\\\/\"},\"wordCount\":480,\"publisher\":{\"@id\":\"https:\\\/\\\/vithas.es\\\/#organization\"},\"image\":{\"@id\":\"https:\\\/\\\/vithas.es\\\/ca\\\/comunicacio\\\/innovacio-salut\\\/vithas-i-telefonica-exposen-en-el-mobile-world-congress-la-seva-recerca-sobre-comunicacio-quantica-en-sanitat\\\/#primaryimage\"},\"thumbnailUrl\":\"https:\\\/\\\/vithas.es\\\/wp-content\\\/uploads\\\/2025\\\/10\\\/Vithas-i-Telefonica-exposen-en-el-Mobile-World-Congress-la-seva-recerca-sobre-comunicacio-quantica-en-sanitat.jpg\",\"articleSection\":[\"Hospital Barcelona\"],\"inLanguage\":\"ca\"},{\"@type\":\"WebPage\",\"@id\":\"https:\\\/\\\/vithas.es\\\/ca\\\/comunicacio\\\/innovacio-salut\\\/vithas-i-telefonica-exposen-en-el-mobile-world-congress-la-seva-recerca-sobre-comunicacio-quantica-en-sanitat\\\/\",\"url\":\"https:\\\/\\\/vithas.es\\\/ca\\\/comunicacio\\\/innovacio-salut\\\/vithas-i-telefonica-exposen-en-el-mobile-world-congress-la-seva-recerca-sobre-comunicacio-quantica-en-sanitat\\\/\",\"name\":\"Vithas i Telef\u00f3nica exposen en el Mobile World Congress la seva recerca sobre comunicaci\u00f3 qu\u00e0ntica en sanitat - Vithas\",\"isPartOf\":{\"@id\":\"https:\\\/\\\/vithas.es\\\/#website\"},\"primaryImageOfPage\":{\"@id\":\"https:\\\/\\\/vithas.es\\\/ca\\\/comunicacio\\\/innovacio-salut\\\/vithas-i-telefonica-exposen-en-el-mobile-world-congress-la-seva-recerca-sobre-comunicacio-quantica-en-sanitat\\\/#primaryimage\"},\"image\":{\"@id\":\"https:\\\/\\\/vithas.es\\\/ca\\\/comunicacio\\\/innovacio-salut\\\/vithas-i-telefonica-exposen-en-el-mobile-world-congress-la-seva-recerca-sobre-comunicacio-quantica-en-sanitat\\\/#primaryimage\"},\"thumbnailUrl\":\"https:\\\/\\\/vithas.es\\\/wp-content\\\/uploads\\\/2025\\\/10\\\/Vithas-i-Telefonica-exposen-en-el-Mobile-World-Congress-la-seva-recerca-sobre-comunicacio-quantica-en-sanitat.jpg\",\"datePublished\":\"2025-10-14T09:23:01+00:00\",\"dateModified\":\"2026-04-14T11:34:29+00:00\",\"breadcrumb\":{\"@id\":\"https:\\\/\\\/vithas.es\\\/ca\\\/comunicacio\\\/innovacio-salut\\\/vithas-i-telefonica-exposen-en-el-mobile-world-congress-la-seva-recerca-sobre-comunicacio-quantica-en-sanitat\\\/#breadcrumb\"},\"inLanguage\":\"ca\",\"potentialAction\":[{\"@type\":\"ReadAction\",\"target\":[\"https:\\\/\\\/vithas.es\\\/ca\\\/comunicacio\\\/innovacio-salut\\\/vithas-i-telefonica-exposen-en-el-mobile-world-congress-la-seva-recerca-sobre-comunicacio-quantica-en-sanitat\\\/\"]}]},{\"@type\":\"ImageObject\",\"inLanguage\":\"ca\",\"@id\":\"https:\\\/\\\/vithas.es\\\/ca\\\/comunicacio\\\/innovacio-salut\\\/vithas-i-telefonica-exposen-en-el-mobile-world-congress-la-seva-recerca-sobre-comunicacio-quantica-en-sanitat\\\/#primaryimage\",\"url\":\"https:\\\/\\\/vithas.es\\\/wp-content\\\/uploads\\\/2025\\\/10\\\/Vithas-i-Telefonica-exposen-en-el-Mobile-World-Congress-la-seva-recerca-sobre-comunicacio-quantica-en-sanitat.jpg\",\"contentUrl\":\"https:\\\/\\\/vithas.es\\\/wp-content\\\/uploads\\\/2025\\\/10\\\/Vithas-i-Telefonica-exposen-en-el-Mobile-World-Congress-la-seva-recerca-sobre-comunicacio-quantica-en-sanitat.jpg\",\"width\":2208,\"height\":1450},{\"@type\":\"BreadcrumbList\",\"@id\":\"https:\\\/\\\/vithas.es\\\/ca\\\/comunicacio\\\/innovacio-salut\\\/vithas-i-telefonica-exposen-en-el-mobile-world-congress-la-seva-recerca-sobre-comunicacio-quantica-en-sanitat\\\/#breadcrumb\",\"itemListElement\":[{\"@type\":\"ListItem\",\"position\":1,\"name\":\"Hospitales Vithas\",\"item\":\"https:\\\/\\\/vithas.es\\\/ca\\\/\"},{\"@type\":\"ListItem\",\"position\":2,\"name\":\"Vithas i Telef\u00f3nica exposen en el Mobile World Congress la seva recerca sobre comunicaci\u00f3 qu\u00e0ntica en sanitat\"}]},{\"@type\":\"WebSite\",\"@id\":\"https:\\\/\\\/vithas.es\\\/#website\",\"url\":\"https:\\\/\\\/vithas.es\\\/\",\"name\":\"Vithas\",\"description\":\"Vivir para cuidarte\",\"publisher\":{\"@id\":\"https:\\\/\\\/vithas.es\\\/#organization\"},\"potentialAction\":[{\"@type\":\"SearchAction\",\"target\":{\"@type\":\"EntryPoint\",\"urlTemplate\":\"https:\\\/\\\/vithas.es\\\/?s={search_term_string}\"},\"query-input\":{\"@type\":\"PropertyValueSpecification\",\"valueRequired\":true,\"valueName\":\"search_term_string\"}}],\"inLanguage\":\"ca\"},{\"@type\":\"Organization\",\"@id\":\"https:\\\/\\\/vithas.es\\\/#organization\",\"name\":\"Vithas\",\"url\":\"https:\\\/\\\/vithas.es\\\/\",\"logo\":{\"@type\":\"ImageObject\",\"inLanguage\":\"ca\",\"@id\":\"https:\\\/\\\/vithas.es\\\/#\\\/schema\\\/logo\\\/image\\\/\",\"url\":\"https:\\\/\\\/vithas.es\\\/wp-content\\\/uploads\\\/2021\\\/07\\\/vithas-beat-horizontal.svg\",\"contentUrl\":\"https:\\\/\\\/vithas.es\\\/wp-content\\\/uploads\\\/2021\\\/07\\\/vithas-beat-horizontal.svg\",\"width\":406,\"height\":84,\"caption\":\"Vithas\"},\"image\":{\"@id\":\"https:\\\/\\\/vithas.es\\\/#\\\/schema\\\/logo\\\/image\\\/\"},\"sameAs\":[\"https:\\\/\\\/es-es.facebook.com\\\/HospitalesVithas\\\/\",\"https:\\\/\\\/x.com\\\/Vithas\",\"https:\\\/\\\/www.instagram.com\\\/vithas_hospitales\\\/\",\"https:\\\/\\\/www.linkedin.com\\\/company\\\/vithas-hospital\\\/\",\"https:\\\/\\\/www.youtube.com\\\/channel\\\/UC4Dc3WWg5HzldDibyzFpw2Q\"]},{\"@type\":\"Person\",\"@id\":\"https:\\\/\\\/vithas.es\\\/#\\\/schema\\\/person\\\/23aa266fbb4c5a64b2467c4625c7998c\",\"name\":\"Duomo\",\"image\":{\"@type\":\"ImageObject\",\"inLanguage\":\"ca\",\"@id\":\"https:\\\/\\\/secure.gravatar.com\\\/avatar\\\/e7e5837db7fd56beda79ddb09cb23bb04869855c97530a9112d80cf63e0e253c?s=96&d=mm&r=g\",\"url\":\"https:\\\/\\\/secure.gravatar.com\\\/avatar\\\/e7e5837db7fd56beda79ddb09cb23bb04869855c97530a9112d80cf63e0e253c?s=96&d=mm&r=g\",\"contentUrl\":\"https:\\\/\\\/secure.gravatar.com\\\/avatar\\\/e7e5837db7fd56beda79ddb09cb23bb04869855c97530a9112d80cf63e0e253c?s=96&d=mm&r=g\",\"caption\":\"Duomo\"},\"url\":\"https:\\\/\\\/vithas.es\\\/ca\\\/author\\\/mramiladuomocomunicacion-com\\\/\"}]}<\/script>\n<!-- \/ Yoast SEO Premium plugin. -->","yoast_head_json":{"title":"Vithas i Telef\u00f3nica exposen en el Mobile World Congress la seva recerca sobre comunicaci\u00f3 qu\u00e0ntica en sanitat - Vithas","robots":{"index":"index","follow":"follow","max-snippet":"max-snippet:-1","max-image-preview":"max-image-preview:large","max-video-preview":"max-video-preview:-1"},"canonical":"https:\/\/vithas.es\/ca\/comunicacio\/innovacio-salut\/vithas-i-telefonica-exposen-en-el-mobile-world-congress-la-seva-recerca-sobre-comunicacio-quantica-en-sanitat\/","og_locale":"ca_ES","og_type":"article","og_title":"Vithas i Telef\u00f3nica exposen en el Mobile World Congress la seva recerca sobre comunicaci\u00f3 qu\u00e0ntica en sanitat - Vithas","og_description":", Telef\u00f3nica i altres socis tecnol\u00f2gics, han presentat en el Mobile World Congress (MWC) de Barcelona els resultats de la seva recerca sobre com la comunicaci\u00f3 qu\u00e0ntica blinda la seguretat de la transmissi\u00f3 de dades sensibles en l'\u00e0mbit hospitalari. \u00c1ngel Ayuso, director gerent de Fundaci\u00f3n Vithas i director cient\u00edfic corporatiu del grup Vithas, ha estat [&hellip;]","og_url":"https:\/\/vithas.es\/ca\/comunicacio\/innovacio-salut\/vithas-i-telefonica-exposen-en-el-mobile-world-congress-la-seva-recerca-sobre-comunicacio-quantica-en-sanitat\/","og_site_name":"Vithas","article_publisher":"https:\/\/es-es.facebook.com\/HospitalesVithas\/","article_published_time":"2025-10-14T09:23:01+00:00","article_modified_time":"2026-04-14T11:34:29+00:00","og_image":[{"width":2208,"height":1450,"url":"https:\/\/vithas.es\/wp-content\/uploads\/2025\/10\/Vithas-i-Telefonica-exposen-en-el-Mobile-World-Congress-la-seva-recerca-sobre-comunicacio-quantica-en-sanitat.jpg","type":"image\/jpeg"}],"author":"Duomo","twitter_card":"summary_large_image","twitter_creator":"@Vithas","twitter_site":"@Vithas","twitter_misc":{"Written by":"Duomo","Est. reading time":"3 minutes"},"schema":{"@context":"https:\/\/schema.org","@graph":[{"@type":"Article","@id":"https:\/\/vithas.es\/ca\/comunicacio\/innovacio-salut\/vithas-i-telefonica-exposen-en-el-mobile-world-congress-la-seva-recerca-sobre-comunicacio-quantica-en-sanitat\/#article","isPartOf":{"@id":"https:\/\/vithas.es\/ca\/comunicacio\/innovacio-salut\/vithas-i-telefonica-exposen-en-el-mobile-world-congress-la-seva-recerca-sobre-comunicacio-quantica-en-sanitat\/"},"author":{"name":"Duomo","@id":"https:\/\/vithas.es\/#\/schema\/person\/23aa266fbb4c5a64b2467c4625c7998c"},"headline":"Vithas i Telef\u00f3nica exposen en el Mobile World Congress la seva recerca sobre comunicaci\u00f3 qu\u00e0ntica en sanitat","datePublished":"2025-10-14T09:23:01+00:00","dateModified":"2026-04-14T11:34:29+00:00","mainEntityOfPage":{"@id":"https:\/\/vithas.es\/ca\/comunicacio\/innovacio-salut\/vithas-i-telefonica-exposen-en-el-mobile-world-congress-la-seva-recerca-sobre-comunicacio-quantica-en-sanitat\/"},"wordCount":480,"publisher":{"@id":"https:\/\/vithas.es\/#organization"},"image":{"@id":"https:\/\/vithas.es\/ca\/comunicacio\/innovacio-salut\/vithas-i-telefonica-exposen-en-el-mobile-world-congress-la-seva-recerca-sobre-comunicacio-quantica-en-sanitat\/#primaryimage"},"thumbnailUrl":"https:\/\/vithas.es\/wp-content\/uploads\/2025\/10\/Vithas-i-Telefonica-exposen-en-el-Mobile-World-Congress-la-seva-recerca-sobre-comunicacio-quantica-en-sanitat.jpg","articleSection":["Hospital Barcelona"],"inLanguage":"ca"},{"@type":"WebPage","@id":"https:\/\/vithas.es\/ca\/comunicacio\/innovacio-salut\/vithas-i-telefonica-exposen-en-el-mobile-world-congress-la-seva-recerca-sobre-comunicacio-quantica-en-sanitat\/","url":"https:\/\/vithas.es\/ca\/comunicacio\/innovacio-salut\/vithas-i-telefonica-exposen-en-el-mobile-world-congress-la-seva-recerca-sobre-comunicacio-quantica-en-sanitat\/","name":"Vithas i Telef\u00f3nica exposen en el Mobile World Congress la seva recerca sobre comunicaci\u00f3 qu\u00e0ntica en sanitat - Vithas","isPartOf":{"@id":"https:\/\/vithas.es\/#website"},"primaryImageOfPage":{"@id":"https:\/\/vithas.es\/ca\/comunicacio\/innovacio-salut\/vithas-i-telefonica-exposen-en-el-mobile-world-congress-la-seva-recerca-sobre-comunicacio-quantica-en-sanitat\/#primaryimage"},"image":{"@id":"https:\/\/vithas.es\/ca\/comunicacio\/innovacio-salut\/vithas-i-telefonica-exposen-en-el-mobile-world-congress-la-seva-recerca-sobre-comunicacio-quantica-en-sanitat\/#primaryimage"},"thumbnailUrl":"https:\/\/vithas.es\/wp-content\/uploads\/2025\/10\/Vithas-i-Telefonica-exposen-en-el-Mobile-World-Congress-la-seva-recerca-sobre-comunicacio-quantica-en-sanitat.jpg","datePublished":"2025-10-14T09:23:01+00:00","dateModified":"2026-04-14T11:34:29+00:00","breadcrumb":{"@id":"https:\/\/vithas.es\/ca\/comunicacio\/innovacio-salut\/vithas-i-telefonica-exposen-en-el-mobile-world-congress-la-seva-recerca-sobre-comunicacio-quantica-en-sanitat\/#breadcrumb"},"inLanguage":"ca","potentialAction":[{"@type":"ReadAction","target":["https:\/\/vithas.es\/ca\/comunicacio\/innovacio-salut\/vithas-i-telefonica-exposen-en-el-mobile-world-congress-la-seva-recerca-sobre-comunicacio-quantica-en-sanitat\/"]}]},{"@type":"ImageObject","inLanguage":"ca","@id":"https:\/\/vithas.es\/ca\/comunicacio\/innovacio-salut\/vithas-i-telefonica-exposen-en-el-mobile-world-congress-la-seva-recerca-sobre-comunicacio-quantica-en-sanitat\/#primaryimage","url":"https:\/\/vithas.es\/wp-content\/uploads\/2025\/10\/Vithas-i-Telefonica-exposen-en-el-Mobile-World-Congress-la-seva-recerca-sobre-comunicacio-quantica-en-sanitat.jpg","contentUrl":"https:\/\/vithas.es\/wp-content\/uploads\/2025\/10\/Vithas-i-Telefonica-exposen-en-el-Mobile-World-Congress-la-seva-recerca-sobre-comunicacio-quantica-en-sanitat.jpg","width":2208,"height":1450},{"@type":"BreadcrumbList","@id":"https:\/\/vithas.es\/ca\/comunicacio\/innovacio-salut\/vithas-i-telefonica-exposen-en-el-mobile-world-congress-la-seva-recerca-sobre-comunicacio-quantica-en-sanitat\/#breadcrumb","itemListElement":[{"@type":"ListItem","position":1,"name":"Hospitales Vithas","item":"https:\/\/vithas.es\/ca\/"},{"@type":"ListItem","position":2,"name":"Vithas i Telef\u00f3nica exposen en el Mobile World Congress la seva recerca sobre comunicaci\u00f3 qu\u00e0ntica en sanitat"}]},{"@type":"WebSite","@id":"https:\/\/vithas.es\/#website","url":"https:\/\/vithas.es\/","name":"Vithas","description":"Vivir para cuidarte","publisher":{"@id":"https:\/\/vithas.es\/#organization"},"potentialAction":[{"@type":"SearchAction","target":{"@type":"EntryPoint","urlTemplate":"https:\/\/vithas.es\/?s={search_term_string}"},"query-input":{"@type":"PropertyValueSpecification","valueRequired":true,"valueName":"search_term_string"}}],"inLanguage":"ca"},{"@type":"Organization","@id":"https:\/\/vithas.es\/#organization","name":"Vithas","url":"https:\/\/vithas.es\/","logo":{"@type":"ImageObject","inLanguage":"ca","@id":"https:\/\/vithas.es\/#\/schema\/logo\/image\/","url":"https:\/\/vithas.es\/wp-content\/uploads\/2021\/07\/vithas-beat-horizontal.svg","contentUrl":"https:\/\/vithas.es\/wp-content\/uploads\/2021\/07\/vithas-beat-horizontal.svg","width":406,"height":84,"caption":"Vithas"},"image":{"@id":"https:\/\/vithas.es\/#\/schema\/logo\/image\/"},"sameAs":["https:\/\/es-es.facebook.com\/HospitalesVithas\/","https:\/\/x.com\/Vithas","https:\/\/www.instagram.com\/vithas_hospitales\/","https:\/\/www.linkedin.com\/company\/vithas-hospital\/","https:\/\/www.youtube.com\/channel\/UC4Dc3WWg5HzldDibyzFpw2Q"]},{"@type":"Person","@id":"https:\/\/vithas.es\/#\/schema\/person\/23aa266fbb4c5a64b2467c4625c7998c","name":"Duomo","image":{"@type":"ImageObject","inLanguage":"ca","@id":"https:\/\/secure.gravatar.com\/avatar\/e7e5837db7fd56beda79ddb09cb23bb04869855c97530a9112d80cf63e0e253c?s=96&d=mm&r=g","url":"https:\/\/secure.gravatar.com\/avatar\/e7e5837db7fd56beda79ddb09cb23bb04869855c97530a9112d80cf63e0e253c?s=96&d=mm&r=g","contentUrl":"https:\/\/secure.gravatar.com\/avatar\/e7e5837db7fd56beda79ddb09cb23bb04869855c97530a9112d80cf63e0e253c?s=96&d=mm&r=g","caption":"Duomo"},"url":"https:\/\/vithas.es\/ca\/author\/mramiladuomocomunicacion-com\/"}]}},"meta_box":{"vth_type_news":{"term_id":2554,"name":"Innovaci\u00f3 i Salut","slug":"innovacio-salut","term_group":0,"term_taxonomy_id":2554,"taxonomy":"post_type_category","description":"","parent":0,"count":2,"filter":"raw"},"vth_opening_paragraph":"<ul>\r\n<li><strong>\u00c1ngel Ayuso, director gerent de Fundaci\u00f3n Vithas, participa a l'\u00c0gora de Telef\u00f3nica dins del Mobile World Congress per a explicar com la comunicaci\u00f3 qu\u00e0ntica blinda la seguretat de dades sanit\u00e0ries sensibles<\/strong><\/li>\r\n<\/ul>","vth_image_description":"","vth_boiler_plate":"<p><strong><em>Sobre Vithas<\/em><\/strong> El grup Vithas est\u00e0 integrat per 20 hospitals i 39 centres m\u00e8dics i assistencials repartits en 14 prov\u00edncies. Els 12.600 professionals que formen part de Vithas l\u2019han convertit en un dels l\u00edders de la sanitat espanyola. A m\u00e9s, el grup integra la Fundaci\u00f3n Vithas, Vithas Red Diagn\u00f3stica i la central de compres PlazaSalud. \u00a0 Vithas, amb el suport del grup Goodgrower, fonamenta la seva estrat\u00e8gia corporativa en la qualitat assistencial acreditada, l\u2019experi\u00e8ncia del pacient, la recerca i la innovaci\u00f3, aix\u00ed com en el comprom\u00eds social i mediambiental. \u00a0 <a href=\"http:\/\/www.vithas.es\">Vithas.es<\/a> <a href=\"blank\">Goodgrower.com<\/a> Segueix-nos a: <a href=\"https:\/\/es.linkedin.com\/company\/vithas-hospital\">LinkedIn<\/a> <a href=\"https:\/\/www.instagram.com\/vithas_hospitales\/?hl=es\">Instagram<\/a> <a href=\"https:\/\/www.facebook.com\/HospitalesVithas\">Facebook<\/a> <a href=\"https:\/\/twitter.com\/Vithas\">X<\/a> <a href=\"https:\/\/www.youtube.com\/Vithashospital\">Youtube<\/a><\/p>","vth_author":"","vth_type":"","vth_video":"","vth_kentico_id":"","vth_is_all_center_selected":"0","vth_is_corporate":"1","type":false,"image":false,"video":false,"imageVideo":false,"title":false,"cta":[],"cards":[],"card":[],"tabElement":[],"feature":[],"description":false,"imageBanner":false,"benefits":[],"asesor":[],"column_left":[],"column_right":[],"textMap":false,"banner":[],"boxes":[],"videoURL":false,"textInfo":false,"id":false,"background":false,"values":[],"placeholderIndex1":false,"placeholderIndex2":false,"placeholderIndex3":false,"textButton":false,"textNoResults":false,"textSearchError":false,"script":false,"linkAll":false,"placeHolderCenter":false,"title_menu":false,"placeholderCenter":false,"placeholderSpecialty":false,"placeholderDate":false,"titleLeft":false,"phone":false,"mail":false,"titleRight":false,"placeholder":false,"datePicker":false,"postType":false,"background_cards":false,"background_cards_description":false,"accordion":[],"videoType":false,"isAutoPlay":false,"transitionImage":false,"speedImage":false,"hasText":false,"hasCardBorder":false,"cardBorderWidth":false,"cardColorBorder":false,"text":false,"colorTextBackground":false,"verticalPlacementWeb":false,"horizontalPlacementWeb":false,"paddingTopText":false,"paddingBottomText":false,"paddingLeftText":false,"paddingRightText":false,"cardWidthWeb":false,"hasAppButton":false,"hasButton":false,"link":false,"newTarget":false,"colorButtonDefault":false,"colorButtonDefaultBackground":false,"colorButtonDefaultBorder":false,"colorButtonHover":false,"colorButtonHoverBackground":false,"colorButtonHoverBorder":false,"buttonBorderWidth":false,"buttonBorderMarginTop":false,"buttonBorderMarginBottom":false,"buttonBorderMarginLeft":false,"buttonBorderMarginRight":false,"showTextInMobile":false,"cardWidthMobile":false,"verticalPlacementMobile":false,"horizontalPlacementMobile":false,"showButtonInMobile":false,"images":[],"name":false,"surname":false,"email":false,"areas":[],"button":false,"description_conditions":false,"title_policy":false,"description_policy":false,"company":false,"location":false,"interest":[],"background_block":false,"columns":false,"type_block":false,"level_title":false,"check_type":false,"subtitle":false,"class_style":false,"background_card":false,"is_form":false,"background_form":false,"form_title":false,"short_code":false,"color_background":false,"color_title":false,"color_text":false,"cards_size":false,"wrapper":false,"my_address":false,"map":false,"links":[],"vth_is_location_selector":false,"vth_location":false,"float_buttons":[],"image_warranty":[],"centers":[],"sliders":[],"post_type":false,"filters":[],"button_title":false,"vth_treatments_process":[],"reverse":false,"category":false,"post_to_center_to":[],"post_to_specialty_to":[],"post_to_medicalunit_to":[],"post_to_specialist_to":[]},"_links":{"self":[{"href":"https:\/\/vithas.es\/ca\/wp-json\/wp\/v2\/posts\/319608","targetHints":{"allow":["GET"]}}],"collection":[{"href":"https:\/\/vithas.es\/ca\/wp-json\/wp\/v2\/posts"}],"about":[{"href":"https:\/\/vithas.es\/ca\/wp-json\/wp\/v2\/types\/post"}],"author":[{"embeddable":true,"href":"https:\/\/vithas.es\/ca\/wp-json\/wp\/v2\/users\/35"}],"replies":[{"embeddable":true,"href":"https:\/\/vithas.es\/ca\/wp-json\/wp\/v2\/comments?post=319608"}],"version-history":[{"count":1,"href":"https:\/\/vithas.es\/ca\/wp-json\/wp\/v2\/posts\/319608\/revisions"}],"predecessor-version":[{"id":319613,"href":"https:\/\/vithas.es\/ca\/wp-json\/wp\/v2\/posts\/319608\/revisions\/319613"}],"wp:featuredmedia":[{"embeddable":true,"href":"https:\/\/vithas.es\/ca\/wp-json\/wp\/v2\/media\/319609"}],"wp:attachment":[{"href":"https:\/\/vithas.es\/ca\/wp-json\/wp\/v2\/media?parent=319608"}],"wp:term":[{"taxonomy":"category","embeddable":true,"href":"https:\/\/vithas.es\/ca\/wp-json\/wp\/v2\/categories?post=319608"},{"taxonomy":"post_tag","embeddable":true,"href":"https:\/\/vithas.es\/ca\/wp-json\/wp\/v2\/tags?post=319608"},{"taxonomy":"post_type_category","embeddable":true,"href":"https:\/\/vithas.es\/ca\/wp-json\/wp\/v2\/post_type_category?post=319608"}],"curies":[{"name":"wp","href":"https:\/\/api.w.org\/{rel}","templated":true}]}}