{"id":319690,"date":"2025-10-14T15:30:47","date_gmt":"2025-10-14T13:30:47","guid":{"rendered":"https:\/\/vithas.es\/?p=319690"},"modified":"2026-04-14T13:32:27","modified_gmt":"2026-04-14T11:32:27","slug":"vithas-patrocinador-de-lurbania-sailing-team-durant-la-sisena-edicio-del-circuit-mediterrani-de-vela","status":"publish","type":"post","link":"https:\/\/vithas.es\/ca\/comunicacio\/actualitat\/vithas-patrocinador-de-lurbania-sailing-team-durant-la-sisena-edicio-del-circuit-mediterrani-de-vela\/","title":{"rendered":"Vithas, patrocinador de l'Urbania Sailing Team durant la sisena edici\u00f3 del Circuit Mediterrani de Vela"},"content":{"rendered":"\n<p>Vithas \u00e9s el nou patrocinador de l'Urbania Sailing Team, equip que participar\u00e0 a la sisena edici\u00f3 del Circuit Mediterrani de Vela. Aquesta col\u00b7laboraci\u00f3 s\u00b4emmarca en el comprom\u00eds de Vithas amb el suport als valors que encarnen l\u00b4esport: h\u00e0bits de vida saludables, treball en equip i esperit de superaci\u00f3.<\/p>\n\n\n\n<p>L\u2019acord s\u2019ha signat al Reial Club N\u00e0utic de Barcelona i ha comptat amb la pres\u00e8ncia del president de Vithas, Jorge Gallardo Piqu\u00e9, i una representaci\u00f3 de l\u2019Urbania Sailing Team, liderada per Tom\u00e1s Gasset, CEO d\u2019Urb\u00e0nia i patr\u00f3 de l\u2019embarcaci\u00f3.<\/p>\n\n\n\n<p>El Circuit Mediterrani de Vela allotja, de forma conjunta, els resultats de la regata PalmaVela, que se celebrar\u00e0 al Reial Club N\u00e0utic de Palma del 25 al 29 d'abril i que enguany celebra la vint-i-unena edici\u00f3; del Trofeu Comte de God\u00f3, que compleix la seva cinquantena segona edici\u00f3 i se celebrar\u00e0 del 28 de maig a l'1 de juny al Reial Club N\u00e0utic de Barcelona; i del XXVI Trofeu SM la Reina que se celebrar\u00e0 del 4 al 6 de juliol al Reial Club N\u00e0utic de Val\u00e8ncia.<\/p>\n\n\n\n<p>Una zona geogr\u00e0fica, la de l\u00b4Arc Mediterrani, on Vithas \u00e9s l\u00edder i referent sanitari. De fet, acaba d'inaugurar el quart hospital a Val\u00e8ncia, Vithas Val\u00e8ncia T\u00faria, i durant el segon semestre d\u2019aquest any preveu obrir el primer hospital a Barcelona.<\/p>\n\n\n\n<p>A m\u00e9s, els reconeixements m\u00e8dics de la tripulaci\u00f3 de l'Urbania Sailing Team es faran a l'Hospital Vithas Xanit Internacional, situat a la localitat malaguenya de Benalm\u00e1dena, prov\u00edncia on s'ubica una de les bases del veler d'Urb\u00e0nia.<\/p>\n\n\n\n<p>\"Tradicionalment, l\u00b4esport s\u00b4associa amb valors com l\u00b4esfor\u00e7, l\u00b4esperit de superaci\u00f3 i el treball en equip. Valors que compartim a Vithas i que s\u00f3n especialment evidents en el cas d\u00b4esports com la vela\", explica Jorge Gallardo Piqu\u00e9, president de Vithas. \u201cEstem conven\u00e7uts que recolzant projectes com aquest contribu\u00efm a millorar la salut i benestar de les persones m\u00e9s enll\u00e0 de la nostra principal missi\u00f3 de prestar una assist\u00e8ncia sanit\u00e0ria de qualitat als nostres 21 hospitals i 39 centres m\u00e8dic i assistencials\u201d, afegeix.<\/p>\n\n\n\n<p>Per la seva banda, Tom\u00e1s Gasset, CEO d'Urbania, ha ressaltat que \"enguany, a Urbania hem fet un pas important en obrir per primera vegada el nostre equip a patrocinadors. Per a nosaltres, \u00e9s fonamental que qualsevol alian\u00e7a reflecteixi els valors que ens defineixen com a companyia: innovaci\u00f3, perseveran\u00e7a i comprom\u00eds. Compartim amb Vithas una visi\u00f3 orientada al progr\u00e9s, a la nostra evoluci\u00f3. uni\u00f3 va m\u00e9s enll\u00e0 del patrocini: \u00e9s una col\u00b7laboraci\u00f3 entre projectes que s'inspiren m\u00fatuament i que aspiren a anar una mica m\u00e9s lluny\u201d.<\/p>\n\n\n\n<p><strong>Comprom\u00eds de Vithas amb diferents disciplines esportives<\/strong><\/p>\n\n\n\n<p>La vela \u00e9s la darrera incorporaci\u00f3 al ventall de disciplines esportives amb qu\u00e8 col\u00b7labora Vithas, que compta amb una \u00e0mplia pres\u00e8ncia en altres esports com el futbol, \u200b\u200bon \u00e9s el servei m\u00e8dic oficial de l'Atl\u00e8tic de Madrid i el prove\u00efdor m\u00e8dic oficial del M\u00e0laga CF; en atletisme, on Vithas \u00e9s patrocinador de la Marat\u00f3 i Mitja Marat\u00f3 de Val\u00e8ncia, de la Marat\u00f3 Binter Nigth Run de Tenerife, i de la Marat\u00f3 Vithas Lleida; en golf, esport en qu\u00e8 Vithas ha estat el servei m\u00e8dic oficial de la primera i \u00fanica edici\u00f3 de la Solheim Cup que s'ha celebrat fins ara a Espanya, el 2023; en tennis, on Vithas ha estat patrocinador de les edicions 71a i 72a del Trofeu Comte de God\u00f3 a Barcelona i, a m\u00e9s, des de fa anys \u00e9s el servei m\u00e8dic oficial de les proves espanyoles de la World Surf League.<\/p>\n\n\n\n<p><strong>Una nova participaci\u00f3 de l'Urbania Sailing Team al Circuit Mediterrani de Vela<\/strong><\/p>\n\n\n\n<p>L'Urbania Sailing Team amb el seu nou TP52, busca consolidar la seva posici\u00f3 a la categoria reina, ORC 0, com a guanyador del Circuit Mediterrani de Vela, aix\u00ed com de la regata Palmavela.<\/p>\n\n\n\n<p>L'embarcaci\u00f3, liderada per Tom\u00e1s Gasset, est\u00e0 composta per una tripulaci\u00f3 d'alt nivell on I\u00f1aki Casta\u00f1er, que compta amb 8 t\u00edtols mundials i m\u00e9s de 30 campionats nacionals, exerceix el rol de director esportiu i t\u00e0ctic, i el mundialista Carles Rodr\u00edguez, com a responsable de trimat i estrateg, amb 5 copes del rei al seu palmar\u00e8s entre altres t\u00edtols.<\/p>\n","protected":false},"excerpt":{"rendered":"<p>Vithas \u00e9s el nou patrocinador de l'Urbania Sailing Team, equip que participar\u00e0 a la sisena edici\u00f3 del Circuit Mediterrani de Vela. Aquesta col\u00b7laboraci\u00f3 s\u00b4emmarca en el comprom\u00eds de Vithas amb el suport als valors que encarnen l\u00b4esport: h\u00e0bits de vida saludables, treball en equip i esperit de superaci\u00f3. L\u2019acord s\u2019ha signat al Reial Club N\u00e0utic [&hellip;]<\/p>\n","protected":false},"author":35,"featured_media":319691,"comment_status":"closed","ping_status":"open","sticky":false,"template":"","format":"standard","meta":{"footnotes":""},"categories":[2168],"tags":[],"post_type_category":[2553],"class_list":["post-319690","post","type-post","status-publish","format-standard","has-post-thumbnail","hentry"],"yoast_head":"<!-- This site is optimized with the Yoast SEO Premium plugin v27.3 (Yoast SEO v27.3) - https:\/\/yoast.com\/product\/yoast-seo-premium-wordpress\/ -->\n<title>Vithas, patrocinador de l&#039;Urbania Sailing Team durant la sisena edici\u00f3 del Circuit Mediterrani de Vela - Vithas<\/title>\n<meta name=\"robots\" content=\"index, follow, max-snippet:-1, max-image-preview:large, max-video-preview:-1\" \/>\n<link rel=\"canonical\" href=\"https:\/\/vithas.es\/ca\/comunicacio\/actualitat\/vithas-patrocinador-de-lurbania-sailing-team-durant-la-sisena-edicio-del-circuit-mediterrani-de-vela\/\" \/>\n<meta property=\"og:locale\" content=\"ca_ES\" \/>\n<meta property=\"og:type\" content=\"article\" \/>\n<meta property=\"og:title\" content=\"Vithas, patrocinador de l&#039;Urbania Sailing Team durant la sisena edici\u00f3 del Circuit Mediterrani de Vela - Vithas\" \/>\n<meta property=\"og:description\" content=\"Vithas \u00e9s el nou patrocinador de l&#039;Urbania Sailing Team, equip que participar\u00e0 a la sisena edici\u00f3 del Circuit Mediterrani de Vela. Aquesta col\u00b7laboraci\u00f3 s\u00b4emmarca en el comprom\u00eds de Vithas amb el suport als valors que encarnen l\u00b4esport: h\u00e0bits de vida saludables, treball en equip i esperit de superaci\u00f3. L\u2019acord s\u2019ha signat al Reial Club N\u00e0utic [&hellip;]\" \/>\n<meta property=\"og:url\" content=\"https:\/\/vithas.es\/ca\/comunicacio\/actualitat\/vithas-patrocinador-de-lurbania-sailing-team-durant-la-sisena-edicio-del-circuit-mediterrani-de-vela\/\" \/>\n<meta property=\"og:site_name\" content=\"Vithas\" \/>\n<meta property=\"article:publisher\" content=\"https:\/\/es-es.facebook.com\/HospitalesVithas\/\" \/>\n<meta property=\"article:published_time\" content=\"2025-10-14T13:30:47+00:00\" \/>\n<meta property=\"article:modified_time\" content=\"2026-04-14T11:32:27+00:00\" \/>\n<meta property=\"og:image\" content=\"https:\/\/vithas.es\/wp-content\/uploads\/2025\/10\/25.04.24-Jorge-Gallardo-presidente-de-Vithas-y-Tomas-Gasset-CEO-de-Urbania-1024x577.jpg\" \/>\n\t<meta property=\"og:image:width\" content=\"1024\" \/>\n\t<meta property=\"og:image:height\" content=\"577\" \/>\n\t<meta property=\"og:image:type\" content=\"image\/jpeg\" \/>\n<meta name=\"author\" content=\"Duomo\" \/>\n<meta name=\"twitter:card\" content=\"summary_large_image\" \/>\n<meta name=\"twitter:creator\" content=\"@Vithas\" \/>\n<meta name=\"twitter:site\" content=\"@Vithas\" \/>\n<meta name=\"twitter:label1\" content=\"Written by\" \/>\n\t<meta name=\"twitter:data1\" content=\"Duomo\" \/>\n\t<meta name=\"twitter:label2\" content=\"Est. reading time\" \/>\n\t<meta name=\"twitter:data2\" content=\"4 minutes\" \/>\n<script type=\"application\/ld+json\" class=\"yoast-schema-graph\">{\"@context\":\"https:\\\/\\\/schema.org\",\"@graph\":[{\"@type\":\"Article\",\"@id\":\"https:\\\/\\\/vithas.es\\\/ca\\\/comunicacio\\\/actualitat\\\/vithas-patrocinador-de-lurbania-sailing-team-durant-la-sisena-edicio-del-circuit-mediterrani-de-vela\\\/#article\",\"isPartOf\":{\"@id\":\"https:\\\/\\\/vithas.es\\\/ca\\\/comunicacio\\\/actualitat\\\/vithas-patrocinador-de-lurbania-sailing-team-durant-la-sisena-edicio-del-circuit-mediterrani-de-vela\\\/\"},\"author\":{\"name\":\"Duomo\",\"@id\":\"https:\\\/\\\/vithas.es\\\/#\\\/schema\\\/person\\\/23aa266fbb4c5a64b2467c4625c7998c\"},\"headline\":\"Vithas, patrocinador de l'Urbania Sailing Team durant la sisena edici\u00f3 del Circuit Mediterrani de Vela\",\"datePublished\":\"2025-10-14T13:30:47+00:00\",\"dateModified\":\"2026-04-14T11:32:27+00:00\",\"mainEntityOfPage\":{\"@id\":\"https:\\\/\\\/vithas.es\\\/ca\\\/comunicacio\\\/actualitat\\\/vithas-patrocinador-de-lurbania-sailing-team-durant-la-sisena-edicio-del-circuit-mediterrani-de-vela\\\/\"},\"wordCount\":762,\"publisher\":{\"@id\":\"https:\\\/\\\/vithas.es\\\/#organization\"},\"image\":{\"@id\":\"https:\\\/\\\/vithas.es\\\/ca\\\/comunicacio\\\/actualitat\\\/vithas-patrocinador-de-lurbania-sailing-team-durant-la-sisena-edicio-del-circuit-mediterrani-de-vela\\\/#primaryimage\"},\"thumbnailUrl\":\"https:\\\/\\\/vithas.es\\\/wp-content\\\/uploads\\\/2025\\\/10\\\/25.04.24-Jorge-Gallardo-presidente-de-Vithas-y-Tomas-Gasset-CEO-de-Urbania.jpg\",\"articleSection\":[\"Hospital Barcelona\"],\"inLanguage\":\"ca\"},{\"@type\":\"WebPage\",\"@id\":\"https:\\\/\\\/vithas.es\\\/ca\\\/comunicacio\\\/actualitat\\\/vithas-patrocinador-de-lurbania-sailing-team-durant-la-sisena-edicio-del-circuit-mediterrani-de-vela\\\/\",\"url\":\"https:\\\/\\\/vithas.es\\\/ca\\\/comunicacio\\\/actualitat\\\/vithas-patrocinador-de-lurbania-sailing-team-durant-la-sisena-edicio-del-circuit-mediterrani-de-vela\\\/\",\"name\":\"Vithas, patrocinador de l'Urbania Sailing Team durant la sisena edici\u00f3 del Circuit Mediterrani de Vela - Vithas\",\"isPartOf\":{\"@id\":\"https:\\\/\\\/vithas.es\\\/#website\"},\"primaryImageOfPage\":{\"@id\":\"https:\\\/\\\/vithas.es\\\/ca\\\/comunicacio\\\/actualitat\\\/vithas-patrocinador-de-lurbania-sailing-team-durant-la-sisena-edicio-del-circuit-mediterrani-de-vela\\\/#primaryimage\"},\"image\":{\"@id\":\"https:\\\/\\\/vithas.es\\\/ca\\\/comunicacio\\\/actualitat\\\/vithas-patrocinador-de-lurbania-sailing-team-durant-la-sisena-edicio-del-circuit-mediterrani-de-vela\\\/#primaryimage\"},\"thumbnailUrl\":\"https:\\\/\\\/vithas.es\\\/wp-content\\\/uploads\\\/2025\\\/10\\\/25.04.24-Jorge-Gallardo-presidente-de-Vithas-y-Tomas-Gasset-CEO-de-Urbania.jpg\",\"datePublished\":\"2025-10-14T13:30:47+00:00\",\"dateModified\":\"2026-04-14T11:32:27+00:00\",\"breadcrumb\":{\"@id\":\"https:\\\/\\\/vithas.es\\\/ca\\\/comunicacio\\\/actualitat\\\/vithas-patrocinador-de-lurbania-sailing-team-durant-la-sisena-edicio-del-circuit-mediterrani-de-vela\\\/#breadcrumb\"},\"inLanguage\":\"ca\",\"potentialAction\":[{\"@type\":\"ReadAction\",\"target\":[\"https:\\\/\\\/vithas.es\\\/ca\\\/comunicacio\\\/actualitat\\\/vithas-patrocinador-de-lurbania-sailing-team-durant-la-sisena-edicio-del-circuit-mediterrani-de-vela\\\/\"]}]},{\"@type\":\"ImageObject\",\"inLanguage\":\"ca\",\"@id\":\"https:\\\/\\\/vithas.es\\\/ca\\\/comunicacio\\\/actualitat\\\/vithas-patrocinador-de-lurbania-sailing-team-durant-la-sisena-edicio-del-circuit-mediterrani-de-vela\\\/#primaryimage\",\"url\":\"https:\\\/\\\/vithas.es\\\/wp-content\\\/uploads\\\/2025\\\/10\\\/25.04.24-Jorge-Gallardo-presidente-de-Vithas-y-Tomas-Gasset-CEO-de-Urbania.jpg\",\"contentUrl\":\"https:\\\/\\\/vithas.es\\\/wp-content\\\/uploads\\\/2025\\\/10\\\/25.04.24-Jorge-Gallardo-presidente-de-Vithas-y-Tomas-Gasset-CEO-de-Urbania.jpg\",\"width\":4000,\"height\":2252},{\"@type\":\"BreadcrumbList\",\"@id\":\"https:\\\/\\\/vithas.es\\\/ca\\\/comunicacio\\\/actualitat\\\/vithas-patrocinador-de-lurbania-sailing-team-durant-la-sisena-edicio-del-circuit-mediterrani-de-vela\\\/#breadcrumb\",\"itemListElement\":[{\"@type\":\"ListItem\",\"position\":1,\"name\":\"Hospitales Vithas\",\"item\":\"https:\\\/\\\/vithas.es\\\/ca\\\/\"},{\"@type\":\"ListItem\",\"position\":2,\"name\":\"Vithas, patrocinador de l'Urbania Sailing Team durant la sisena edici\u00f3 del Circuit Mediterrani de Vela\"}]},{\"@type\":\"WebSite\",\"@id\":\"https:\\\/\\\/vithas.es\\\/#website\",\"url\":\"https:\\\/\\\/vithas.es\\\/\",\"name\":\"Vithas\",\"description\":\"Vivir para cuidarte\",\"publisher\":{\"@id\":\"https:\\\/\\\/vithas.es\\\/#organization\"},\"potentialAction\":[{\"@type\":\"SearchAction\",\"target\":{\"@type\":\"EntryPoint\",\"urlTemplate\":\"https:\\\/\\\/vithas.es\\\/?s={search_term_string}\"},\"query-input\":{\"@type\":\"PropertyValueSpecification\",\"valueRequired\":true,\"valueName\":\"search_term_string\"}}],\"inLanguage\":\"ca\"},{\"@type\":\"Organization\",\"@id\":\"https:\\\/\\\/vithas.es\\\/#organization\",\"name\":\"Vithas\",\"url\":\"https:\\\/\\\/vithas.es\\\/\",\"logo\":{\"@type\":\"ImageObject\",\"inLanguage\":\"ca\",\"@id\":\"https:\\\/\\\/vithas.es\\\/#\\\/schema\\\/logo\\\/image\\\/\",\"url\":\"https:\\\/\\\/vithas.es\\\/wp-content\\\/uploads\\\/2021\\\/07\\\/vithas-beat-horizontal.svg\",\"contentUrl\":\"https:\\\/\\\/vithas.es\\\/wp-content\\\/uploads\\\/2021\\\/07\\\/vithas-beat-horizontal.svg\",\"width\":406,\"height\":84,\"caption\":\"Vithas\"},\"image\":{\"@id\":\"https:\\\/\\\/vithas.es\\\/#\\\/schema\\\/logo\\\/image\\\/\"},\"sameAs\":[\"https:\\\/\\\/es-es.facebook.com\\\/HospitalesVithas\\\/\",\"https:\\\/\\\/x.com\\\/Vithas\",\"https:\\\/\\\/www.instagram.com\\\/vithas_hospitales\\\/\",\"https:\\\/\\\/www.linkedin.com\\\/company\\\/vithas-hospital\\\/\",\"https:\\\/\\\/www.youtube.com\\\/channel\\\/UC4Dc3WWg5HzldDibyzFpw2Q\"]},{\"@type\":\"Person\",\"@id\":\"https:\\\/\\\/vithas.es\\\/#\\\/schema\\\/person\\\/23aa266fbb4c5a64b2467c4625c7998c\",\"name\":\"Duomo\",\"image\":{\"@type\":\"ImageObject\",\"inLanguage\":\"ca\",\"@id\":\"https:\\\/\\\/secure.gravatar.com\\\/avatar\\\/e7e5837db7fd56beda79ddb09cb23bb04869855c97530a9112d80cf63e0e253c?s=96&d=mm&r=g\",\"url\":\"https:\\\/\\\/secure.gravatar.com\\\/avatar\\\/e7e5837db7fd56beda79ddb09cb23bb04869855c97530a9112d80cf63e0e253c?s=96&d=mm&r=g\",\"contentUrl\":\"https:\\\/\\\/secure.gravatar.com\\\/avatar\\\/e7e5837db7fd56beda79ddb09cb23bb04869855c97530a9112d80cf63e0e253c?s=96&d=mm&r=g\",\"caption\":\"Duomo\"},\"url\":\"https:\\\/\\\/vithas.es\\\/ca\\\/author\\\/mramiladuomocomunicacion-com\\\/\"}]}<\/script>\n<!-- \/ Yoast SEO Premium plugin. -->","yoast_head_json":{"title":"Vithas, patrocinador de l'Urbania Sailing Team durant la sisena edici\u00f3 del Circuit Mediterrani de Vela - Vithas","robots":{"index":"index","follow":"follow","max-snippet":"max-snippet:-1","max-image-preview":"max-image-preview:large","max-video-preview":"max-video-preview:-1"},"canonical":"https:\/\/vithas.es\/ca\/comunicacio\/actualitat\/vithas-patrocinador-de-lurbania-sailing-team-durant-la-sisena-edicio-del-circuit-mediterrani-de-vela\/","og_locale":"ca_ES","og_type":"article","og_title":"Vithas, patrocinador de l'Urbania Sailing Team durant la sisena edici\u00f3 del Circuit Mediterrani de Vela - Vithas","og_description":"Vithas \u00e9s el nou patrocinador de l'Urbania Sailing Team, equip que participar\u00e0 a la sisena edici\u00f3 del Circuit Mediterrani de Vela. Aquesta col\u00b7laboraci\u00f3 s\u00b4emmarca en el comprom\u00eds de Vithas amb el suport als valors que encarnen l\u00b4esport: h\u00e0bits de vida saludables, treball en equip i esperit de superaci\u00f3. L\u2019acord s\u2019ha signat al Reial Club N\u00e0utic [&hellip;]","og_url":"https:\/\/vithas.es\/ca\/comunicacio\/actualitat\/vithas-patrocinador-de-lurbania-sailing-team-durant-la-sisena-edicio-del-circuit-mediterrani-de-vela\/","og_site_name":"Vithas","article_publisher":"https:\/\/es-es.facebook.com\/HospitalesVithas\/","article_published_time":"2025-10-14T13:30:47+00:00","article_modified_time":"2026-04-14T11:32:27+00:00","og_image":[{"width":1024,"height":577,"url":"https:\/\/vithas.es\/wp-content\/uploads\/2025\/10\/25.04.24-Jorge-Gallardo-presidente-de-Vithas-y-Tomas-Gasset-CEO-de-Urbania-1024x577.jpg","type":"image\/jpeg"}],"author":"Duomo","twitter_card":"summary_large_image","twitter_creator":"@Vithas","twitter_site":"@Vithas","twitter_misc":{"Written by":"Duomo","Est. reading time":"4 minutes"},"schema":{"@context":"https:\/\/schema.org","@graph":[{"@type":"Article","@id":"https:\/\/vithas.es\/ca\/comunicacio\/actualitat\/vithas-patrocinador-de-lurbania-sailing-team-durant-la-sisena-edicio-del-circuit-mediterrani-de-vela\/#article","isPartOf":{"@id":"https:\/\/vithas.es\/ca\/comunicacio\/actualitat\/vithas-patrocinador-de-lurbania-sailing-team-durant-la-sisena-edicio-del-circuit-mediterrani-de-vela\/"},"author":{"name":"Duomo","@id":"https:\/\/vithas.es\/#\/schema\/person\/23aa266fbb4c5a64b2467c4625c7998c"},"headline":"Vithas, patrocinador de l'Urbania Sailing Team durant la sisena edici\u00f3 del Circuit Mediterrani de Vela","datePublished":"2025-10-14T13:30:47+00:00","dateModified":"2026-04-14T11:32:27+00:00","mainEntityOfPage":{"@id":"https:\/\/vithas.es\/ca\/comunicacio\/actualitat\/vithas-patrocinador-de-lurbania-sailing-team-durant-la-sisena-edicio-del-circuit-mediterrani-de-vela\/"},"wordCount":762,"publisher":{"@id":"https:\/\/vithas.es\/#organization"},"image":{"@id":"https:\/\/vithas.es\/ca\/comunicacio\/actualitat\/vithas-patrocinador-de-lurbania-sailing-team-durant-la-sisena-edicio-del-circuit-mediterrani-de-vela\/#primaryimage"},"thumbnailUrl":"https:\/\/vithas.es\/wp-content\/uploads\/2025\/10\/25.04.24-Jorge-Gallardo-presidente-de-Vithas-y-Tomas-Gasset-CEO-de-Urbania.jpg","articleSection":["Hospital Barcelona"],"inLanguage":"ca"},{"@type":"WebPage","@id":"https:\/\/vithas.es\/ca\/comunicacio\/actualitat\/vithas-patrocinador-de-lurbania-sailing-team-durant-la-sisena-edicio-del-circuit-mediterrani-de-vela\/","url":"https:\/\/vithas.es\/ca\/comunicacio\/actualitat\/vithas-patrocinador-de-lurbania-sailing-team-durant-la-sisena-edicio-del-circuit-mediterrani-de-vela\/","name":"Vithas, patrocinador de l'Urbania Sailing Team durant la sisena edici\u00f3 del Circuit Mediterrani de Vela - Vithas","isPartOf":{"@id":"https:\/\/vithas.es\/#website"},"primaryImageOfPage":{"@id":"https:\/\/vithas.es\/ca\/comunicacio\/actualitat\/vithas-patrocinador-de-lurbania-sailing-team-durant-la-sisena-edicio-del-circuit-mediterrani-de-vela\/#primaryimage"},"image":{"@id":"https:\/\/vithas.es\/ca\/comunicacio\/actualitat\/vithas-patrocinador-de-lurbania-sailing-team-durant-la-sisena-edicio-del-circuit-mediterrani-de-vela\/#primaryimage"},"thumbnailUrl":"https:\/\/vithas.es\/wp-content\/uploads\/2025\/10\/25.04.24-Jorge-Gallardo-presidente-de-Vithas-y-Tomas-Gasset-CEO-de-Urbania.jpg","datePublished":"2025-10-14T13:30:47+00:00","dateModified":"2026-04-14T11:32:27+00:00","breadcrumb":{"@id":"https:\/\/vithas.es\/ca\/comunicacio\/actualitat\/vithas-patrocinador-de-lurbania-sailing-team-durant-la-sisena-edicio-del-circuit-mediterrani-de-vela\/#breadcrumb"},"inLanguage":"ca","potentialAction":[{"@type":"ReadAction","target":["https:\/\/vithas.es\/ca\/comunicacio\/actualitat\/vithas-patrocinador-de-lurbania-sailing-team-durant-la-sisena-edicio-del-circuit-mediterrani-de-vela\/"]}]},{"@type":"ImageObject","inLanguage":"ca","@id":"https:\/\/vithas.es\/ca\/comunicacio\/actualitat\/vithas-patrocinador-de-lurbania-sailing-team-durant-la-sisena-edicio-del-circuit-mediterrani-de-vela\/#primaryimage","url":"https:\/\/vithas.es\/wp-content\/uploads\/2025\/10\/25.04.24-Jorge-Gallardo-presidente-de-Vithas-y-Tomas-Gasset-CEO-de-Urbania.jpg","contentUrl":"https:\/\/vithas.es\/wp-content\/uploads\/2025\/10\/25.04.24-Jorge-Gallardo-presidente-de-Vithas-y-Tomas-Gasset-CEO-de-Urbania.jpg","width":4000,"height":2252},{"@type":"BreadcrumbList","@id":"https:\/\/vithas.es\/ca\/comunicacio\/actualitat\/vithas-patrocinador-de-lurbania-sailing-team-durant-la-sisena-edicio-del-circuit-mediterrani-de-vela\/#breadcrumb","itemListElement":[{"@type":"ListItem","position":1,"name":"Hospitales Vithas","item":"https:\/\/vithas.es\/ca\/"},{"@type":"ListItem","position":2,"name":"Vithas, patrocinador de l'Urbania Sailing Team durant la sisena edici\u00f3 del Circuit Mediterrani de Vela"}]},{"@type":"WebSite","@id":"https:\/\/vithas.es\/#website","url":"https:\/\/vithas.es\/","name":"Vithas","description":"Vivir para cuidarte","publisher":{"@id":"https:\/\/vithas.es\/#organization"},"potentialAction":[{"@type":"SearchAction","target":{"@type":"EntryPoint","urlTemplate":"https:\/\/vithas.es\/?s={search_term_string}"},"query-input":{"@type":"PropertyValueSpecification","valueRequired":true,"valueName":"search_term_string"}}],"inLanguage":"ca"},{"@type":"Organization","@id":"https:\/\/vithas.es\/#organization","name":"Vithas","url":"https:\/\/vithas.es\/","logo":{"@type":"ImageObject","inLanguage":"ca","@id":"https:\/\/vithas.es\/#\/schema\/logo\/image\/","url":"https:\/\/vithas.es\/wp-content\/uploads\/2021\/07\/vithas-beat-horizontal.svg","contentUrl":"https:\/\/vithas.es\/wp-content\/uploads\/2021\/07\/vithas-beat-horizontal.svg","width":406,"height":84,"caption":"Vithas"},"image":{"@id":"https:\/\/vithas.es\/#\/schema\/logo\/image\/"},"sameAs":["https:\/\/es-es.facebook.com\/HospitalesVithas\/","https:\/\/x.com\/Vithas","https:\/\/www.instagram.com\/vithas_hospitales\/","https:\/\/www.linkedin.com\/company\/vithas-hospital\/","https:\/\/www.youtube.com\/channel\/UC4Dc3WWg5HzldDibyzFpw2Q"]},{"@type":"Person","@id":"https:\/\/vithas.es\/#\/schema\/person\/23aa266fbb4c5a64b2467c4625c7998c","name":"Duomo","image":{"@type":"ImageObject","inLanguage":"ca","@id":"https:\/\/secure.gravatar.com\/avatar\/e7e5837db7fd56beda79ddb09cb23bb04869855c97530a9112d80cf63e0e253c?s=96&d=mm&r=g","url":"https:\/\/secure.gravatar.com\/avatar\/e7e5837db7fd56beda79ddb09cb23bb04869855c97530a9112d80cf63e0e253c?s=96&d=mm&r=g","contentUrl":"https:\/\/secure.gravatar.com\/avatar\/e7e5837db7fd56beda79ddb09cb23bb04869855c97530a9112d80cf63e0e253c?s=96&d=mm&r=g","caption":"Duomo"},"url":"https:\/\/vithas.es\/ca\/author\/mramiladuomocomunicacion-com\/"}]}},"meta_box":{"vth_type_news":{"term_id":2553,"name":"Actualitat","slug":"actualitat","term_group":0,"term_taxonomy_id":2553,"taxonomy":"post_type_category","description":"","parent":0,"count":23,"filter":"raw"},"vth_opening_paragraph":"<ul>\r\n<li><strong>El patrocini s\u2019emmarca en el comprom\u00eds de Vithas amb la promoci\u00f3 d\u2019h\u00e0bits de vida saludables i valors com el treball en equip i la superaci\u00f3 personal, dels quals l\u2019esport \u00e9s un dels m\u00e0xims exponents.<\/strong><\/li>\r\n<li><strong>L'acord de col\u00b7laboraci\u00f3 s'ha signat al Reial Club N\u00e0utic de Barcelona i ha comptat amb la pres\u00e8ncia de Jorge Gallardo, president de Vithas, i de Tom\u00e1s Gasset, CEO d'Urb\u00e0nia i patr\u00f3 de l'equip.<\/strong><\/li>\r\n<li><strong>El Circuit Mediterrani de Vela allotja, de forma conjunta, els resultats de la regata PalmaVela, al Reial Club N\u00e0utic de Palma; del Trofeu Comte de God\u00f3, al Reial Club N\u00e0utic de Barcelona; i finalitza amb el Trofeu de S.M. la Reina al Reial Club N\u00e0utic de Val\u00e8ncia.<\/strong><\/li>\r\n<\/ul>","vth_image_description":"","vth_boiler_plate":"<p><strong><em>Sobre Vithas\u00a0<\/em><\/strong> El <a href=\"http:\/\/www.vithas.es\">grup Vithas<\/a> est\u00e0 integrat per 21 hospitals i 39 centres m\u00e8dics i assistencials distribu\u00efts per 14 prov\u00edncies. Els 12.600 professionals que conformen Vithas ho han convertit en un dels l\u00edders de la sanitat espanyola. A m\u00e9s, el grup integra la <a href=\"https:\/\/fundacion.vithas.es\/\">Fundaci\u00f3n Vithas<\/a>, <a href=\"https:\/\/www.vithaslab.es\/\">Vithas Red Diagn\u00f3stica<\/a> i la central de compres <a href=\"https:\/\/www.plazasalud.es\/\">PlazaSalud<\/a>. \u00a0 Vithas, recol\u00e7ada pel grup <a href=\"https:\/\/www.goodgrower.com\/\">Goodgrower<\/a>, fonamenta la seva estrat\u00e8gia corporativa en la qualitat assistencial acreditada, l'experi\u00e8ncia pacient, la investigaci\u00f3 i la innovaci\u00f3 i el comprom\u00eds social i mediambiental. \u00a0 <a href=\"http:\/\/www.vithas.es\">Vithas.es<\/a> Goodgrower.com Segueix-nos a: <a href=\"https:\/\/es.linkedin.com\/company\/vithas-hospital\">LinkedIn<\/a> <a href=\"https:\/\/www.instagram.com\/vithas_hospitales\/?hl=es\">Instagram<\/a> <a href=\"https:\/\/www.tiktok.com\/@vithas_hospitales\">TikTok<\/a> <a href=\"https:\/\/www.facebook.com\/HospitalesVithas\">Facebook<\/a> <a href=\"https:\/\/twitter.com\/Vithas\">X<\/a> <a href=\"https:\/\/www.youtube.com\/Vithashospital\">Youtube<\/a><\/p>","vth_author":"","vth_type":"","vth_video":"","vth_kentico_id":"","vth_is_all_center_selected":"0","vth_is_corporate":"1","type":false,"image":false,"video":false,"imageVideo":false,"title":false,"cta":[],"cards":[],"card":[],"tabElement":[],"feature":[],"description":false,"imageBanner":false,"benefits":[],"asesor":[],"column_left":[],"column_right":[],"textMap":false,"banner":[],"boxes":[],"videoURL":false,"textInfo":false,"id":false,"background":false,"values":[],"placeholderIndex1":false,"placeholderIndex2":false,"placeholderIndex3":false,"textButton":false,"textNoResults":false,"textSearchError":false,"script":false,"linkAll":false,"placeHolderCenter":false,"title_menu":false,"placeholderCenter":false,"placeholderSpecialty":false,"placeholderDate":false,"titleLeft":false,"phone":false,"mail":false,"titleRight":false,"placeholder":false,"datePicker":false,"postType":false,"background_cards":false,"background_cards_description":false,"accordion":[],"videoType":false,"isAutoPlay":false,"transitionImage":false,"speedImage":false,"hasText":false,"hasCardBorder":false,"cardBorderWidth":false,"cardColorBorder":false,"text":false,"colorTextBackground":false,"verticalPlacementWeb":false,"horizontalPlacementWeb":false,"paddingTopText":false,"paddingBottomText":false,"paddingLeftText":false,"paddingRightText":false,"cardWidthWeb":false,"hasAppButton":false,"hasButton":false,"link":false,"newTarget":false,"colorButtonDefault":false,"colorButtonDefaultBackground":false,"colorButtonDefaultBorder":false,"colorButtonHover":false,"colorButtonHoverBackground":false,"colorButtonHoverBorder":false,"buttonBorderWidth":false,"buttonBorderMarginTop":false,"buttonBorderMarginBottom":false,"buttonBorderMarginLeft":false,"buttonBorderMarginRight":false,"showTextInMobile":false,"cardWidthMobile":false,"verticalPlacementMobile":false,"horizontalPlacementMobile":false,"showButtonInMobile":false,"images":[],"name":false,"surname":false,"email":false,"areas":[],"button":false,"description_conditions":false,"title_policy":false,"description_policy":false,"company":false,"location":false,"interest":[],"background_block":false,"columns":false,"type_block":false,"level_title":false,"check_type":false,"subtitle":false,"class_style":false,"background_card":false,"is_form":false,"background_form":false,"form_title":false,"short_code":false,"color_background":false,"color_title":false,"color_text":false,"cards_size":false,"wrapper":false,"my_address":false,"map":false,"links":[],"vth_is_location_selector":false,"vth_location":false,"float_buttons":[],"image_warranty":[],"centers":[],"sliders":[],"post_type":false,"filters":[],"button_title":false,"vth_treatments_process":[],"reverse":false,"category":false,"post_to_center_to":[],"post_to_specialty_to":[],"post_to_medicalunit_to":[],"post_to_specialist_to":[]},"_links":{"self":[{"href":"https:\/\/vithas.es\/ca\/wp-json\/wp\/v2\/posts\/319690","targetHints":{"allow":["GET"]}}],"collection":[{"href":"https:\/\/vithas.es\/ca\/wp-json\/wp\/v2\/posts"}],"about":[{"href":"https:\/\/vithas.es\/ca\/wp-json\/wp\/v2\/types\/post"}],"author":[{"embeddable":true,"href":"https:\/\/vithas.es\/ca\/wp-json\/wp\/v2\/users\/35"}],"replies":[{"embeddable":true,"href":"https:\/\/vithas.es\/ca\/wp-json\/wp\/v2\/comments?post=319690"}],"version-history":[{"count":1,"href":"https:\/\/vithas.es\/ca\/wp-json\/wp\/v2\/posts\/319690\/revisions"}],"predecessor-version":[{"id":319695,"href":"https:\/\/vithas.es\/ca\/wp-json\/wp\/v2\/posts\/319690\/revisions\/319695"}],"wp:featuredmedia":[{"embeddable":true,"href":"https:\/\/vithas.es\/ca\/wp-json\/wp\/v2\/media\/319691"}],"wp:attachment":[{"href":"https:\/\/vithas.es\/ca\/wp-json\/wp\/v2\/media?parent=319690"}],"wp:term":[{"taxonomy":"category","embeddable":true,"href":"https:\/\/vithas.es\/ca\/wp-json\/wp\/v2\/categories?post=319690"},{"taxonomy":"post_tag","embeddable":true,"href":"https:\/\/vithas.es\/ca\/wp-json\/wp\/v2\/tags?post=319690"},{"taxonomy":"post_type_category","embeddable":true,"href":"https:\/\/vithas.es\/ca\/wp-json\/wp\/v2\/post_type_category?post=319690"}],"curies":[{"name":"wp","href":"https:\/\/api.w.org\/{rel}","templated":true}]}}