{"id":319702,"date":"2025-10-14T15:34:34","date_gmt":"2025-10-14T13:34:34","guid":{"rendered":"https:\/\/vithas.es\/?p=319702"},"modified":"2026-04-14T13:32:04","modified_gmt":"2026-04-14T11:32:04","slug":"lhospital-vithas-barcelona-reforcara-el-biocluster-dinnovacio-i-salut-presentat-a-esplugues-de-llobregat","status":"publish","type":"post","link":"https:\/\/vithas.es\/ca\/comunicacio\/innovacio-salut\/lhospital-vithas-barcelona-reforcara-el-biocluster-dinnovacio-i-salut-presentat-a-esplugues-de-llobregat\/","title":{"rendered":"L'Hospital Vithas Barcelona refor\u00e7ar\u00e0 el Biocl\u00faster d'Innovaci\u00f3 i Salut presentat a Esplugues de Llobregat"},"content":{"rendered":"\n<p>. La directora del Projecte <a href=\"https:\/\/vithas.es\/vithas-barcelona\/\">Vithas Barcelona<\/a>, \u200b\u200bAnna Guir\u00f3, va assistir aquest dimecres a Esplugues de Llobregat (Barcelona) a la presentaci\u00f3 del Biocl\u00faster d'Innovaci\u00f3 i Salut, un projecte impulsat per diferents administracions, hospitals i centres de recerca per construir un dels ecosistemes d\u2019innovaci\u00f3 sanit\u00e0ria m\u00e9s importants d\u2019Europa.<\/p>\n\n\n\n<p>Concretament, el projecte del Biocl\u00faster formar\u00e0 part d'un ecosistema de recerca m\u00e8dica i biotecnol\u00f2gica que ocupar\u00e0 m\u00e9s de 350.000 metres quadrats entre Esplugues i l'Hospitalet de Llobregat i podr\u00e0 generar fins a 18.000 llocs de treball, com s'ha detallat durant la presentaci\u00f3 encap\u00e7alada per l'alcaldessa espluguina, Pilar D\u00edaz.<\/p>\n\n\n\n<p>La iniciativa s\u2019emmarcar\u00e0, a m\u00e9s, en una estrat\u00e8gia de regeneraci\u00f3 urbana i econ\u00f2mica m\u00e9s \u00e0mplia impulsada per l\u00b4Ajuntament d\u00b4Esplugues de Llobregat amb el desenvolupament de quatre Districtes d\u00b4Innovaci\u00f3 en diferents sectors i mitjan\u00e7ant projectes urban\u00edstics com Porta Diagonal. Tot aix\u00f2, amb l'objectiu de promoure l'economia del coneixement i el creixement econ\u00f2mic inclusiu a Esplugues, alhora que es crearan sinergies amb les nombroses empreses que ja s\u00f3n al municipi i les institucions de recerca a tota l'\u00e0rea metropolitana de Barcelona.<\/p>\n\n\n\n<p><strong>Impulsant l\u2019ecosistema d\u00b4innovaci\u00f3 i salut des de l\u00b4Hospital Vithas Barcelona<\/strong><\/p>\n\n\n\n<p>Amb la construcci\u00f3 del nou Hospital Vithas Barcelona, \u200b\u200bque ja arriba a una inversi\u00f3 de 101 milions d'euros, el grup sanitari Vithas est\u00e0 contribuint i refor\u00e7ant l'impuls del futur ecosistema d'innovaci\u00f3 i salut d'Esplugues i l'Hospitalet de Llobregat, tot fomentant l'atracci\u00f3 de talent en un hospital amb vocaci\u00f3 investigadora i docent.<\/p>\n\n\n\n<p>\u201cEl nou Hospital Vithas Barcelona comptar\u00e0 amb m\u00e9s de 1.800 professionals i s'ubicar\u00e0 en una de les zones amb m\u00e9s creixement a Esplugues de Llobregat, amb m\u00e9s de 2.000 nous habitatges i un gran dinamisme social i empresarial al seu voltant. I aspirem a cercar sinergies i formar part del futur Biocl\u00faster d'Innovaci\u00f3 i Salut, des del nostre prop\u00f2sit de viure per cuidar la salut i el benestar de les persones, aportant valor de manera sostenible i innovadora, amb vocaci\u00f3 de servei i ambici\u00f3 de millora permanent\u201d, ha afirmat Anna Guir\u00f3 despr\u00e9s d'assistir a la presentaci\u00f3.<\/p>\n\n\n\n<p>A m\u00e9s de <a href=\"https:\/\/vithas.es\/\">Vithas<\/a>, a la jornada d'aquest dimecres hi han assistit unes 300 persones entre representants de les diferents administracions p\u00fabliques implicades al projecte, centres de recerca i altres empreses del sector sanitari.<\/p>\n","protected":false},"excerpt":{"rendered":"<p>. La directora del Projecte Vithas Barcelona, \u200b\u200bAnna Guir\u00f3, va assistir aquest dimecres a Esplugues de Llobregat (Barcelona) a la presentaci\u00f3 del Biocl\u00faster d'Innovaci\u00f3 i Salut, un projecte impulsat per diferents administracions, hospitals i centres de recerca per construir un dels ecosistemes d\u2019innovaci\u00f3 sanit\u00e0ria m\u00e9s importants d\u2019Europa. Concretament, el projecte del Biocl\u00faster formar\u00e0 part d'un [&hellip;]<\/p>\n","protected":false},"author":35,"featured_media":319703,"comment_status":"closed","ping_status":"open","sticky":false,"template":"","format":"standard","meta":{"footnotes":""},"categories":[2168],"tags":[],"post_type_category":[2554],"class_list":["post-319702","post","type-post","status-publish","format-standard","has-post-thumbnail","hentry"],"yoast_head":"<!-- This site is optimized with the Yoast SEO Premium plugin v27.3 (Yoast SEO v27.3) - https:\/\/yoast.com\/product\/yoast-seo-premium-wordpress\/ -->\n<title>L&#039;Hospital Vithas Barcelona refor\u00e7ar\u00e0 el Biocl\u00faster d&#039;Innovaci\u00f3 i Salut presentat a Esplugues de Llobregat - Vithas<\/title>\n<meta name=\"robots\" content=\"index, follow, max-snippet:-1, max-image-preview:large, max-video-preview:-1\" \/>\n<link rel=\"canonical\" href=\"https:\/\/vithas.es\/ca\/comunicacio\/innovacio-salut\/lhospital-vithas-barcelona-reforcara-el-biocluster-dinnovacio-i-salut-presentat-a-esplugues-de-llobregat\/\" \/>\n<meta property=\"og:locale\" content=\"ca_ES\" \/>\n<meta property=\"og:type\" content=\"article\" \/>\n<meta property=\"og:title\" content=\"L&#039;Hospital Vithas Barcelona refor\u00e7ar\u00e0 el Biocl\u00faster d&#039;Innovaci\u00f3 i Salut presentat a Esplugues de Llobregat - Vithas\" \/>\n<meta property=\"og:description\" content=\". La directora del Projecte Vithas Barcelona, \u200b\u200bAnna Guir\u00f3, va assistir aquest dimecres a Esplugues de Llobregat (Barcelona) a la presentaci\u00f3 del Biocl\u00faster d&#039;Innovaci\u00f3 i Salut, un projecte impulsat per diferents administracions, hospitals i centres de recerca per construir un dels ecosistemes d\u2019innovaci\u00f3 sanit\u00e0ria m\u00e9s importants d\u2019Europa. Concretament, el projecte del Biocl\u00faster formar\u00e0 part d&#039;un [&hellip;]\" \/>\n<meta property=\"og:url\" content=\"https:\/\/vithas.es\/ca\/comunicacio\/innovacio-salut\/lhospital-vithas-barcelona-reforcara-el-biocluster-dinnovacio-i-salut-presentat-a-esplugues-de-llobregat\/\" \/>\n<meta property=\"og:site_name\" content=\"Vithas\" \/>\n<meta property=\"article:publisher\" content=\"https:\/\/es-es.facebook.com\/HospitalesVithas\/\" \/>\n<meta property=\"article:published_time\" content=\"2025-10-14T13:34:34+00:00\" \/>\n<meta property=\"article:modified_time\" content=\"2026-04-14T11:32:04+00:00\" \/>\n<meta property=\"og:image\" content=\"https:\/\/vithas.es\/wp-content\/uploads\/2025\/10\/Foto-1_Vithas_Biocluster.jpeg\" \/>\n\t<meta property=\"og:image:width\" content=\"2000\" \/>\n\t<meta property=\"og:image:height\" content=\"1334\" \/>\n\t<meta property=\"og:image:type\" content=\"image\/jpeg\" \/>\n<meta name=\"author\" content=\"Duomo\" \/>\n<meta name=\"twitter:card\" content=\"summary_large_image\" \/>\n<meta name=\"twitter:creator\" content=\"@Vithas\" \/>\n<meta name=\"twitter:site\" content=\"@Vithas\" \/>\n<meta name=\"twitter:label1\" content=\"Written by\" \/>\n\t<meta name=\"twitter:data1\" content=\"Duomo\" \/>\n\t<meta name=\"twitter:label2\" content=\"Est. reading time\" \/>\n\t<meta name=\"twitter:data2\" content=\"2 minutes\" \/>\n<script type=\"application\/ld+json\" class=\"yoast-schema-graph\">{\"@context\":\"https:\\\/\\\/schema.org\",\"@graph\":[{\"@type\":\"Article\",\"@id\":\"https:\\\/\\\/vithas.es\\\/ca\\\/comunicacio\\\/innovacio-salut\\\/lhospital-vithas-barcelona-reforcara-el-biocluster-dinnovacio-i-salut-presentat-a-esplugues-de-llobregat\\\/#article\",\"isPartOf\":{\"@id\":\"https:\\\/\\\/vithas.es\\\/ca\\\/comunicacio\\\/innovacio-salut\\\/lhospital-vithas-barcelona-reforcara-el-biocluster-dinnovacio-i-salut-presentat-a-esplugues-de-llobregat\\\/\"},\"author\":{\"name\":\"Duomo\",\"@id\":\"https:\\\/\\\/vithas.es\\\/#\\\/schema\\\/person\\\/23aa266fbb4c5a64b2467c4625c7998c\"},\"headline\":\"L'Hospital Vithas Barcelona refor\u00e7ar\u00e0 el Biocl\u00faster d'Innovaci\u00f3 i Salut presentat a Esplugues de Llobregat\",\"datePublished\":\"2025-10-14T13:34:34+00:00\",\"dateModified\":\"2026-04-14T11:32:04+00:00\",\"mainEntityOfPage\":{\"@id\":\"https:\\\/\\\/vithas.es\\\/ca\\\/comunicacio\\\/innovacio-salut\\\/lhospital-vithas-barcelona-reforcara-el-biocluster-dinnovacio-i-salut-presentat-a-esplugues-de-llobregat\\\/\"},\"wordCount\":429,\"publisher\":{\"@id\":\"https:\\\/\\\/vithas.es\\\/#organization\"},\"image\":{\"@id\":\"https:\\\/\\\/vithas.es\\\/ca\\\/comunicacio\\\/innovacio-salut\\\/lhospital-vithas-barcelona-reforcara-el-biocluster-dinnovacio-i-salut-presentat-a-esplugues-de-llobregat\\\/#primaryimage\"},\"thumbnailUrl\":\"https:\\\/\\\/vithas.es\\\/wp-content\\\/uploads\\\/2025\\\/10\\\/Foto-1_Vithas_Biocluster.jpeg\",\"articleSection\":[\"Hospital Barcelona\"],\"inLanguage\":\"ca\"},{\"@type\":\"WebPage\",\"@id\":\"https:\\\/\\\/vithas.es\\\/ca\\\/comunicacio\\\/innovacio-salut\\\/lhospital-vithas-barcelona-reforcara-el-biocluster-dinnovacio-i-salut-presentat-a-esplugues-de-llobregat\\\/\",\"url\":\"https:\\\/\\\/vithas.es\\\/ca\\\/comunicacio\\\/innovacio-salut\\\/lhospital-vithas-barcelona-reforcara-el-biocluster-dinnovacio-i-salut-presentat-a-esplugues-de-llobregat\\\/\",\"name\":\"L'Hospital Vithas Barcelona refor\u00e7ar\u00e0 el Biocl\u00faster d'Innovaci\u00f3 i Salut presentat a Esplugues de Llobregat - Vithas\",\"isPartOf\":{\"@id\":\"https:\\\/\\\/vithas.es\\\/#website\"},\"primaryImageOfPage\":{\"@id\":\"https:\\\/\\\/vithas.es\\\/ca\\\/comunicacio\\\/innovacio-salut\\\/lhospital-vithas-barcelona-reforcara-el-biocluster-dinnovacio-i-salut-presentat-a-esplugues-de-llobregat\\\/#primaryimage\"},\"image\":{\"@id\":\"https:\\\/\\\/vithas.es\\\/ca\\\/comunicacio\\\/innovacio-salut\\\/lhospital-vithas-barcelona-reforcara-el-biocluster-dinnovacio-i-salut-presentat-a-esplugues-de-llobregat\\\/#primaryimage\"},\"thumbnailUrl\":\"https:\\\/\\\/vithas.es\\\/wp-content\\\/uploads\\\/2025\\\/10\\\/Foto-1_Vithas_Biocluster.jpeg\",\"datePublished\":\"2025-10-14T13:34:34+00:00\",\"dateModified\":\"2026-04-14T11:32:04+00:00\",\"breadcrumb\":{\"@id\":\"https:\\\/\\\/vithas.es\\\/ca\\\/comunicacio\\\/innovacio-salut\\\/lhospital-vithas-barcelona-reforcara-el-biocluster-dinnovacio-i-salut-presentat-a-esplugues-de-llobregat\\\/#breadcrumb\"},\"inLanguage\":\"ca\",\"potentialAction\":[{\"@type\":\"ReadAction\",\"target\":[\"https:\\\/\\\/vithas.es\\\/ca\\\/comunicacio\\\/innovacio-salut\\\/lhospital-vithas-barcelona-reforcara-el-biocluster-dinnovacio-i-salut-presentat-a-esplugues-de-llobregat\\\/\"]}]},{\"@type\":\"ImageObject\",\"inLanguage\":\"ca\",\"@id\":\"https:\\\/\\\/vithas.es\\\/ca\\\/comunicacio\\\/innovacio-salut\\\/lhospital-vithas-barcelona-reforcara-el-biocluster-dinnovacio-i-salut-presentat-a-esplugues-de-llobregat\\\/#primaryimage\",\"url\":\"https:\\\/\\\/vithas.es\\\/wp-content\\\/uploads\\\/2025\\\/10\\\/Foto-1_Vithas_Biocluster.jpeg\",\"contentUrl\":\"https:\\\/\\\/vithas.es\\\/wp-content\\\/uploads\\\/2025\\\/10\\\/Foto-1_Vithas_Biocluster.jpeg\",\"width\":2000,\"height\":1334},{\"@type\":\"BreadcrumbList\",\"@id\":\"https:\\\/\\\/vithas.es\\\/ca\\\/comunicacio\\\/innovacio-salut\\\/lhospital-vithas-barcelona-reforcara-el-biocluster-dinnovacio-i-salut-presentat-a-esplugues-de-llobregat\\\/#breadcrumb\",\"itemListElement\":[{\"@type\":\"ListItem\",\"position\":1,\"name\":\"Hospitales Vithas\",\"item\":\"https:\\\/\\\/vithas.es\\\/ca\\\/\"},{\"@type\":\"ListItem\",\"position\":2,\"name\":\"L'Hospital Vithas Barcelona refor\u00e7ar\u00e0 el Biocl\u00faster d'Innovaci\u00f3 i Salut presentat a Esplugues de Llobregat\"}]},{\"@type\":\"WebSite\",\"@id\":\"https:\\\/\\\/vithas.es\\\/#website\",\"url\":\"https:\\\/\\\/vithas.es\\\/\",\"name\":\"Vithas\",\"description\":\"Vivir para cuidarte\",\"publisher\":{\"@id\":\"https:\\\/\\\/vithas.es\\\/#organization\"},\"potentialAction\":[{\"@type\":\"SearchAction\",\"target\":{\"@type\":\"EntryPoint\",\"urlTemplate\":\"https:\\\/\\\/vithas.es\\\/?s={search_term_string}\"},\"query-input\":{\"@type\":\"PropertyValueSpecification\",\"valueRequired\":true,\"valueName\":\"search_term_string\"}}],\"inLanguage\":\"ca\"},{\"@type\":\"Organization\",\"@id\":\"https:\\\/\\\/vithas.es\\\/#organization\",\"name\":\"Vithas\",\"url\":\"https:\\\/\\\/vithas.es\\\/\",\"logo\":{\"@type\":\"ImageObject\",\"inLanguage\":\"ca\",\"@id\":\"https:\\\/\\\/vithas.es\\\/#\\\/schema\\\/logo\\\/image\\\/\",\"url\":\"https:\\\/\\\/vithas.es\\\/wp-content\\\/uploads\\\/2021\\\/07\\\/vithas-beat-horizontal.svg\",\"contentUrl\":\"https:\\\/\\\/vithas.es\\\/wp-content\\\/uploads\\\/2021\\\/07\\\/vithas-beat-horizontal.svg\",\"width\":406,\"height\":84,\"caption\":\"Vithas\"},\"image\":{\"@id\":\"https:\\\/\\\/vithas.es\\\/#\\\/schema\\\/logo\\\/image\\\/\"},\"sameAs\":[\"https:\\\/\\\/es-es.facebook.com\\\/HospitalesVithas\\\/\",\"https:\\\/\\\/x.com\\\/Vithas\",\"https:\\\/\\\/www.instagram.com\\\/vithas_hospitales\\\/\",\"https:\\\/\\\/www.linkedin.com\\\/company\\\/vithas-hospital\\\/\",\"https:\\\/\\\/www.youtube.com\\\/channel\\\/UC4Dc3WWg5HzldDibyzFpw2Q\"]},{\"@type\":\"Person\",\"@id\":\"https:\\\/\\\/vithas.es\\\/#\\\/schema\\\/person\\\/23aa266fbb4c5a64b2467c4625c7998c\",\"name\":\"Duomo\",\"image\":{\"@type\":\"ImageObject\",\"inLanguage\":\"ca\",\"@id\":\"https:\\\/\\\/secure.gravatar.com\\\/avatar\\\/e7e5837db7fd56beda79ddb09cb23bb04869855c97530a9112d80cf63e0e253c?s=96&d=mm&r=g\",\"url\":\"https:\\\/\\\/secure.gravatar.com\\\/avatar\\\/e7e5837db7fd56beda79ddb09cb23bb04869855c97530a9112d80cf63e0e253c?s=96&d=mm&r=g\",\"contentUrl\":\"https:\\\/\\\/secure.gravatar.com\\\/avatar\\\/e7e5837db7fd56beda79ddb09cb23bb04869855c97530a9112d80cf63e0e253c?s=96&d=mm&r=g\",\"caption\":\"Duomo\"},\"url\":\"https:\\\/\\\/vithas.es\\\/ca\\\/author\\\/mramiladuomocomunicacion-com\\\/\"}]}<\/script>\n<!-- \/ Yoast SEO Premium plugin. -->","yoast_head_json":{"title":"L'Hospital Vithas Barcelona refor\u00e7ar\u00e0 el Biocl\u00faster d'Innovaci\u00f3 i Salut presentat a Esplugues de Llobregat - Vithas","robots":{"index":"index","follow":"follow","max-snippet":"max-snippet:-1","max-image-preview":"max-image-preview:large","max-video-preview":"max-video-preview:-1"},"canonical":"https:\/\/vithas.es\/ca\/comunicacio\/innovacio-salut\/lhospital-vithas-barcelona-reforcara-el-biocluster-dinnovacio-i-salut-presentat-a-esplugues-de-llobregat\/","og_locale":"ca_ES","og_type":"article","og_title":"L'Hospital Vithas Barcelona refor\u00e7ar\u00e0 el Biocl\u00faster d'Innovaci\u00f3 i Salut presentat a Esplugues de Llobregat - Vithas","og_description":". La directora del Projecte Vithas Barcelona, \u200b\u200bAnna Guir\u00f3, va assistir aquest dimecres a Esplugues de Llobregat (Barcelona) a la presentaci\u00f3 del Biocl\u00faster d'Innovaci\u00f3 i Salut, un projecte impulsat per diferents administracions, hospitals i centres de recerca per construir un dels ecosistemes d\u2019innovaci\u00f3 sanit\u00e0ria m\u00e9s importants d\u2019Europa. Concretament, el projecte del Biocl\u00faster formar\u00e0 part d'un [&hellip;]","og_url":"https:\/\/vithas.es\/ca\/comunicacio\/innovacio-salut\/lhospital-vithas-barcelona-reforcara-el-biocluster-dinnovacio-i-salut-presentat-a-esplugues-de-llobregat\/","og_site_name":"Vithas","article_publisher":"https:\/\/es-es.facebook.com\/HospitalesVithas\/","article_published_time":"2025-10-14T13:34:34+00:00","article_modified_time":"2026-04-14T11:32:04+00:00","og_image":[{"width":2000,"height":1334,"url":"https:\/\/vithas.es\/wp-content\/uploads\/2025\/10\/Foto-1_Vithas_Biocluster.jpeg","type":"image\/jpeg"}],"author":"Duomo","twitter_card":"summary_large_image","twitter_creator":"@Vithas","twitter_site":"@Vithas","twitter_misc":{"Written by":"Duomo","Est. reading time":"2 minutes"},"schema":{"@context":"https:\/\/schema.org","@graph":[{"@type":"Article","@id":"https:\/\/vithas.es\/ca\/comunicacio\/innovacio-salut\/lhospital-vithas-barcelona-reforcara-el-biocluster-dinnovacio-i-salut-presentat-a-esplugues-de-llobregat\/#article","isPartOf":{"@id":"https:\/\/vithas.es\/ca\/comunicacio\/innovacio-salut\/lhospital-vithas-barcelona-reforcara-el-biocluster-dinnovacio-i-salut-presentat-a-esplugues-de-llobregat\/"},"author":{"name":"Duomo","@id":"https:\/\/vithas.es\/#\/schema\/person\/23aa266fbb4c5a64b2467c4625c7998c"},"headline":"L'Hospital Vithas Barcelona refor\u00e7ar\u00e0 el Biocl\u00faster d'Innovaci\u00f3 i Salut presentat a Esplugues de Llobregat","datePublished":"2025-10-14T13:34:34+00:00","dateModified":"2026-04-14T11:32:04+00:00","mainEntityOfPage":{"@id":"https:\/\/vithas.es\/ca\/comunicacio\/innovacio-salut\/lhospital-vithas-barcelona-reforcara-el-biocluster-dinnovacio-i-salut-presentat-a-esplugues-de-llobregat\/"},"wordCount":429,"publisher":{"@id":"https:\/\/vithas.es\/#organization"},"image":{"@id":"https:\/\/vithas.es\/ca\/comunicacio\/innovacio-salut\/lhospital-vithas-barcelona-reforcara-el-biocluster-dinnovacio-i-salut-presentat-a-esplugues-de-llobregat\/#primaryimage"},"thumbnailUrl":"https:\/\/vithas.es\/wp-content\/uploads\/2025\/10\/Foto-1_Vithas_Biocluster.jpeg","articleSection":["Hospital Barcelona"],"inLanguage":"ca"},{"@type":"WebPage","@id":"https:\/\/vithas.es\/ca\/comunicacio\/innovacio-salut\/lhospital-vithas-barcelona-reforcara-el-biocluster-dinnovacio-i-salut-presentat-a-esplugues-de-llobregat\/","url":"https:\/\/vithas.es\/ca\/comunicacio\/innovacio-salut\/lhospital-vithas-barcelona-reforcara-el-biocluster-dinnovacio-i-salut-presentat-a-esplugues-de-llobregat\/","name":"L'Hospital Vithas Barcelona refor\u00e7ar\u00e0 el Biocl\u00faster d'Innovaci\u00f3 i Salut presentat a Esplugues de Llobregat - Vithas","isPartOf":{"@id":"https:\/\/vithas.es\/#website"},"primaryImageOfPage":{"@id":"https:\/\/vithas.es\/ca\/comunicacio\/innovacio-salut\/lhospital-vithas-barcelona-reforcara-el-biocluster-dinnovacio-i-salut-presentat-a-esplugues-de-llobregat\/#primaryimage"},"image":{"@id":"https:\/\/vithas.es\/ca\/comunicacio\/innovacio-salut\/lhospital-vithas-barcelona-reforcara-el-biocluster-dinnovacio-i-salut-presentat-a-esplugues-de-llobregat\/#primaryimage"},"thumbnailUrl":"https:\/\/vithas.es\/wp-content\/uploads\/2025\/10\/Foto-1_Vithas_Biocluster.jpeg","datePublished":"2025-10-14T13:34:34+00:00","dateModified":"2026-04-14T11:32:04+00:00","breadcrumb":{"@id":"https:\/\/vithas.es\/ca\/comunicacio\/innovacio-salut\/lhospital-vithas-barcelona-reforcara-el-biocluster-dinnovacio-i-salut-presentat-a-esplugues-de-llobregat\/#breadcrumb"},"inLanguage":"ca","potentialAction":[{"@type":"ReadAction","target":["https:\/\/vithas.es\/ca\/comunicacio\/innovacio-salut\/lhospital-vithas-barcelona-reforcara-el-biocluster-dinnovacio-i-salut-presentat-a-esplugues-de-llobregat\/"]}]},{"@type":"ImageObject","inLanguage":"ca","@id":"https:\/\/vithas.es\/ca\/comunicacio\/innovacio-salut\/lhospital-vithas-barcelona-reforcara-el-biocluster-dinnovacio-i-salut-presentat-a-esplugues-de-llobregat\/#primaryimage","url":"https:\/\/vithas.es\/wp-content\/uploads\/2025\/10\/Foto-1_Vithas_Biocluster.jpeg","contentUrl":"https:\/\/vithas.es\/wp-content\/uploads\/2025\/10\/Foto-1_Vithas_Biocluster.jpeg","width":2000,"height":1334},{"@type":"BreadcrumbList","@id":"https:\/\/vithas.es\/ca\/comunicacio\/innovacio-salut\/lhospital-vithas-barcelona-reforcara-el-biocluster-dinnovacio-i-salut-presentat-a-esplugues-de-llobregat\/#breadcrumb","itemListElement":[{"@type":"ListItem","position":1,"name":"Hospitales Vithas","item":"https:\/\/vithas.es\/ca\/"},{"@type":"ListItem","position":2,"name":"L'Hospital Vithas Barcelona refor\u00e7ar\u00e0 el Biocl\u00faster d'Innovaci\u00f3 i Salut presentat a Esplugues de Llobregat"}]},{"@type":"WebSite","@id":"https:\/\/vithas.es\/#website","url":"https:\/\/vithas.es\/","name":"Vithas","description":"Vivir para cuidarte","publisher":{"@id":"https:\/\/vithas.es\/#organization"},"potentialAction":[{"@type":"SearchAction","target":{"@type":"EntryPoint","urlTemplate":"https:\/\/vithas.es\/?s={search_term_string}"},"query-input":{"@type":"PropertyValueSpecification","valueRequired":true,"valueName":"search_term_string"}}],"inLanguage":"ca"},{"@type":"Organization","@id":"https:\/\/vithas.es\/#organization","name":"Vithas","url":"https:\/\/vithas.es\/","logo":{"@type":"ImageObject","inLanguage":"ca","@id":"https:\/\/vithas.es\/#\/schema\/logo\/image\/","url":"https:\/\/vithas.es\/wp-content\/uploads\/2021\/07\/vithas-beat-horizontal.svg","contentUrl":"https:\/\/vithas.es\/wp-content\/uploads\/2021\/07\/vithas-beat-horizontal.svg","width":406,"height":84,"caption":"Vithas"},"image":{"@id":"https:\/\/vithas.es\/#\/schema\/logo\/image\/"},"sameAs":["https:\/\/es-es.facebook.com\/HospitalesVithas\/","https:\/\/x.com\/Vithas","https:\/\/www.instagram.com\/vithas_hospitales\/","https:\/\/www.linkedin.com\/company\/vithas-hospital\/","https:\/\/www.youtube.com\/channel\/UC4Dc3WWg5HzldDibyzFpw2Q"]},{"@type":"Person","@id":"https:\/\/vithas.es\/#\/schema\/person\/23aa266fbb4c5a64b2467c4625c7998c","name":"Duomo","image":{"@type":"ImageObject","inLanguage":"ca","@id":"https:\/\/secure.gravatar.com\/avatar\/e7e5837db7fd56beda79ddb09cb23bb04869855c97530a9112d80cf63e0e253c?s=96&d=mm&r=g","url":"https:\/\/secure.gravatar.com\/avatar\/e7e5837db7fd56beda79ddb09cb23bb04869855c97530a9112d80cf63e0e253c?s=96&d=mm&r=g","contentUrl":"https:\/\/secure.gravatar.com\/avatar\/e7e5837db7fd56beda79ddb09cb23bb04869855c97530a9112d80cf63e0e253c?s=96&d=mm&r=g","caption":"Duomo"},"url":"https:\/\/vithas.es\/ca\/author\/mramiladuomocomunicacion-com\/"}]}},"meta_box":{"vth_type_news":{"term_id":2554,"name":"Innovaci\u00f3 i Salut","slug":"innovacio-salut","term_group":0,"term_taxonomy_id":2554,"taxonomy":"post_type_category","description":"","parent":0,"count":2,"filter":"raw"},"vth_opening_paragraph":"<ul>\r\n<li>El Biocl\u00faster \u00e9s un projecte impulsat per diferents administracions, hospitals i centres de recerca per construir un dels entorns d\u2019innovaci\u00f3 sanit\u00e0ria m\u00e9s importants d\u2018Europa.<\/li>\r\n<li>Est\u00e0 previst que aquest nou ecosistema ocupi m\u00e9s de 350.000 metres quadrats i generi m\u00e9s de 18.000 llocs de treball gr\u00e0cies a l'aposta local per la innovaci\u00f3 i la salut com a motors de creixement econ\u00f2mic i transformaci\u00f3 urban\u00edstica.<\/li>\r\n<li>\u201cAspirem a buscar sinergies i formar part del futur Biocl\u00faster d'Innovaci\u00f3 i Salut, des del nostre prop\u00f2sit de viure per cuidar la salut i el benestar de les persones, aportant valor de manera sostenible i innovadora, amb vocaci\u00f3 de servei i ambici\u00f3 de millora permanent\u201d, ha afirmat la directora del Projecte Vithas Barcelona, \u200b\u200bAnna Guir\u00f3, despr\u00e9s d'assistir a la presentaci\u00f3 de la iniciativa.<\/li>\r\n<\/ul>","vth_image_description":"","vth_boiler_plate":"<p><strong><em>Sobre Vithas<\/em><\/strong> \u00a0 El <a href=\"http:\/\/www.vithas.es\/\">grup Vithas<\/a> est\u00e0 integrat per 20 hospitals i 37 centres m\u00e8dics i assistencials distribu\u00efts per 14 prov\u00edncies. Els 12.600 professionals que conformen Vithas l\u2019han convertit en un dels l\u00edders de la sanitat espanyola. A m\u00e9s, el grup inclou la <a href=\"https:\/\/fundacion.vithas.es\/\">Fundaci\u00f3n Vithas<\/a>, <a href=\"https:\/\/www.vithaslab.es\/\">Vithas Red Diagn\u00f3stica<\/a> i la central de compres <a href=\"https:\/\/www.plazasalud.es\/\">PlazaSalud<\/a>. \u00a0 Vithas, del grup <a href=\"https:\/\/www.goodgrower.com\/\">Goodgrower<\/a>, fonamenta la seva estrat\u00e8gia corporativa en la qualitat assistencial acreditada, l'experi\u00e8ncia pacient, la investigaci\u00f3 i la innovaci\u00f3 i el comprom\u00eds social i mediambiental. \u00a0 <a href=\"http:\/\/www.vithas.es\">Vithas.es<\/a> <a href=\"blank\">Goodgrower.com<\/a> Segueix-nos a: <a href=\"https:\/\/es.linkedin.com\/company\/vithas-hospital\">LinkedIn<\/a> <a href=\"https:\/\/www.instagram.com\/vithas_hospitales\/?hl=es\">Instagram<\/a> <a href=\"https:\/\/www.facebook.com\/HospitalesVithas\">Facebook<\/a> <a href=\"https:\/\/twitter.com\/Vithas\">X<\/a> <a href=\"https:\/\/www.youtube.com\/Vithashospital\">Youtube<\/a><\/p>","vth_author":"","vth_type":"","vth_video":"","vth_kentico_id":"","vth_is_all_center_selected":"0","vth_is_corporate":"1","type":false,"image":false,"video":false,"imageVideo":false,"title":false,"cta":[],"cards":[],"card":[],"tabElement":[],"feature":[],"description":false,"imageBanner":false,"benefits":[],"asesor":[],"column_left":[],"column_right":[],"textMap":false,"banner":[],"boxes":[],"videoURL":false,"textInfo":false,"id":false,"background":false,"values":[],"placeholderIndex1":false,"placeholderIndex2":false,"placeholderIndex3":false,"textButton":false,"textNoResults":false,"textSearchError":false,"script":false,"linkAll":false,"placeHolderCenter":false,"title_menu":false,"placeholderCenter":false,"placeholderSpecialty":false,"placeholderDate":false,"titleLeft":false,"phone":false,"mail":false,"titleRight":false,"placeholder":false,"datePicker":false,"postType":false,"background_cards":false,"background_cards_description":false,"accordion":[],"videoType":false,"isAutoPlay":false,"transitionImage":false,"speedImage":false,"hasText":false,"hasCardBorder":false,"cardBorderWidth":false,"cardColorBorder":false,"text":false,"colorTextBackground":false,"verticalPlacementWeb":false,"horizontalPlacementWeb":false,"paddingTopText":false,"paddingBottomText":false,"paddingLeftText":false,"paddingRightText":false,"cardWidthWeb":false,"hasAppButton":false,"hasButton":false,"link":false,"newTarget":false,"colorButtonDefault":false,"colorButtonDefaultBackground":false,"colorButtonDefaultBorder":false,"colorButtonHover":false,"colorButtonHoverBackground":false,"colorButtonHoverBorder":false,"buttonBorderWidth":false,"buttonBorderMarginTop":false,"buttonBorderMarginBottom":false,"buttonBorderMarginLeft":false,"buttonBorderMarginRight":false,"showTextInMobile":false,"cardWidthMobile":false,"verticalPlacementMobile":false,"horizontalPlacementMobile":false,"showButtonInMobile":false,"images":[],"name":false,"surname":false,"email":false,"areas":[],"button":false,"description_conditions":false,"title_policy":false,"description_policy":false,"company":false,"location":false,"interest":[],"background_block":false,"columns":false,"type_block":false,"level_title":false,"check_type":false,"subtitle":false,"class_style":false,"background_card":false,"is_form":false,"background_form":false,"form_title":false,"short_code":false,"color_background":false,"color_title":false,"color_text":false,"cards_size":false,"wrapper":false,"my_address":false,"map":false,"links":[],"vth_is_location_selector":false,"vth_location":false,"float_buttons":[],"image_warranty":[],"centers":[],"sliders":[],"post_type":false,"filters":[],"button_title":false,"vth_treatments_process":[],"reverse":false,"category":false,"post_to_center_to":[],"post_to_specialty_to":[],"post_to_medicalunit_to":[],"post_to_specialist_to":[]},"_links":{"self":[{"href":"https:\/\/vithas.es\/ca\/wp-json\/wp\/v2\/posts\/319702","targetHints":{"allow":["GET"]}}],"collection":[{"href":"https:\/\/vithas.es\/ca\/wp-json\/wp\/v2\/posts"}],"about":[{"href":"https:\/\/vithas.es\/ca\/wp-json\/wp\/v2\/types\/post"}],"author":[{"embeddable":true,"href":"https:\/\/vithas.es\/ca\/wp-json\/wp\/v2\/users\/35"}],"replies":[{"embeddable":true,"href":"https:\/\/vithas.es\/ca\/wp-json\/wp\/v2\/comments?post=319702"}],"version-history":[{"count":1,"href":"https:\/\/vithas.es\/ca\/wp-json\/wp\/v2\/posts\/319702\/revisions"}],"predecessor-version":[{"id":319707,"href":"https:\/\/vithas.es\/ca\/wp-json\/wp\/v2\/posts\/319702\/revisions\/319707"}],"wp:featuredmedia":[{"embeddable":true,"href":"https:\/\/vithas.es\/ca\/wp-json\/wp\/v2\/media\/319703"}],"wp:attachment":[{"href":"https:\/\/vithas.es\/ca\/wp-json\/wp\/v2\/media?parent=319702"}],"wp:term":[{"taxonomy":"category","embeddable":true,"href":"https:\/\/vithas.es\/ca\/wp-json\/wp\/v2\/categories?post=319702"},{"taxonomy":"post_tag","embeddable":true,"href":"https:\/\/vithas.es\/ca\/wp-json\/wp\/v2\/tags?post=319702"},{"taxonomy":"post_type_category","embeddable":true,"href":"https:\/\/vithas.es\/ca\/wp-json\/wp\/v2\/post_type_category?post=319702"}],"curies":[{"name":"wp","href":"https:\/\/api.w.org\/{rel}","templated":true}]}}