{"id":319714,"date":"2025-10-14T15:38:20","date_gmt":"2025-10-14T13:38:20","guid":{"rendered":"https:\/\/vithas.es\/?p=319714"},"modified":"2026-04-14T13:31:40","modified_gmt":"2026-04-14T11:31:40","slug":"la-presentacio-institucional-de-lhospital-vithas-barcelona-congrega-a-autoritats-publiques-empresarials-sanitaries-i-socials","status":"publish","type":"post","link":"https:\/\/vithas.es\/ca\/comunicacio\/actualitat\/la-presentacio-institucional-de-lhospital-vithas-barcelona-congrega-a-autoritats-publiques-empresarials-sanitaries-i-socials\/","title":{"rendered":"La presentaci\u00f3 institucional de l'Hospital Vithas Barcelona congrega a autoritats p\u00fabliques, empresarials, sanit\u00e0ries i socials"},"content":{"rendered":"\n<p>Vithas ha presentat aquest dijous el nou Hospital Vithas Barcelona, el primer de la companyia a la prov\u00edncia barcelonina, situat en el municipi d'Esplugues de Llobregat. L'acte institucional ha comptat amb la participaci\u00f3 del conseller d'Empresa i Treball, Miquel S\u00e0mper; el subdelegat del Govern d\u2019Espanya, Jos\u00e9 Cresp\u00edn; l'alcalde d'Esplugues de Llobregat, Eduard Sanz, aix\u00ed com el president de Vithas, Jorge Gallardo; el Dr. Pedro Rico, director general de la companyia, i Anna Guir\u00f3, directora de l'Hospital Vithas Barcelona.<\/p>\n\n\n\n<p>El nou centre,<strong> que obrir\u00e0 les seves portes als pacients en la segona quinzena d'octubre, <\/strong>t\u00e9 una superf\u00edcie de m\u00e9s de 39.000 metres quadrats i una completa cartera de serveis m\u00e8dicoquir\u00fargics. Situat en una de les zones amb major dinamisme de la prov\u00edncia, l'Hospital Vithas Barcelona ser\u00e0 el vint-i-dos\u00e8 hospital de la companyia en funcionament a Espanya i el cinqu\u00e8 equipament del grup a Catalunya.<\/p>\n\n\n\n<p>La presentaci\u00f3 ha congregat <strong>m\u00e9s de 200 convidats<\/strong> entre <strong>autoritats p\u00fabliques catalanes, barcelonines i comarcals<\/strong>, aix\u00ed com <strong>personalitats del teixit empresarial i de l'ecosistema sanitari catalans<\/strong>, els quals han pogut visitar diferents espais clau de l'hospital.<\/p>\n\n\n\n<p>Entre els assistents es trobaven representants d'institucions com Joan Basaga\u00f1as, alcalde de Sant&nbsp; Just Desvern; Paco Ramos, secretari de Treball de la Generalitat, o Pilar D\u00edaz, delegada de la Generalitat a Barcelona. Tamb\u00e9 s'ha comptat amb pres\u00e8ncia de l'ecosistema empresarial com Jos\u00e9 Creuheras, president del Grupo Planeta i Atresmedia; Josep S\u00e1nchez-Llibre, president de Foment del Treball, I Josep Santacreu, president de la Cambra de Comer\u00e7 de Barcelona; i representants d\u2019organismes com AECOC, i empreses com SEAT, Naturgy, Inditex o El Corte Ingl\u00e9s.<\/p>\n\n\n\n<p>De la mateixa manera, l'acte tamb\u00e9 ha comptat amb assistents en representaci\u00f3 del teixit sanitari catal\u00e0 com Ramon Cunillera, president de la Societat Catalana de Gesti\u00f3 Sanit\u00e0ria (SCGS); Llu\u00eds Monset, president de l\u2019Associaci\u00f3 Catalana d\u2019Entitats Sanit\u00e0ries (ACES); Maria Pueyo, directora de l\u2019\u00c0rea Assistencial i de Participaci\u00f3 de La Uni\u00f3; aix\u00ed com representants dels \u00f2rgans de govern dels col\u00b7legis de metges, infermers i farmac\u00e8utics de Barcelona i directius de 17 companyies asseguradores, entre altres organismes i entitats.<\/p>\n\n\n\n<p>Durant l'acte institucional, el <strong>conseller Miquel S\u00e0mper<\/strong> ha estat l'encarregat de presentar simb\u00f2licament l'hospital accionant un bot\u00f3 que ha descobert una placa virtual davant tots els assistents.<\/p>\n\n\n\n<p>En la seva intervenci\u00f3 en l'esdeveniment, S\u00e0mper ha ressaltat que \u201ccom a conseller d'Empresa i Treball estic doblement content perqu\u00e8 Vithas \u00e9s una empresa que genera treball. Dues necessitats imperioses perqu\u00e8 el teixit social funcioni correctament. Aquest \u00e9s un exemple clar de col\u00b7laboraci\u00f3 p\u00fablic-privada, en qu\u00e8 des de l'administraci\u00f3 podem col\u00b7laborar per al bon funcionament d'un projecte que genera riquesa, prosperitat i ocupaci\u00f3. Un projecte que, a m\u00e9s, arriba per a aportar valor al conjunt de la nostra sanitat\", ha afegit.<\/p>\n\n\n\n<p>Per part seva, l'<strong>alcalde, Eduard Sanz<\/strong>, ha celebrat la integraci\u00f3 de Vithas a la ciutat amb la finalitat de donar vida a l'entorn: \u201cEstem molt contents que Vithas hagi triat Esplugues perqu\u00e8 s'ha convertit en un ve\u00ed m\u00e9s de la ciutat. Som un municipi amb voluntat de creixement i, ara, incorporem a Vithas a aquest teixit empresarial i social. Un hospital amb visi\u00f3 de futur i que ve a col\u00b7laborar en l'ecosistema de medicina personalitzada, tecnologia i de tracte centrat en la persona\u201d.<\/p>\n\n\n\n<p>El <strong>subdelegat del Govern d'Espanya, Jos\u00e9 Cresp\u00edn<\/strong>, ha remarcat el valor de l'Hospital Vithas Barcelona: \u201cAvui vivim un moment molt especial per a la ciutat i per al conjunt del sistema sanitari catal\u00e0. Vithas s'ha consolidat amb un model d'atenci\u00f3 pioner que aposta per la recerca, la doc\u00e8ncia i la qualitat assistencial\u201d.<\/p>\n\n\n\n<p><strong>L\u00edders en atenci\u00f3 sanit\u00e0ria<\/strong><\/p>\n\n\n\n<p>L'hospital neix sota la missi\u00f3 de Vithas de cuidar la salut i el benestar de les persones aportant valor de manera sostenible i innovadora, amb vocaci\u00f3 de servei i ambici\u00f3 de millora permanent.<\/p>\n\n\n\n<p>El <strong>president de Vithas, Jorge Gallardo<\/strong>, ha ressaltat&nbsp; ha ressaltat que \u201cvolem participar en el desenvolupament de la medicina del futur per donar la millor resposta assistencial i humana. I assumim aquest repte amb humilitat, il\u00b7lusi\u00f3 i responsabilitat. Cada detall del nou Hospital Vithas Barcelona ha estat dissenyat per al benestar dels futurs pacients i fam\u00edlies. Un hospital que aportar\u00e0 coneixement, ocupaci\u00f3, aliances, proximitat i comprom\u00eds. Des de Vithas, estem m\u00e9s preparats que mai per a donar-vos la resposta que mereixeu per a cuidar de la vostra salut\u201d.<\/p>\n\n\n\n<p>\u201cConstruir un hospital com el que avui ens reuneix aqu\u00ed \u00e9s abans de res erigir un monument a l'esperan\u00e7a\u201d, ha apuntat el <strong>Dr. Pedro Rico, director general de Vithas<\/strong>. \u201cA m\u00e9s de la nostra principal missi\u00f3 -Vivim per cuidar-te- la posada en marxa de l'Hospital Vithas Barcelona genera moltes formes d'esperan\u00e7a. Tamb\u00e9 la de centenars de professionals que podran desenvolupar les seves carreres laborals i projectes personals, la de les empreses que augmentaran la seva activitat gr\u00e0cies a ser prove\u00efdores de l'hospital i les comunitats de l'entorn que es beneficiaran de tot aix\u00f2\u201d, ha afegit.<\/p>\n\n\n\n<p>Igual que la resta dels centres Vithas, l'hospital ha aplicat els estrictes est\u00e0ndards de qualitat assistencial i seguretat del pacient de la <strong>Joint Commission International<\/strong>, la certificaci\u00f3 d'excel\u00b7l\u00e8ncia sanit\u00e0ria m\u00e9s exigent a nivell internacional i que ja ha acreditat a Vithas com a companyia en la modalitat Enterprise.<\/p>\n\n\n\n<p>La <strong>directora de l\u2019Hospital Vithas Barcelona, Anna Guir\u00f3<\/strong>, ha ressaltat el cam\u00ed recorregut fins a la culminaci\u00f3 del projecte i la seva proposta de valor per a la societat: \u201cCreiem fermament que una atenci\u00f3 propera, humana i personal \u00e9s la base perqu\u00e8 la salut millori i es mantingui. \u00c9s aquesta empatia la que fa que cada persona i cada fam\u00edlia es senti en tot moment acompanyada, compresa i respectada, perqu\u00e8 la confian\u00e7a \u00e9s clau en qualsevol proc\u00e9s de cura. Aquest hospital no \u00e9s nom\u00e9s un centre gran, modern i eficient, fonamentat en valors com la innovaci\u00f3, sin\u00f3 un espai que cuida, transforma i inspira. Un projecte constru\u00eft sobre valors s\u00f2lids, pensat per donar resposta a les necessitats reals de les persones i preparat per evolucionar amb elles\u201d.<\/p>\n\n\n\n<p><strong>Un hospital emblem\u00e0tic i referent per a la sanitat catalana<\/strong><\/p>\n\n\n\n<p>L'Hospital VIthas Barcelona arriba amb l'ambici\u00f3 i l'objectiu de convertir-se en un referent en la sanitat catalana. El centre, amb m\u00e9s de 39.000 metres quadrats, compta amb<strong> 160 habitacions individuals<\/strong> (7 d'elles, suites), <strong>60 consultes d'especialitats<\/strong>, servei d'<strong>urg\u00e8ncies 24h<\/strong> amb circuits diferenciats per a pacients adults i pedi\u00e0trics i una cartera de serveis completa que inclou una destacada \u00e0rea maternoinfantil i un bloc quir\u00fargic amb <strong>14 quir\u00f2fans<\/strong>.<\/p>\n\n\n\n<p>Mitjan\u00e7ant la seva oferta assistencial integral, tecnologia diagn\u00f2stica d'\u00faltima generaci\u00f3 i un equip que arribar\u00e0 a comptar amb <strong>m\u00e9s de 1.800 professionals sanitaris i no sanitaris quan el centre assoleixi el seu ple rendiment<\/strong>, el nou hospital ofereix als pacients una atenci\u00f3 basada en la proximitat, l'experi\u00e8ncia pacient, i l'excel\u00b7l\u00e8ncia m\u00e8dica, investigadora i universit\u00e0ria.<\/p>\n\n\n\n<p>La construcci\u00f3 de l'Hospital Vithas Barcelona reflecteix el <strong>comprom\u00eds de Vithas amb Catalunya<\/strong>, un territori estrat\u00e8gic en els plans d'expansi\u00f3 de la companyia, i on l'empresa compta ja amb altres quatre equipaments: l'Hospital Vithas Lleida i els centres m\u00e8dics de T\u00e0rrega, Lleida i Garraf (Vilanova i la Geltr\u00fa).<\/p>\n\n\n\n<p><strong>Espais que curen i tecnologia d'\u00faltima generaci\u00f3<\/strong><\/p>\n\n\n\n<p>L'Hospital Vithas Barcelona oferir\u00e0 als pacients una atenci\u00f3 basada en el model d'atenci\u00f3 propi dels <strong>Instituts Vithas<\/strong> en especialitats com l'Oncologia, l'Oftalmologia, la Cardiologia i la Neuroci\u00e8ncies. Un model fonamentat en el treball en xarxa entre els especialistes de tots els centres del grup per a, aix\u00ed, garantir una atenci\u00f3 integral de m\u00e0xima qualitat als pacients. Un enfocament que, al seu torn, permet potenciar l'aposta del centre per la <strong>recerca <\/strong>i la <strong>doc\u00e8ncia<\/strong>, un binomi clau per al progr\u00e9s de les ci\u00e8ncies de la salut i la millora assistencial cont\u00ednua.<\/p>\n\n\n\n<p>De la mateixa manera, l'hospital s'ha constru\u00eft des de principis com l'<strong>accessibilitat universal<\/strong>, amb la finalitat de situar el pacient en el centre de tota l'activitat i garantir el seu benestar, aix\u00ed com el dels seus familiars.<\/p>\n\n\n\n<p>Tamb\u00e9 amb el prop\u00f2sit d'oferir la m\u00e0xima qualitat assistencial, l'Hospital Vithas Barcelona posa la tecnologia a la disposici\u00f3 del pacient amb <strong>sistemes diagn\u00f2stics, quir\u00fargics i terap\u00e8utics d'avantguarda<\/strong>, a m\u00e9s de ser un hospital nadiu digital gr\u00e0cies al projecte <strong>Vithas One<\/strong>, que permet optimitzar els processos de gesti\u00f3, sanitaris i l'experi\u00e8ncia del pacient al llarg del seu recorregut assistencial.<\/p>\n\n\n\n<p>Tot aix\u00f2, cuidant tamb\u00e9 de la salut del planeta, ja que, en l\u00ednia amb el comprom\u00eds mediambiental del grup Vithas, el nou <strong>hospital neix neutre en carboni en consum de gas i electricitat, entre altres mesures mediambientals.<\/strong><\/p>\n","protected":false},"excerpt":{"rendered":"<p>Vithas ha presentat aquest dijous el nou Hospital Vithas Barcelona, el primer de la companyia a la prov\u00edncia barcelonina, situat en el municipi d'Esplugues de Llobregat. L'acte institucional ha comptat amb la participaci\u00f3 del conseller d'Empresa i Treball, Miquel S\u00e0mper; el subdelegat del Govern d\u2019Espanya, Jos\u00e9 Cresp\u00edn; l'alcalde d'Esplugues de Llobregat, Eduard Sanz, aix\u00ed com [&hellip;]<\/p>\n","protected":false},"author":35,"featured_media":319715,"comment_status":"closed","ping_status":"open","sticky":false,"template":"","format":"standard","meta":{"footnotes":""},"categories":[2168],"tags":[],"post_type_category":[2553],"class_list":["post-319714","post","type-post","status-publish","format-standard","has-post-thumbnail","hentry"],"yoast_head":"<!-- This site is optimized with the Yoast SEO Premium plugin v27.3 (Yoast SEO v27.3) - https:\/\/yoast.com\/product\/yoast-seo-premium-wordpress\/ -->\n<title>La presentaci\u00f3 institucional de l&#039;Hospital Vithas Barcelona congrega a autoritats p\u00fabliques, empresarials, sanit\u00e0ries i socials - Vithas<\/title>\n<meta name=\"robots\" content=\"index, follow, max-snippet:-1, max-image-preview:large, max-video-preview:-1\" \/>\n<link rel=\"canonical\" href=\"https:\/\/vithas.es\/ca\/comunicacio\/actualitat\/la-presentacio-institucional-de-lhospital-vithas-barcelona-congrega-a-autoritats-publiques-empresarials-sanitaries-i-socials\/\" \/>\n<meta property=\"og:locale\" content=\"ca_ES\" \/>\n<meta property=\"og:type\" content=\"article\" \/>\n<meta property=\"og:title\" content=\"La presentaci\u00f3 institucional de l&#039;Hospital Vithas Barcelona congrega a autoritats p\u00fabliques, empresarials, sanit\u00e0ries i socials - Vithas\" \/>\n<meta property=\"og:description\" content=\"Vithas ha presentat aquest dijous el nou Hospital Vithas Barcelona, el primer de la companyia a la prov\u00edncia barcelonina, situat en el municipi d&#039;Esplugues de Llobregat. L&#039;acte institucional ha comptat amb la participaci\u00f3 del conseller d&#039;Empresa i Treball, Miquel S\u00e0mper; el subdelegat del Govern d\u2019Espanya, Jos\u00e9 Cresp\u00edn; l&#039;alcalde d&#039;Esplugues de Llobregat, Eduard Sanz, aix\u00ed com [&hellip;]\" \/>\n<meta property=\"og:url\" content=\"https:\/\/vithas.es\/ca\/comunicacio\/actualitat\/la-presentacio-institucional-de-lhospital-vithas-barcelona-congrega-a-autoritats-publiques-empresarials-sanitaries-i-socials\/\" \/>\n<meta property=\"og:site_name\" content=\"Vithas\" \/>\n<meta property=\"article:publisher\" content=\"https:\/\/es-es.facebook.com\/HospitalesVithas\/\" \/>\n<meta property=\"article:published_time\" content=\"2025-10-14T13:38:20+00:00\" \/>\n<meta property=\"article:modified_time\" content=\"2026-04-14T11:31:40+00:00\" \/>\n<meta property=\"og:image\" content=\"https:\/\/vithas.es\/wp-content\/uploads\/2025\/10\/Presentacion-institucional-Hospital-Vithas-Barcelona-1024x683.jpg\" \/>\n\t<meta property=\"og:image:width\" content=\"1024\" \/>\n\t<meta property=\"og:image:height\" content=\"683\" \/>\n\t<meta property=\"og:image:type\" content=\"image\/jpeg\" \/>\n<meta name=\"author\" content=\"Duomo\" \/>\n<meta name=\"twitter:card\" content=\"summary_large_image\" \/>\n<meta name=\"twitter:creator\" content=\"@Vithas\" \/>\n<meta name=\"twitter:site\" content=\"@Vithas\" \/>\n<meta name=\"twitter:label1\" content=\"Written by\" \/>\n\t<meta name=\"twitter:data1\" content=\"Duomo\" \/>\n\t<meta name=\"twitter:label2\" content=\"Est. reading time\" \/>\n\t<meta name=\"twitter:data2\" content=\"7 minutes\" \/>\n<script type=\"application\/ld+json\" class=\"yoast-schema-graph\">{\"@context\":\"https:\\\/\\\/schema.org\",\"@graph\":[{\"@type\":\"Article\",\"@id\":\"https:\\\/\\\/vithas.es\\\/ca\\\/comunicacio\\\/actualitat\\\/la-presentacio-institucional-de-lhospital-vithas-barcelona-congrega-a-autoritats-publiques-empresarials-sanitaries-i-socials\\\/#article\",\"isPartOf\":{\"@id\":\"https:\\\/\\\/vithas.es\\\/ca\\\/comunicacio\\\/actualitat\\\/la-presentacio-institucional-de-lhospital-vithas-barcelona-congrega-a-autoritats-publiques-empresarials-sanitaries-i-socials\\\/\"},\"author\":{\"name\":\"Duomo\",\"@id\":\"https:\\\/\\\/vithas.es\\\/#\\\/schema\\\/person\\\/23aa266fbb4c5a64b2467c4625c7998c\"},\"headline\":\"La presentaci\u00f3 institucional de l'Hospital Vithas Barcelona congrega a autoritats p\u00fabliques, empresarials, sanit\u00e0ries i socials\",\"datePublished\":\"2025-10-14T13:38:20+00:00\",\"dateModified\":\"2026-04-14T11:31:40+00:00\",\"mainEntityOfPage\":{\"@id\":\"https:\\\/\\\/vithas.es\\\/ca\\\/comunicacio\\\/actualitat\\\/la-presentacio-institucional-de-lhospital-vithas-barcelona-congrega-a-autoritats-publiques-empresarials-sanitaries-i-socials\\\/\"},\"wordCount\":1552,\"publisher\":{\"@id\":\"https:\\\/\\\/vithas.es\\\/#organization\"},\"image\":{\"@id\":\"https:\\\/\\\/vithas.es\\\/ca\\\/comunicacio\\\/actualitat\\\/la-presentacio-institucional-de-lhospital-vithas-barcelona-congrega-a-autoritats-publiques-empresarials-sanitaries-i-socials\\\/#primaryimage\"},\"thumbnailUrl\":\"https:\\\/\\\/vithas.es\\\/wp-content\\\/uploads\\\/2025\\\/10\\\/Presentacion-institucional-Hospital-Vithas-Barcelona.jpg\",\"articleSection\":[\"Hospital Barcelona\"],\"inLanguage\":\"ca\"},{\"@type\":\"WebPage\",\"@id\":\"https:\\\/\\\/vithas.es\\\/ca\\\/comunicacio\\\/actualitat\\\/la-presentacio-institucional-de-lhospital-vithas-barcelona-congrega-a-autoritats-publiques-empresarials-sanitaries-i-socials\\\/\",\"url\":\"https:\\\/\\\/vithas.es\\\/ca\\\/comunicacio\\\/actualitat\\\/la-presentacio-institucional-de-lhospital-vithas-barcelona-congrega-a-autoritats-publiques-empresarials-sanitaries-i-socials\\\/\",\"name\":\"La presentaci\u00f3 institucional de l'Hospital Vithas Barcelona congrega a autoritats p\u00fabliques, empresarials, sanit\u00e0ries i socials - Vithas\",\"isPartOf\":{\"@id\":\"https:\\\/\\\/vithas.es\\\/#website\"},\"primaryImageOfPage\":{\"@id\":\"https:\\\/\\\/vithas.es\\\/ca\\\/comunicacio\\\/actualitat\\\/la-presentacio-institucional-de-lhospital-vithas-barcelona-congrega-a-autoritats-publiques-empresarials-sanitaries-i-socials\\\/#primaryimage\"},\"image\":{\"@id\":\"https:\\\/\\\/vithas.es\\\/ca\\\/comunicacio\\\/actualitat\\\/la-presentacio-institucional-de-lhospital-vithas-barcelona-congrega-a-autoritats-publiques-empresarials-sanitaries-i-socials\\\/#primaryimage\"},\"thumbnailUrl\":\"https:\\\/\\\/vithas.es\\\/wp-content\\\/uploads\\\/2025\\\/10\\\/Presentacion-institucional-Hospital-Vithas-Barcelona.jpg\",\"datePublished\":\"2025-10-14T13:38:20+00:00\",\"dateModified\":\"2026-04-14T11:31:40+00:00\",\"breadcrumb\":{\"@id\":\"https:\\\/\\\/vithas.es\\\/ca\\\/comunicacio\\\/actualitat\\\/la-presentacio-institucional-de-lhospital-vithas-barcelona-congrega-a-autoritats-publiques-empresarials-sanitaries-i-socials\\\/#breadcrumb\"},\"inLanguage\":\"ca\",\"potentialAction\":[{\"@type\":\"ReadAction\",\"target\":[\"https:\\\/\\\/vithas.es\\\/ca\\\/comunicacio\\\/actualitat\\\/la-presentacio-institucional-de-lhospital-vithas-barcelona-congrega-a-autoritats-publiques-empresarials-sanitaries-i-socials\\\/\"]}]},{\"@type\":\"ImageObject\",\"inLanguage\":\"ca\",\"@id\":\"https:\\\/\\\/vithas.es\\\/ca\\\/comunicacio\\\/actualitat\\\/la-presentacio-institucional-de-lhospital-vithas-barcelona-congrega-a-autoritats-publiques-empresarials-sanitaries-i-socials\\\/#primaryimage\",\"url\":\"https:\\\/\\\/vithas.es\\\/wp-content\\\/uploads\\\/2025\\\/10\\\/Presentacion-institucional-Hospital-Vithas-Barcelona.jpg\",\"contentUrl\":\"https:\\\/\\\/vithas.es\\\/wp-content\\\/uploads\\\/2025\\\/10\\\/Presentacion-institucional-Hospital-Vithas-Barcelona.jpg\",\"width\":4800,\"height\":3200},{\"@type\":\"BreadcrumbList\",\"@id\":\"https:\\\/\\\/vithas.es\\\/ca\\\/comunicacio\\\/actualitat\\\/la-presentacio-institucional-de-lhospital-vithas-barcelona-congrega-a-autoritats-publiques-empresarials-sanitaries-i-socials\\\/#breadcrumb\",\"itemListElement\":[{\"@type\":\"ListItem\",\"position\":1,\"name\":\"Hospitales Vithas\",\"item\":\"https:\\\/\\\/vithas.es\\\/ca\\\/\"},{\"@type\":\"ListItem\",\"position\":2,\"name\":\"La presentaci\u00f3 institucional de l'Hospital Vithas Barcelona congrega a autoritats p\u00fabliques, empresarials, sanit\u00e0ries i socials\"}]},{\"@type\":\"WebSite\",\"@id\":\"https:\\\/\\\/vithas.es\\\/#website\",\"url\":\"https:\\\/\\\/vithas.es\\\/\",\"name\":\"Vithas\",\"description\":\"Vivir para cuidarte\",\"publisher\":{\"@id\":\"https:\\\/\\\/vithas.es\\\/#organization\"},\"potentialAction\":[{\"@type\":\"SearchAction\",\"target\":{\"@type\":\"EntryPoint\",\"urlTemplate\":\"https:\\\/\\\/vithas.es\\\/?s={search_term_string}\"},\"query-input\":{\"@type\":\"PropertyValueSpecification\",\"valueRequired\":true,\"valueName\":\"search_term_string\"}}],\"inLanguage\":\"ca\"},{\"@type\":\"Organization\",\"@id\":\"https:\\\/\\\/vithas.es\\\/#organization\",\"name\":\"Vithas\",\"url\":\"https:\\\/\\\/vithas.es\\\/\",\"logo\":{\"@type\":\"ImageObject\",\"inLanguage\":\"ca\",\"@id\":\"https:\\\/\\\/vithas.es\\\/#\\\/schema\\\/logo\\\/image\\\/\",\"url\":\"https:\\\/\\\/vithas.es\\\/wp-content\\\/uploads\\\/2021\\\/07\\\/vithas-beat-horizontal.svg\",\"contentUrl\":\"https:\\\/\\\/vithas.es\\\/wp-content\\\/uploads\\\/2021\\\/07\\\/vithas-beat-horizontal.svg\",\"width\":406,\"height\":84,\"caption\":\"Vithas\"},\"image\":{\"@id\":\"https:\\\/\\\/vithas.es\\\/#\\\/schema\\\/logo\\\/image\\\/\"},\"sameAs\":[\"https:\\\/\\\/es-es.facebook.com\\\/HospitalesVithas\\\/\",\"https:\\\/\\\/x.com\\\/Vithas\",\"https:\\\/\\\/www.instagram.com\\\/vithas_hospitales\\\/\",\"https:\\\/\\\/www.linkedin.com\\\/company\\\/vithas-hospital\\\/\",\"https:\\\/\\\/www.youtube.com\\\/channel\\\/UC4Dc3WWg5HzldDibyzFpw2Q\"]},{\"@type\":\"Person\",\"@id\":\"https:\\\/\\\/vithas.es\\\/#\\\/schema\\\/person\\\/23aa266fbb4c5a64b2467c4625c7998c\",\"name\":\"Duomo\",\"image\":{\"@type\":\"ImageObject\",\"inLanguage\":\"ca\",\"@id\":\"https:\\\/\\\/secure.gravatar.com\\\/avatar\\\/e7e5837db7fd56beda79ddb09cb23bb04869855c97530a9112d80cf63e0e253c?s=96&d=mm&r=g\",\"url\":\"https:\\\/\\\/secure.gravatar.com\\\/avatar\\\/e7e5837db7fd56beda79ddb09cb23bb04869855c97530a9112d80cf63e0e253c?s=96&d=mm&r=g\",\"contentUrl\":\"https:\\\/\\\/secure.gravatar.com\\\/avatar\\\/e7e5837db7fd56beda79ddb09cb23bb04869855c97530a9112d80cf63e0e253c?s=96&d=mm&r=g\",\"caption\":\"Duomo\"},\"url\":\"https:\\\/\\\/vithas.es\\\/ca\\\/author\\\/mramiladuomocomunicacion-com\\\/\"}]}<\/script>\n<!-- \/ Yoast SEO Premium plugin. -->","yoast_head_json":{"title":"La presentaci\u00f3 institucional de l'Hospital Vithas Barcelona congrega a autoritats p\u00fabliques, empresarials, sanit\u00e0ries i socials - Vithas","robots":{"index":"index","follow":"follow","max-snippet":"max-snippet:-1","max-image-preview":"max-image-preview:large","max-video-preview":"max-video-preview:-1"},"canonical":"https:\/\/vithas.es\/ca\/comunicacio\/actualitat\/la-presentacio-institucional-de-lhospital-vithas-barcelona-congrega-a-autoritats-publiques-empresarials-sanitaries-i-socials\/","og_locale":"ca_ES","og_type":"article","og_title":"La presentaci\u00f3 institucional de l'Hospital Vithas Barcelona congrega a autoritats p\u00fabliques, empresarials, sanit\u00e0ries i socials - Vithas","og_description":"Vithas ha presentat aquest dijous el nou Hospital Vithas Barcelona, el primer de la companyia a la prov\u00edncia barcelonina, situat en el municipi d'Esplugues de Llobregat. L'acte institucional ha comptat amb la participaci\u00f3 del conseller d'Empresa i Treball, Miquel S\u00e0mper; el subdelegat del Govern d\u2019Espanya, Jos\u00e9 Cresp\u00edn; l'alcalde d'Esplugues de Llobregat, Eduard Sanz, aix\u00ed com [&hellip;]","og_url":"https:\/\/vithas.es\/ca\/comunicacio\/actualitat\/la-presentacio-institucional-de-lhospital-vithas-barcelona-congrega-a-autoritats-publiques-empresarials-sanitaries-i-socials\/","og_site_name":"Vithas","article_publisher":"https:\/\/es-es.facebook.com\/HospitalesVithas\/","article_published_time":"2025-10-14T13:38:20+00:00","article_modified_time":"2026-04-14T11:31:40+00:00","og_image":[{"width":1024,"height":683,"url":"https:\/\/vithas.es\/wp-content\/uploads\/2025\/10\/Presentacion-institucional-Hospital-Vithas-Barcelona-1024x683.jpg","type":"image\/jpeg"}],"author":"Duomo","twitter_card":"summary_large_image","twitter_creator":"@Vithas","twitter_site":"@Vithas","twitter_misc":{"Written by":"Duomo","Est. reading time":"7 minutes"},"schema":{"@context":"https:\/\/schema.org","@graph":[{"@type":"Article","@id":"https:\/\/vithas.es\/ca\/comunicacio\/actualitat\/la-presentacio-institucional-de-lhospital-vithas-barcelona-congrega-a-autoritats-publiques-empresarials-sanitaries-i-socials\/#article","isPartOf":{"@id":"https:\/\/vithas.es\/ca\/comunicacio\/actualitat\/la-presentacio-institucional-de-lhospital-vithas-barcelona-congrega-a-autoritats-publiques-empresarials-sanitaries-i-socials\/"},"author":{"name":"Duomo","@id":"https:\/\/vithas.es\/#\/schema\/person\/23aa266fbb4c5a64b2467c4625c7998c"},"headline":"La presentaci\u00f3 institucional de l'Hospital Vithas Barcelona congrega a autoritats p\u00fabliques, empresarials, sanit\u00e0ries i socials","datePublished":"2025-10-14T13:38:20+00:00","dateModified":"2026-04-14T11:31:40+00:00","mainEntityOfPage":{"@id":"https:\/\/vithas.es\/ca\/comunicacio\/actualitat\/la-presentacio-institucional-de-lhospital-vithas-barcelona-congrega-a-autoritats-publiques-empresarials-sanitaries-i-socials\/"},"wordCount":1552,"publisher":{"@id":"https:\/\/vithas.es\/#organization"},"image":{"@id":"https:\/\/vithas.es\/ca\/comunicacio\/actualitat\/la-presentacio-institucional-de-lhospital-vithas-barcelona-congrega-a-autoritats-publiques-empresarials-sanitaries-i-socials\/#primaryimage"},"thumbnailUrl":"https:\/\/vithas.es\/wp-content\/uploads\/2025\/10\/Presentacion-institucional-Hospital-Vithas-Barcelona.jpg","articleSection":["Hospital Barcelona"],"inLanguage":"ca"},{"@type":"WebPage","@id":"https:\/\/vithas.es\/ca\/comunicacio\/actualitat\/la-presentacio-institucional-de-lhospital-vithas-barcelona-congrega-a-autoritats-publiques-empresarials-sanitaries-i-socials\/","url":"https:\/\/vithas.es\/ca\/comunicacio\/actualitat\/la-presentacio-institucional-de-lhospital-vithas-barcelona-congrega-a-autoritats-publiques-empresarials-sanitaries-i-socials\/","name":"La presentaci\u00f3 institucional de l'Hospital Vithas Barcelona congrega a autoritats p\u00fabliques, empresarials, sanit\u00e0ries i socials - Vithas","isPartOf":{"@id":"https:\/\/vithas.es\/#website"},"primaryImageOfPage":{"@id":"https:\/\/vithas.es\/ca\/comunicacio\/actualitat\/la-presentacio-institucional-de-lhospital-vithas-barcelona-congrega-a-autoritats-publiques-empresarials-sanitaries-i-socials\/#primaryimage"},"image":{"@id":"https:\/\/vithas.es\/ca\/comunicacio\/actualitat\/la-presentacio-institucional-de-lhospital-vithas-barcelona-congrega-a-autoritats-publiques-empresarials-sanitaries-i-socials\/#primaryimage"},"thumbnailUrl":"https:\/\/vithas.es\/wp-content\/uploads\/2025\/10\/Presentacion-institucional-Hospital-Vithas-Barcelona.jpg","datePublished":"2025-10-14T13:38:20+00:00","dateModified":"2026-04-14T11:31:40+00:00","breadcrumb":{"@id":"https:\/\/vithas.es\/ca\/comunicacio\/actualitat\/la-presentacio-institucional-de-lhospital-vithas-barcelona-congrega-a-autoritats-publiques-empresarials-sanitaries-i-socials\/#breadcrumb"},"inLanguage":"ca","potentialAction":[{"@type":"ReadAction","target":["https:\/\/vithas.es\/ca\/comunicacio\/actualitat\/la-presentacio-institucional-de-lhospital-vithas-barcelona-congrega-a-autoritats-publiques-empresarials-sanitaries-i-socials\/"]}]},{"@type":"ImageObject","inLanguage":"ca","@id":"https:\/\/vithas.es\/ca\/comunicacio\/actualitat\/la-presentacio-institucional-de-lhospital-vithas-barcelona-congrega-a-autoritats-publiques-empresarials-sanitaries-i-socials\/#primaryimage","url":"https:\/\/vithas.es\/wp-content\/uploads\/2025\/10\/Presentacion-institucional-Hospital-Vithas-Barcelona.jpg","contentUrl":"https:\/\/vithas.es\/wp-content\/uploads\/2025\/10\/Presentacion-institucional-Hospital-Vithas-Barcelona.jpg","width":4800,"height":3200},{"@type":"BreadcrumbList","@id":"https:\/\/vithas.es\/ca\/comunicacio\/actualitat\/la-presentacio-institucional-de-lhospital-vithas-barcelona-congrega-a-autoritats-publiques-empresarials-sanitaries-i-socials\/#breadcrumb","itemListElement":[{"@type":"ListItem","position":1,"name":"Hospitales Vithas","item":"https:\/\/vithas.es\/ca\/"},{"@type":"ListItem","position":2,"name":"La presentaci\u00f3 institucional de l'Hospital Vithas Barcelona congrega a autoritats p\u00fabliques, empresarials, sanit\u00e0ries i socials"}]},{"@type":"WebSite","@id":"https:\/\/vithas.es\/#website","url":"https:\/\/vithas.es\/","name":"Vithas","description":"Vivir para cuidarte","publisher":{"@id":"https:\/\/vithas.es\/#organization"},"potentialAction":[{"@type":"SearchAction","target":{"@type":"EntryPoint","urlTemplate":"https:\/\/vithas.es\/?s={search_term_string}"},"query-input":{"@type":"PropertyValueSpecification","valueRequired":true,"valueName":"search_term_string"}}],"inLanguage":"ca"},{"@type":"Organization","@id":"https:\/\/vithas.es\/#organization","name":"Vithas","url":"https:\/\/vithas.es\/","logo":{"@type":"ImageObject","inLanguage":"ca","@id":"https:\/\/vithas.es\/#\/schema\/logo\/image\/","url":"https:\/\/vithas.es\/wp-content\/uploads\/2021\/07\/vithas-beat-horizontal.svg","contentUrl":"https:\/\/vithas.es\/wp-content\/uploads\/2021\/07\/vithas-beat-horizontal.svg","width":406,"height":84,"caption":"Vithas"},"image":{"@id":"https:\/\/vithas.es\/#\/schema\/logo\/image\/"},"sameAs":["https:\/\/es-es.facebook.com\/HospitalesVithas\/","https:\/\/x.com\/Vithas","https:\/\/www.instagram.com\/vithas_hospitales\/","https:\/\/www.linkedin.com\/company\/vithas-hospital\/","https:\/\/www.youtube.com\/channel\/UC4Dc3WWg5HzldDibyzFpw2Q"]},{"@type":"Person","@id":"https:\/\/vithas.es\/#\/schema\/person\/23aa266fbb4c5a64b2467c4625c7998c","name":"Duomo","image":{"@type":"ImageObject","inLanguage":"ca","@id":"https:\/\/secure.gravatar.com\/avatar\/e7e5837db7fd56beda79ddb09cb23bb04869855c97530a9112d80cf63e0e253c?s=96&d=mm&r=g","url":"https:\/\/secure.gravatar.com\/avatar\/e7e5837db7fd56beda79ddb09cb23bb04869855c97530a9112d80cf63e0e253c?s=96&d=mm&r=g","contentUrl":"https:\/\/secure.gravatar.com\/avatar\/e7e5837db7fd56beda79ddb09cb23bb04869855c97530a9112d80cf63e0e253c?s=96&d=mm&r=g","caption":"Duomo"},"url":"https:\/\/vithas.es\/ca\/author\/mramiladuomocomunicacion-com\/"}]}},"meta_box":{"vth_type_news":{"term_id":2553,"name":"Actualitat","slug":"actualitat","term_group":0,"term_taxonomy_id":2553,"taxonomy":"post_type_category","description":"","parent":0,"count":21,"filter":"raw"},"vth_opening_paragraph":"<ul>\r\n<li><strong>Vithas ha celebrat la presentaci\u00f3 institucional del seu nou centre hospitalari a Esplugues de Llobregat en un acte institucional amb la participaci\u00f3 del conseller d\u2019Empresa i Treball Miquel S\u00e0mper, el subdelegat del Govern d\u2019Espanya, Jos\u00e9 Cresp\u00edn, i l'alcalde Eduard Sanz.<\/strong><\/li>\r\n<li><strong>El nou centre obrir\u00e0 les seves portes als pacients durant la segona quinzena d'octubre i ser\u00e0 el vint-i-dos\u00e8 hospital del grup sanitari a Espanya i el cinqu\u00e8 equipament de la companyia a Catalunya.<\/strong><\/li>\r\n<li><strong>Amb m\u00e9s de 39.000 metres quadrats, el nou Hospital Vithas Barcelona compta amb 160 habitacions individuals, 60 consultes d'especialitats, servei d'urg\u00e8ncies 24h, una completa cartera de serveis i un bloc quir\u00fargic amb 14 quir\u00f2fans.<\/strong><\/li>\r\n<\/ul>","vth_image_description":"","vth_boiler_plate":"<p><strong><em>Sobre Vithas<\/em><\/strong> El grup Vithas est\u00e0 integrat per 21 hospitals i 39 centres m\u00e8dics i assistencials repartits en 14 prov\u00edncies. Els 12.600 professionals que formen part de Vithas l\u2019han convertit en un dels l\u00edders de la sanitat espanyola. A m\u00e9s, el grup integra la Fundaci\u00f3n Vithas, Vithas Red Diagn\u00f3stica i la central de compres PlazaSalud. \u00a0 Vithas, amb el suport del grup Goodgrower, fonamenta la seva estrat\u00e8gia corporativa en la qualitat assistencial acreditada, l\u2019experi\u00e8ncia del pacient, la recerca i la innovaci\u00f3, aix\u00ed com en el comprom\u00eds social i mediambiental. \u00a0 <a href=\"http:\/\/www.vithas.es\">Vithas.es<\/a> <a href=\"blank\">Goodgrower.com<\/a> Segueix-nos a: <a href=\"https:\/\/es.linkedin.com\/company\/vithas-hospital\">LinkedIn<\/a> <a href=\"https:\/\/www.instagram.com\/vithas_hospitales\/?hl=es\">Instagram<\/a> <a href=\"https:\/\/www.facebook.com\/HospitalesVithas\">Facebook<\/a> <a href=\"https:\/\/twitter.com\/Vithas\">X<\/a> <a href=\"https:\/\/www.youtube.com\/Vithashospital\">Youtube<\/a><\/p>","vth_author":"","vth_type":"","vth_video":"","vth_kentico_id":"","vth_is_all_center_selected":"0","vth_is_corporate":"1","type":false,"image":false,"video":false,"imageVideo":false,"title":false,"cta":[],"cards":[],"card":[],"tabElement":[],"feature":[],"description":false,"imageBanner":false,"benefits":[],"asesor":[],"column_left":[],"column_right":[],"textMap":false,"banner":[],"boxes":[],"videoURL":false,"textInfo":false,"id":false,"background":false,"values":[],"placeholderIndex1":false,"placeholderIndex2":false,"placeholderIndex3":false,"textButton":false,"textNoResults":false,"textSearchError":false,"script":false,"linkAll":false,"placeHolderCenter":false,"title_menu":false,"placeholderCenter":false,"placeholderSpecialty":false,"placeholderDate":false,"titleLeft":false,"phone":false,"mail":false,"titleRight":false,"placeholder":false,"datePicker":false,"postType":false,"background_cards":false,"background_cards_description":false,"accordion":[],"videoType":false,"isAutoPlay":false,"transitionImage":false,"speedImage":false,"hasText":false,"hasCardBorder":false,"cardBorderWidth":false,"cardColorBorder":false,"text":false,"colorTextBackground":false,"verticalPlacementWeb":false,"horizontalPlacementWeb":false,"paddingTopText":false,"paddingBottomText":false,"paddingLeftText":false,"paddingRightText":false,"cardWidthWeb":false,"hasAppButton":false,"hasButton":false,"link":false,"newTarget":false,"colorButtonDefault":false,"colorButtonDefaultBackground":false,"colorButtonDefaultBorder":false,"colorButtonHover":false,"colorButtonHoverBackground":false,"colorButtonHoverBorder":false,"buttonBorderWidth":false,"buttonBorderMarginTop":false,"buttonBorderMarginBottom":false,"buttonBorderMarginLeft":false,"buttonBorderMarginRight":false,"showTextInMobile":false,"cardWidthMobile":false,"verticalPlacementMobile":false,"horizontalPlacementMobile":false,"showButtonInMobile":false,"images":[],"name":false,"surname":false,"email":false,"areas":[],"button":false,"description_conditions":false,"title_policy":false,"description_policy":false,"company":false,"location":false,"interest":[],"background_block":false,"columns":false,"type_block":false,"level_title":false,"check_type":false,"subtitle":false,"class_style":false,"background_card":false,"is_form":false,"background_form":false,"form_title":false,"short_code":false,"color_background":false,"color_title":false,"color_text":false,"cards_size":false,"wrapper":false,"my_address":false,"map":false,"links":[],"vth_is_location_selector":false,"vth_location":false,"float_buttons":[],"image_warranty":[],"centers":[],"sliders":[],"post_type":false,"filters":[],"button_title":false,"vth_treatments_process":[],"reverse":false,"category":false,"post_to_center_to":[],"post_to_specialty_to":[],"post_to_medicalunit_to":[],"post_to_specialist_to":[]},"_links":{"self":[{"href":"https:\/\/vithas.es\/ca\/wp-json\/wp\/v2\/posts\/319714","targetHints":{"allow":["GET"]}}],"collection":[{"href":"https:\/\/vithas.es\/ca\/wp-json\/wp\/v2\/posts"}],"about":[{"href":"https:\/\/vithas.es\/ca\/wp-json\/wp\/v2\/types\/post"}],"author":[{"embeddable":true,"href":"https:\/\/vithas.es\/ca\/wp-json\/wp\/v2\/users\/35"}],"replies":[{"embeddable":true,"href":"https:\/\/vithas.es\/ca\/wp-json\/wp\/v2\/comments?post=319714"}],"version-history":[{"count":1,"href":"https:\/\/vithas.es\/ca\/wp-json\/wp\/v2\/posts\/319714\/revisions"}],"predecessor-version":[{"id":319719,"href":"https:\/\/vithas.es\/ca\/wp-json\/wp\/v2\/posts\/319714\/revisions\/319719"}],"wp:featuredmedia":[{"embeddable":true,"href":"https:\/\/vithas.es\/ca\/wp-json\/wp\/v2\/media\/319715"}],"wp:attachment":[{"href":"https:\/\/vithas.es\/ca\/wp-json\/wp\/v2\/media?parent=319714"}],"wp:term":[{"taxonomy":"category","embeddable":true,"href":"https:\/\/vithas.es\/ca\/wp-json\/wp\/v2\/categories?post=319714"},{"taxonomy":"post_tag","embeddable":true,"href":"https:\/\/vithas.es\/ca\/wp-json\/wp\/v2\/tags?post=319714"},{"taxonomy":"post_type_category","embeddable":true,"href":"https:\/\/vithas.es\/ca\/wp-json\/wp\/v2\/post_type_category?post=319714"}],"curies":[{"name":"wp","href":"https:\/\/api.w.org\/{rel}","templated":true}]}}