{"id":319720,"date":"2025-10-14T15:39:41","date_gmt":"2025-10-14T13:39:41","guid":{"rendered":"https:\/\/vithas.es\/?p=319720"},"modified":"2026-04-14T13:31:31","modified_gmt":"2026-04-14T11:31:31","slug":"autoritats-i-empreses-de-barcelona-i-catalunya-visiten-les-obres-del-futur-hospital-vithas-a-esplugues-de-llobregat","status":"publish","type":"post","link":"https:\/\/vithas.es\/ca\/comunicacio\/actualitat\/autoritats-i-empreses-de-barcelona-i-catalunya-visiten-les-obres-del-futur-hospital-vithas-a-esplugues-de-llobregat\/","title":{"rendered":"Autoritats i empreses de Barcelona i Catalunya visiten les obres del futur Hospital Vithas a Esplugues de Llobregat"},"content":{"rendered":"\n<p>. L'Hospital Vithas Barcelona s'acosta cada vegada m\u00e9s a la seva obertura, prevista a mitjan 2025. Amb l'aven\u00e7 de la seva construcci\u00f3, una vintena d'autoritats i representants del teixit empresarial del Baix Llobregat, Barcelona i Catalunya han acudit a una visita institucional a les obres de l'hospital en la zona de Montesa, a Esplugues de Llobregat. La visita ha estat encap\u00e7alada per l'<strong>alcaldessa d'Esplugues de Llobregat, Pilar D\u00edaz<\/strong>, i el <strong>president i el director general de Vithas, Jorge Gallardo i Dr. Pedro Rico<\/strong>, respectivament.<\/p>\n\n\n\n<p>Entre les autoritats, tamb\u00e9 han assistit <strong>Eduard Sanz<\/strong>, primer tinent d'Alcaldia d'Esplugues, i <strong>Montserrat Zamora<\/strong>, segona tinent d'Alcaldia del municipi. Tamb\u00e9 han acudit <strong>autoritats de les localitats ve\u00efnes<\/strong>, com Antonio Mart\u00ednez Flor, primer tinent d'Alcaldia de Pol\u00edtica Territorial i Habitatge de <strong>Cornell\u00e0 de Llobregat<\/strong>, i Francesc Vives, tinent d'Alcaldia de Sanitat a <strong>Sant Joan Desp\u00ed.<\/strong><\/p>\n\n\n\n<p>A la visita institucional tamb\u00e9 han participat representants del teixit empresarial catal\u00e0, com el president de la <strong>Associaci\u00f3 Empresarial del Baix Llobregat (AEBALL), <\/strong>Santiago Ballest\u00e9; el president de la <strong>Associaci\u00f3 Empresarial Esplugues Innova<\/strong>, Sergio S\u00e1nchez-Osorio, aix\u00ed com directius de grans empreses com <strong>El Corte Ingl\u00e9s<\/strong>.<\/p>\n\n\n\n<p><strong>Un projecte emblem\u00e0tic per a Esplugues, Barcelona i Catalunya<\/strong><\/p>\n\n\n\n<p>En el marc de la visita, l'<strong>alcaldessa d'Esplugues de Llobregat, Pilar D\u00edaz<\/strong>, ha subratllat que \u201cl'arribada del nou Hospital Vithas \u00e9s una excel\u00b7lent not\u00edcia perqu\u00e8 ve a refor\u00e7ar el districte d'innovaci\u00f3 d'Esplugues en l'\u00e0mbit del Biocl\u00faster d'Innovaci\u00f3 i Salut, i s'uneix a l'ecosistema d'economia del coneixement que estem desenvolupant a la ciutat\u201d.<\/p>\n\n\n\n<p>A la seva intervenci\u00f3 durant la jornada, el <strong>director general de Vithas, Dr. Pedro Rico<\/strong>, ha destacat que l'Hospital Vithas Barcelona representa \u201cel projecte m\u00e9s emblem\u00e0tic\u201d de la companyia en els seus 12 anys d'hist\u00f2ria. \u201cSent Vithas una companyia d'\u00e0mbit nacional, amb 20 hospitals i 38 centres m\u00e8dics i assistencials en les principals ciutats de 14 prov\u00edncies, sempre explorem la idea de dotar la prov\u00edncia de Barcelona d'un gran hospital. Aquest moment per fi ha arribat\u201d, ha remarcat.<\/p>\n\n\n\n<p><strong>Anna Guir\u00f3, directora de Vithas Barcelona<\/strong>, ha ressaltat que \u201cel futur hospital representa la nostra vocaci\u00f3 d'excel\u00b7l\u00e8ncia, innovaci\u00f3 i impacte positiu en la societat, i aspira a ser un hospital de refer\u00e8ncia per als pacients, els professionals i el conjunt de la ciutadania. Un projecte emblem\u00e0tic per a la sanitat de Barcelona i del conjunt de Catalunya que esperem tamb\u00e9 contribueixi a impulsar el creixent ecosistema de salut i innovaci\u00f3 d'Esplugues de Llobregat\u201d.<\/p>\n\n\n\n<p>Per part seva, el <strong>director corporatiu Assistencial de Vithas, Dr. David Baulenas<\/strong>, ha ressaltat els pilars fonamentals sobre els quals es projecta l'hospital: \u201cuna aposta per un model d'atenci\u00f3 basat en l'excel\u00b7l\u00e8ncia cl\u00ednica i la possibilitat de definir els processos assistencials de zero de manera coordinada i adaptada al nostre model assistencial, especialment al dels Instituts Vithas\u201d.<\/p>\n\n\n\n<p><strong>40.000 metres quadrats i 1.800 professionals<\/strong><\/p>\n\n\n\n<p>Durant l'acte, autoritats i empresaris han realitzat una visita guiada pels principals espais de l'hospital i han pogut con\u00e8ixer quin ser\u00e0 l'aspecte final del centre un cop finalitzi la construcci\u00f3, a trav\u00e9s de panells amb recreacions virtuals de les Urg\u00e8ncies, les consultes d'especialitats, la zona d'Hospital de Dia de l'Institut Oncol\u00f2gic Vithas, la Unitat de Cures Intensives (UCI), el bloc quir\u00fargic, les habitacions de l'hospital i les sales de diagn\u00f2stic per imatge, entre altres espais.<\/p>\n\n\n\n<p>L'Hospital Vithas Barcelona ser\u00e0 un centre amb altes capacitats, flexible i din\u00e0mic amb tecnologia d'avantguarda i una cartera de serveis 360\u00ba. Amb una superf\u00edcie de m\u00e9s de <strong>40.000 metres quadrats i un equip de fins a 1.800 professionals<\/strong>, el centre oferir\u00e0 160 habitacions individuals, 13 sales d\u2019operaci\u00f3, urg\u00e8ncies 24 hores d'adults i pedi\u00e0triques, i 52 consultes d'especialitats.<\/p>\n\n\n\n<p>El centre hospitalari segueix els estrictes est\u00e0ndards d'excel\u00b7l\u00e8ncia pautats per la Joint Commission International, que ja ha acreditat quatre hospitals del grup i Vithas com a companyia. D'altra banda, el centre tamb\u00e9 ser\u00e0 un referent del comprom\u00eds mediambiental del Grup Vithas, que el 2023 es va convertir en el primer grup hospitalari espanyol neutre en carboni en consum d'electricitat i gas natural.<\/p>\n","protected":false},"excerpt":{"rendered":"<p>. L'Hospital Vithas Barcelona s'acosta cada vegada m\u00e9s a la seva obertura, prevista a mitjan 2025. Amb l'aven\u00e7 de la seva construcci\u00f3, una vintena d'autoritats i representants del teixit empresarial del Baix Llobregat, Barcelona i Catalunya han acudit a una visita institucional a les obres de l'hospital en la zona de Montesa, a Esplugues de [&hellip;]<\/p>\n","protected":false},"author":35,"featured_media":319721,"comment_status":"closed","ping_status":"open","sticky":false,"template":"","format":"standard","meta":{"footnotes":""},"categories":[1],"tags":[],"post_type_category":[2553],"class_list":["post-319720","post","type-post","status-publish","format-standard","has-post-thumbnail","hentry"],"yoast_head":"<!-- This site is optimized with the Yoast SEO Premium plugin v27.3 (Yoast SEO v27.3) - https:\/\/yoast.com\/product\/yoast-seo-premium-wordpress\/ -->\n<title>Autoritats i empreses de Barcelona i Catalunya visiten les obres del futur Hospital Vithas a Esplugues de Llobregat - Vithas<\/title>\n<meta name=\"robots\" content=\"index, follow, max-snippet:-1, max-image-preview:large, max-video-preview:-1\" \/>\n<link rel=\"canonical\" href=\"https:\/\/vithas.es\/ca\/comunicacio\/actualitat\/autoritats-i-empreses-de-barcelona-i-catalunya-visiten-les-obres-del-futur-hospital-vithas-a-esplugues-de-llobregat\/\" \/>\n<meta property=\"og:locale\" content=\"ca_ES\" \/>\n<meta property=\"og:type\" content=\"article\" \/>\n<meta property=\"og:title\" content=\"Autoritats i empreses de Barcelona i Catalunya visiten les obres del futur Hospital Vithas a Esplugues de Llobregat - Vithas\" \/>\n<meta property=\"og:description\" content=\". L&#039;Hospital Vithas Barcelona s&#039;acosta cada vegada m\u00e9s a la seva obertura, prevista a mitjan 2025. Amb l&#039;aven\u00e7 de la seva construcci\u00f3, una vintena d&#039;autoritats i representants del teixit empresarial del Baix Llobregat, Barcelona i Catalunya han acudit a una visita institucional a les obres de l&#039;hospital en la zona de Montesa, a Esplugues de [&hellip;]\" \/>\n<meta property=\"og:url\" content=\"https:\/\/vithas.es\/ca\/comunicacio\/actualitat\/autoritats-i-empreses-de-barcelona-i-catalunya-visiten-les-obres-del-futur-hospital-vithas-a-esplugues-de-llobregat\/\" \/>\n<meta property=\"og:site_name\" content=\"Vithas\" \/>\n<meta property=\"article:publisher\" content=\"https:\/\/es-es.facebook.com\/HospitalesVithas\/\" \/>\n<meta property=\"article:published_time\" content=\"2025-10-14T13:39:41+00:00\" \/>\n<meta property=\"article:modified_time\" content=\"2026-04-14T11:31:31+00:00\" \/>\n<meta property=\"og:image\" content=\"https:\/\/vithas.es\/wp-content\/uploads\/2025\/10\/Visita-institucional-Vithas-Barcelona.jpg\" \/>\n\t<meta property=\"og:image:width\" content=\"2200\" \/>\n\t<meta property=\"og:image:height\" content=\"1684\" \/>\n\t<meta property=\"og:image:type\" content=\"image\/jpeg\" \/>\n<meta name=\"author\" content=\"Duomo\" \/>\n<meta name=\"twitter:card\" content=\"summary_large_image\" \/>\n<meta name=\"twitter:creator\" content=\"@Vithas\" \/>\n<meta name=\"twitter:site\" content=\"@Vithas\" \/>\n<meta name=\"twitter:label1\" content=\"Written by\" \/>\n\t<meta name=\"twitter:data1\" content=\"Duomo\" \/>\n\t<meta name=\"twitter:label2\" content=\"Est. reading time\" \/>\n\t<meta name=\"twitter:data2\" content=\"4 minutes\" \/>\n<script type=\"application\/ld+json\" class=\"yoast-schema-graph\">{\"@context\":\"https:\\\/\\\/schema.org\",\"@graph\":[{\"@type\":\"Article\",\"@id\":\"https:\\\/\\\/vithas.es\\\/ca\\\/comunicacio\\\/actualitat\\\/autoritats-i-empreses-de-barcelona-i-catalunya-visiten-les-obres-del-futur-hospital-vithas-a-esplugues-de-llobregat\\\/#article\",\"isPartOf\":{\"@id\":\"https:\\\/\\\/vithas.es\\\/ca\\\/comunicacio\\\/actualitat\\\/autoritats-i-empreses-de-barcelona-i-catalunya-visiten-les-obres-del-futur-hospital-vithas-a-esplugues-de-llobregat\\\/\"},\"author\":{\"name\":\"Duomo\",\"@id\":\"https:\\\/\\\/vithas.es\\\/#\\\/schema\\\/person\\\/23aa266fbb4c5a64b2467c4625c7998c\"},\"headline\":\"Autoritats i empreses de Barcelona i Catalunya visiten les obres del futur Hospital Vithas a Esplugues de Llobregat\",\"datePublished\":\"2025-10-14T13:39:41+00:00\",\"dateModified\":\"2026-04-14T11:31:31+00:00\",\"mainEntityOfPage\":{\"@id\":\"https:\\\/\\\/vithas.es\\\/ca\\\/comunicacio\\\/actualitat\\\/autoritats-i-empreses-de-barcelona-i-catalunya-visiten-les-obres-del-futur-hospital-vithas-a-esplugues-de-llobregat\\\/\"},\"wordCount\":743,\"publisher\":{\"@id\":\"https:\\\/\\\/vithas.es\\\/#organization\"},\"image\":{\"@id\":\"https:\\\/\\\/vithas.es\\\/ca\\\/comunicacio\\\/actualitat\\\/autoritats-i-empreses-de-barcelona-i-catalunya-visiten-les-obres-del-futur-hospital-vithas-a-esplugues-de-llobregat\\\/#primaryimage\"},\"thumbnailUrl\":\"https:\\\/\\\/vithas.es\\\/wp-content\\\/uploads\\\/2025\\\/10\\\/Visita-institucional-Vithas-Barcelona.jpg\",\"articleSection\":[\"Sin categorizar\"],\"inLanguage\":\"ca\"},{\"@type\":\"WebPage\",\"@id\":\"https:\\\/\\\/vithas.es\\\/ca\\\/comunicacio\\\/actualitat\\\/autoritats-i-empreses-de-barcelona-i-catalunya-visiten-les-obres-del-futur-hospital-vithas-a-esplugues-de-llobregat\\\/\",\"url\":\"https:\\\/\\\/vithas.es\\\/ca\\\/comunicacio\\\/actualitat\\\/autoritats-i-empreses-de-barcelona-i-catalunya-visiten-les-obres-del-futur-hospital-vithas-a-esplugues-de-llobregat\\\/\",\"name\":\"Autoritats i empreses de Barcelona i Catalunya visiten les obres del futur Hospital Vithas a Esplugues de Llobregat - Vithas\",\"isPartOf\":{\"@id\":\"https:\\\/\\\/vithas.es\\\/#website\"},\"primaryImageOfPage\":{\"@id\":\"https:\\\/\\\/vithas.es\\\/ca\\\/comunicacio\\\/actualitat\\\/autoritats-i-empreses-de-barcelona-i-catalunya-visiten-les-obres-del-futur-hospital-vithas-a-esplugues-de-llobregat\\\/#primaryimage\"},\"image\":{\"@id\":\"https:\\\/\\\/vithas.es\\\/ca\\\/comunicacio\\\/actualitat\\\/autoritats-i-empreses-de-barcelona-i-catalunya-visiten-les-obres-del-futur-hospital-vithas-a-esplugues-de-llobregat\\\/#primaryimage\"},\"thumbnailUrl\":\"https:\\\/\\\/vithas.es\\\/wp-content\\\/uploads\\\/2025\\\/10\\\/Visita-institucional-Vithas-Barcelona.jpg\",\"datePublished\":\"2025-10-14T13:39:41+00:00\",\"dateModified\":\"2026-04-14T11:31:31+00:00\",\"breadcrumb\":{\"@id\":\"https:\\\/\\\/vithas.es\\\/ca\\\/comunicacio\\\/actualitat\\\/autoritats-i-empreses-de-barcelona-i-catalunya-visiten-les-obres-del-futur-hospital-vithas-a-esplugues-de-llobregat\\\/#breadcrumb\"},\"inLanguage\":\"ca\",\"potentialAction\":[{\"@type\":\"ReadAction\",\"target\":[\"https:\\\/\\\/vithas.es\\\/ca\\\/comunicacio\\\/actualitat\\\/autoritats-i-empreses-de-barcelona-i-catalunya-visiten-les-obres-del-futur-hospital-vithas-a-esplugues-de-llobregat\\\/\"]}]},{\"@type\":\"ImageObject\",\"inLanguage\":\"ca\",\"@id\":\"https:\\\/\\\/vithas.es\\\/ca\\\/comunicacio\\\/actualitat\\\/autoritats-i-empreses-de-barcelona-i-catalunya-visiten-les-obres-del-futur-hospital-vithas-a-esplugues-de-llobregat\\\/#primaryimage\",\"url\":\"https:\\\/\\\/vithas.es\\\/wp-content\\\/uploads\\\/2025\\\/10\\\/Visita-institucional-Vithas-Barcelona.jpg\",\"contentUrl\":\"https:\\\/\\\/vithas.es\\\/wp-content\\\/uploads\\\/2025\\\/10\\\/Visita-institucional-Vithas-Barcelona.jpg\",\"width\":2200,\"height\":1684},{\"@type\":\"BreadcrumbList\",\"@id\":\"https:\\\/\\\/vithas.es\\\/ca\\\/comunicacio\\\/actualitat\\\/autoritats-i-empreses-de-barcelona-i-catalunya-visiten-les-obres-del-futur-hospital-vithas-a-esplugues-de-llobregat\\\/#breadcrumb\",\"itemListElement\":[{\"@type\":\"ListItem\",\"position\":1,\"name\":\"Hospitales Vithas\",\"item\":\"https:\\\/\\\/vithas.es\\\/ca\\\/\"},{\"@type\":\"ListItem\",\"position\":2,\"name\":\"Autoritats i empreses de Barcelona i Catalunya visiten les obres del futur Hospital Vithas a Esplugues de Llobregat\"}]},{\"@type\":\"WebSite\",\"@id\":\"https:\\\/\\\/vithas.es\\\/#website\",\"url\":\"https:\\\/\\\/vithas.es\\\/\",\"name\":\"Vithas\",\"description\":\"Vivir para cuidarte\",\"publisher\":{\"@id\":\"https:\\\/\\\/vithas.es\\\/#organization\"},\"potentialAction\":[{\"@type\":\"SearchAction\",\"target\":{\"@type\":\"EntryPoint\",\"urlTemplate\":\"https:\\\/\\\/vithas.es\\\/?s={search_term_string}\"},\"query-input\":{\"@type\":\"PropertyValueSpecification\",\"valueRequired\":true,\"valueName\":\"search_term_string\"}}],\"inLanguage\":\"ca\"},{\"@type\":\"Organization\",\"@id\":\"https:\\\/\\\/vithas.es\\\/#organization\",\"name\":\"Vithas\",\"url\":\"https:\\\/\\\/vithas.es\\\/\",\"logo\":{\"@type\":\"ImageObject\",\"inLanguage\":\"ca\",\"@id\":\"https:\\\/\\\/vithas.es\\\/#\\\/schema\\\/logo\\\/image\\\/\",\"url\":\"https:\\\/\\\/vithas.es\\\/wp-content\\\/uploads\\\/2021\\\/07\\\/vithas-beat-horizontal.svg\",\"contentUrl\":\"https:\\\/\\\/vithas.es\\\/wp-content\\\/uploads\\\/2021\\\/07\\\/vithas-beat-horizontal.svg\",\"width\":406,\"height\":84,\"caption\":\"Vithas\"},\"image\":{\"@id\":\"https:\\\/\\\/vithas.es\\\/#\\\/schema\\\/logo\\\/image\\\/\"},\"sameAs\":[\"https:\\\/\\\/es-es.facebook.com\\\/HospitalesVithas\\\/\",\"https:\\\/\\\/x.com\\\/Vithas\",\"https:\\\/\\\/www.instagram.com\\\/vithas_hospitales\\\/\",\"https:\\\/\\\/www.linkedin.com\\\/company\\\/vithas-hospital\\\/\",\"https:\\\/\\\/www.youtube.com\\\/channel\\\/UC4Dc3WWg5HzldDibyzFpw2Q\"]},{\"@type\":\"Person\",\"@id\":\"https:\\\/\\\/vithas.es\\\/#\\\/schema\\\/person\\\/23aa266fbb4c5a64b2467c4625c7998c\",\"name\":\"Duomo\",\"image\":{\"@type\":\"ImageObject\",\"inLanguage\":\"ca\",\"@id\":\"https:\\\/\\\/secure.gravatar.com\\\/avatar\\\/e7e5837db7fd56beda79ddb09cb23bb04869855c97530a9112d80cf63e0e253c?s=96&d=mm&r=g\",\"url\":\"https:\\\/\\\/secure.gravatar.com\\\/avatar\\\/e7e5837db7fd56beda79ddb09cb23bb04869855c97530a9112d80cf63e0e253c?s=96&d=mm&r=g\",\"contentUrl\":\"https:\\\/\\\/secure.gravatar.com\\\/avatar\\\/e7e5837db7fd56beda79ddb09cb23bb04869855c97530a9112d80cf63e0e253c?s=96&d=mm&r=g\",\"caption\":\"Duomo\"},\"url\":\"https:\\\/\\\/vithas.es\\\/ca\\\/author\\\/mramiladuomocomunicacion-com\\\/\"}]}<\/script>\n<!-- \/ Yoast SEO Premium plugin. -->","yoast_head_json":{"title":"Autoritats i empreses de Barcelona i Catalunya visiten les obres del futur Hospital Vithas a Esplugues de Llobregat - Vithas","robots":{"index":"index","follow":"follow","max-snippet":"max-snippet:-1","max-image-preview":"max-image-preview:large","max-video-preview":"max-video-preview:-1"},"canonical":"https:\/\/vithas.es\/ca\/comunicacio\/actualitat\/autoritats-i-empreses-de-barcelona-i-catalunya-visiten-les-obres-del-futur-hospital-vithas-a-esplugues-de-llobregat\/","og_locale":"ca_ES","og_type":"article","og_title":"Autoritats i empreses de Barcelona i Catalunya visiten les obres del futur Hospital Vithas a Esplugues de Llobregat - Vithas","og_description":". L'Hospital Vithas Barcelona s'acosta cada vegada m\u00e9s a la seva obertura, prevista a mitjan 2025. Amb l'aven\u00e7 de la seva construcci\u00f3, una vintena d'autoritats i representants del teixit empresarial del Baix Llobregat, Barcelona i Catalunya han acudit a una visita institucional a les obres de l'hospital en la zona de Montesa, a Esplugues de [&hellip;]","og_url":"https:\/\/vithas.es\/ca\/comunicacio\/actualitat\/autoritats-i-empreses-de-barcelona-i-catalunya-visiten-les-obres-del-futur-hospital-vithas-a-esplugues-de-llobregat\/","og_site_name":"Vithas","article_publisher":"https:\/\/es-es.facebook.com\/HospitalesVithas\/","article_published_time":"2025-10-14T13:39:41+00:00","article_modified_time":"2026-04-14T11:31:31+00:00","og_image":[{"width":2200,"height":1684,"url":"https:\/\/vithas.es\/wp-content\/uploads\/2025\/10\/Visita-institucional-Vithas-Barcelona.jpg","type":"image\/jpeg"}],"author":"Duomo","twitter_card":"summary_large_image","twitter_creator":"@Vithas","twitter_site":"@Vithas","twitter_misc":{"Written by":"Duomo","Est. reading time":"4 minutes"},"schema":{"@context":"https:\/\/schema.org","@graph":[{"@type":"Article","@id":"https:\/\/vithas.es\/ca\/comunicacio\/actualitat\/autoritats-i-empreses-de-barcelona-i-catalunya-visiten-les-obres-del-futur-hospital-vithas-a-esplugues-de-llobregat\/#article","isPartOf":{"@id":"https:\/\/vithas.es\/ca\/comunicacio\/actualitat\/autoritats-i-empreses-de-barcelona-i-catalunya-visiten-les-obres-del-futur-hospital-vithas-a-esplugues-de-llobregat\/"},"author":{"name":"Duomo","@id":"https:\/\/vithas.es\/#\/schema\/person\/23aa266fbb4c5a64b2467c4625c7998c"},"headline":"Autoritats i empreses de Barcelona i Catalunya visiten les obres del futur Hospital Vithas a Esplugues de Llobregat","datePublished":"2025-10-14T13:39:41+00:00","dateModified":"2026-04-14T11:31:31+00:00","mainEntityOfPage":{"@id":"https:\/\/vithas.es\/ca\/comunicacio\/actualitat\/autoritats-i-empreses-de-barcelona-i-catalunya-visiten-les-obres-del-futur-hospital-vithas-a-esplugues-de-llobregat\/"},"wordCount":743,"publisher":{"@id":"https:\/\/vithas.es\/#organization"},"image":{"@id":"https:\/\/vithas.es\/ca\/comunicacio\/actualitat\/autoritats-i-empreses-de-barcelona-i-catalunya-visiten-les-obres-del-futur-hospital-vithas-a-esplugues-de-llobregat\/#primaryimage"},"thumbnailUrl":"https:\/\/vithas.es\/wp-content\/uploads\/2025\/10\/Visita-institucional-Vithas-Barcelona.jpg","articleSection":["Sin categorizar"],"inLanguage":"ca"},{"@type":"WebPage","@id":"https:\/\/vithas.es\/ca\/comunicacio\/actualitat\/autoritats-i-empreses-de-barcelona-i-catalunya-visiten-les-obres-del-futur-hospital-vithas-a-esplugues-de-llobregat\/","url":"https:\/\/vithas.es\/ca\/comunicacio\/actualitat\/autoritats-i-empreses-de-barcelona-i-catalunya-visiten-les-obres-del-futur-hospital-vithas-a-esplugues-de-llobregat\/","name":"Autoritats i empreses de Barcelona i Catalunya visiten les obres del futur Hospital Vithas a Esplugues de Llobregat - Vithas","isPartOf":{"@id":"https:\/\/vithas.es\/#website"},"primaryImageOfPage":{"@id":"https:\/\/vithas.es\/ca\/comunicacio\/actualitat\/autoritats-i-empreses-de-barcelona-i-catalunya-visiten-les-obres-del-futur-hospital-vithas-a-esplugues-de-llobregat\/#primaryimage"},"image":{"@id":"https:\/\/vithas.es\/ca\/comunicacio\/actualitat\/autoritats-i-empreses-de-barcelona-i-catalunya-visiten-les-obres-del-futur-hospital-vithas-a-esplugues-de-llobregat\/#primaryimage"},"thumbnailUrl":"https:\/\/vithas.es\/wp-content\/uploads\/2025\/10\/Visita-institucional-Vithas-Barcelona.jpg","datePublished":"2025-10-14T13:39:41+00:00","dateModified":"2026-04-14T11:31:31+00:00","breadcrumb":{"@id":"https:\/\/vithas.es\/ca\/comunicacio\/actualitat\/autoritats-i-empreses-de-barcelona-i-catalunya-visiten-les-obres-del-futur-hospital-vithas-a-esplugues-de-llobregat\/#breadcrumb"},"inLanguage":"ca","potentialAction":[{"@type":"ReadAction","target":["https:\/\/vithas.es\/ca\/comunicacio\/actualitat\/autoritats-i-empreses-de-barcelona-i-catalunya-visiten-les-obres-del-futur-hospital-vithas-a-esplugues-de-llobregat\/"]}]},{"@type":"ImageObject","inLanguage":"ca","@id":"https:\/\/vithas.es\/ca\/comunicacio\/actualitat\/autoritats-i-empreses-de-barcelona-i-catalunya-visiten-les-obres-del-futur-hospital-vithas-a-esplugues-de-llobregat\/#primaryimage","url":"https:\/\/vithas.es\/wp-content\/uploads\/2025\/10\/Visita-institucional-Vithas-Barcelona.jpg","contentUrl":"https:\/\/vithas.es\/wp-content\/uploads\/2025\/10\/Visita-institucional-Vithas-Barcelona.jpg","width":2200,"height":1684},{"@type":"BreadcrumbList","@id":"https:\/\/vithas.es\/ca\/comunicacio\/actualitat\/autoritats-i-empreses-de-barcelona-i-catalunya-visiten-les-obres-del-futur-hospital-vithas-a-esplugues-de-llobregat\/#breadcrumb","itemListElement":[{"@type":"ListItem","position":1,"name":"Hospitales Vithas","item":"https:\/\/vithas.es\/ca\/"},{"@type":"ListItem","position":2,"name":"Autoritats i empreses de Barcelona i Catalunya visiten les obres del futur Hospital Vithas a Esplugues de Llobregat"}]},{"@type":"WebSite","@id":"https:\/\/vithas.es\/#website","url":"https:\/\/vithas.es\/","name":"Vithas","description":"Vivir para cuidarte","publisher":{"@id":"https:\/\/vithas.es\/#organization"},"potentialAction":[{"@type":"SearchAction","target":{"@type":"EntryPoint","urlTemplate":"https:\/\/vithas.es\/?s={search_term_string}"},"query-input":{"@type":"PropertyValueSpecification","valueRequired":true,"valueName":"search_term_string"}}],"inLanguage":"ca"},{"@type":"Organization","@id":"https:\/\/vithas.es\/#organization","name":"Vithas","url":"https:\/\/vithas.es\/","logo":{"@type":"ImageObject","inLanguage":"ca","@id":"https:\/\/vithas.es\/#\/schema\/logo\/image\/","url":"https:\/\/vithas.es\/wp-content\/uploads\/2021\/07\/vithas-beat-horizontal.svg","contentUrl":"https:\/\/vithas.es\/wp-content\/uploads\/2021\/07\/vithas-beat-horizontal.svg","width":406,"height":84,"caption":"Vithas"},"image":{"@id":"https:\/\/vithas.es\/#\/schema\/logo\/image\/"},"sameAs":["https:\/\/es-es.facebook.com\/HospitalesVithas\/","https:\/\/x.com\/Vithas","https:\/\/www.instagram.com\/vithas_hospitales\/","https:\/\/www.linkedin.com\/company\/vithas-hospital\/","https:\/\/www.youtube.com\/channel\/UC4Dc3WWg5HzldDibyzFpw2Q"]},{"@type":"Person","@id":"https:\/\/vithas.es\/#\/schema\/person\/23aa266fbb4c5a64b2467c4625c7998c","name":"Duomo","image":{"@type":"ImageObject","inLanguage":"ca","@id":"https:\/\/secure.gravatar.com\/avatar\/e7e5837db7fd56beda79ddb09cb23bb04869855c97530a9112d80cf63e0e253c?s=96&d=mm&r=g","url":"https:\/\/secure.gravatar.com\/avatar\/e7e5837db7fd56beda79ddb09cb23bb04869855c97530a9112d80cf63e0e253c?s=96&d=mm&r=g","contentUrl":"https:\/\/secure.gravatar.com\/avatar\/e7e5837db7fd56beda79ddb09cb23bb04869855c97530a9112d80cf63e0e253c?s=96&d=mm&r=g","caption":"Duomo"},"url":"https:\/\/vithas.es\/ca\/author\/mramiladuomocomunicacion-com\/"}]}},"meta_box":{"vth_type_news":{"term_id":2553,"name":"Actualitat","slug":"actualitat","term_group":0,"term_taxonomy_id":2553,"taxonomy":"post_type_category","description":"","parent":0,"count":21,"filter":"raw"},"vth_opening_paragraph":"<ul>\r\n<li>L'alcaldessa d'Esplugues de Llobregat, Pilar D\u00edaz, encap\u00e7ala una rica representaci\u00f3 institucional de municipis del Baix Llobregat, i de sistema empresarial catal\u00e0, com els presidents i de la Associaci\u00f3 Empresarial del Baix Llobregat.<\/li>\r\n<li>El nou centre hospitalari obrir\u00e0 a mitjan 2025 amb una superf\u00edcie de 40.000 metres quadrats, 1.800 professionals i 160 habitacions individuals per a una oferta assistencial integral i innovadora.<\/li>\r\n<\/ul>","vth_image_description":"","vth_boiler_plate":"<p><strong><em>Sobre Vithas<\/em><\/strong> El grup Vithas est\u00e0 integrat per 20 hospitals i 38 centres m\u00e8dics i assistencials distribu\u00efts en 14 prov\u00edncies. Els 12.600 professionals que conformen Vithas han convertit el grup en un dels l\u00edders de la sanitat espanyola. A m\u00e9s, el grup integra la <a href=\"https:\/\/fundacion.vithas.es\/\">Fundaci\u00f3n Vithas<\/a>, <a href=\"https:\/\/www.vithaslab.es\/\">Vithas Red Diagn\u00f3stica<\/a> i la central de compres <a href=\"https:\/\/www.plazasalud.es\/\">PlazaSalud<\/a>. \u00a0 Vithas, recolzada pel grup <a href=\"https:\/\/www.goodgrower.com\/\">Goodgrower<\/a>, fonamenta la seva estrat\u00e8gia corporativa en la qualitat assistencial acreditada, l'experi\u00e8ncia del pacient, la recerca i la innovaci\u00f3 i el comprom\u00eds social i mediambiental. \u00a0 <a href=\"http:\/\/www.vithas.es\">Vithas.es<\/a> <a href=\"blank\">Goodgrower.com<\/a> Segueix-nos a: <a href=\"https:\/\/es.linkedin.com\/company\/vithas-hospital\">LinkedIn<\/a> <a href=\"https:\/\/www.instagram.com\/vithas_hospitales\/?hl=es\">Instagram<\/a> <a href=\"https:\/\/www.facebook.com\/HospitalesVithas\">Facebook<\/a> <a href=\"https:\/\/twitter.com\/Vithas\">X<\/a> <a href=\"https:\/\/www.youtube.com\/Vithashospital\">Youtube<\/a><\/p>","vth_author":"","vth_type":"","vth_video":"","vth_kentico_id":"","vth_is_all_center_selected":"0","vth_is_corporate":"1","type":false,"image":false,"video":false,"imageVideo":false,"title":false,"cta":[],"cards":[],"card":[],"tabElement":[],"feature":[],"description":false,"imageBanner":false,"benefits":[],"asesor":[],"column_left":[],"column_right":[],"textMap":false,"banner":[],"boxes":[],"videoURL":false,"textInfo":false,"id":false,"background":false,"values":[],"placeholderIndex1":false,"placeholderIndex2":false,"placeholderIndex3":false,"textButton":false,"textNoResults":false,"textSearchError":false,"script":false,"linkAll":false,"placeHolderCenter":false,"title_menu":false,"placeholderCenter":false,"placeholderSpecialty":false,"placeholderDate":false,"titleLeft":false,"phone":false,"mail":false,"titleRight":false,"placeholder":false,"datePicker":false,"postType":false,"background_cards":false,"background_cards_description":false,"accordion":[],"videoType":false,"isAutoPlay":false,"transitionImage":false,"speedImage":false,"hasText":false,"hasCardBorder":false,"cardBorderWidth":false,"cardColorBorder":false,"text":false,"colorTextBackground":false,"verticalPlacementWeb":false,"horizontalPlacementWeb":false,"paddingTopText":false,"paddingBottomText":false,"paddingLeftText":false,"paddingRightText":false,"cardWidthWeb":false,"hasAppButton":false,"hasButton":false,"link":false,"newTarget":false,"colorButtonDefault":false,"colorButtonDefaultBackground":false,"colorButtonDefaultBorder":false,"colorButtonHover":false,"colorButtonHoverBackground":false,"colorButtonHoverBorder":false,"buttonBorderWidth":false,"buttonBorderMarginTop":false,"buttonBorderMarginBottom":false,"buttonBorderMarginLeft":false,"buttonBorderMarginRight":false,"showTextInMobile":false,"cardWidthMobile":false,"verticalPlacementMobile":false,"horizontalPlacementMobile":false,"showButtonInMobile":false,"images":[],"name":false,"surname":false,"email":false,"areas":[],"button":false,"description_conditions":false,"title_policy":false,"description_policy":false,"company":false,"location":false,"interest":[],"background_block":false,"columns":false,"type_block":false,"level_title":false,"check_type":false,"subtitle":false,"class_style":false,"background_card":false,"is_form":false,"background_form":false,"form_title":false,"short_code":false,"color_background":false,"color_title":false,"color_text":false,"cards_size":false,"wrapper":false,"my_address":false,"map":false,"links":[],"vth_is_location_selector":false,"vth_location":false,"float_buttons":[],"image_warranty":[],"centers":[],"sliders":[],"post_type":false,"filters":[],"button_title":false,"vth_treatments_process":[],"reverse":false,"category":false,"post_to_center_to":[],"post_to_specialty_to":[],"post_to_medicalunit_to":[],"post_to_specialist_to":[]},"_links":{"self":[{"href":"https:\/\/vithas.es\/ca\/wp-json\/wp\/v2\/posts\/319720","targetHints":{"allow":["GET"]}}],"collection":[{"href":"https:\/\/vithas.es\/ca\/wp-json\/wp\/v2\/posts"}],"about":[{"href":"https:\/\/vithas.es\/ca\/wp-json\/wp\/v2\/types\/post"}],"author":[{"embeddable":true,"href":"https:\/\/vithas.es\/ca\/wp-json\/wp\/v2\/users\/35"}],"replies":[{"embeddable":true,"href":"https:\/\/vithas.es\/ca\/wp-json\/wp\/v2\/comments?post=319720"}],"version-history":[{"count":1,"href":"https:\/\/vithas.es\/ca\/wp-json\/wp\/v2\/posts\/319720\/revisions"}],"predecessor-version":[{"id":319725,"href":"https:\/\/vithas.es\/ca\/wp-json\/wp\/v2\/posts\/319720\/revisions\/319725"}],"wp:featuredmedia":[{"embeddable":true,"href":"https:\/\/vithas.es\/ca\/wp-json\/wp\/v2\/media\/319721"}],"wp:attachment":[{"href":"https:\/\/vithas.es\/ca\/wp-json\/wp\/v2\/media?parent=319720"}],"wp:term":[{"taxonomy":"category","embeddable":true,"href":"https:\/\/vithas.es\/ca\/wp-json\/wp\/v2\/categories?post=319720"},{"taxonomy":"post_tag","embeddable":true,"href":"https:\/\/vithas.es\/ca\/wp-json\/wp\/v2\/tags?post=319720"},{"taxonomy":"post_type_category","embeddable":true,"href":"https:\/\/vithas.es\/ca\/wp-json\/wp\/v2\/post_type_category?post=319720"}],"curies":[{"name":"wp","href":"https:\/\/api.w.org\/{rel}","templated":true}]}}