{"id":319732,"date":"2025-10-14T15:42:26","date_gmt":"2025-10-14T13:42:26","guid":{"rendered":"https:\/\/vithas.es\/?p=319732"},"modified":"2026-04-14T13:31:04","modified_gmt":"2026-04-14T11:31:04","slug":"mes-de-400-professionals-sinteressen-per-loferta-docupacio-de-lhospital-vithas-barcelona-a-la-fira-girafeina-esplugues","status":"publish","type":"post","link":"https:\/\/vithas.es\/ca\/comunicacio\/actualitat\/mes-de-400-professionals-sinteressen-per-loferta-docupacio-de-lhospital-vithas-barcelona-a-la-fira-girafeina-esplugues\/","title":{"rendered":"M\u00e9s de 400 professionals s\u2019interessen per l\u2019oferta d\u2019ocupaci\u00f3 de l\u2019Hospital Vithas Barcelona a la fira GiraFeina Esplugues"},"content":{"rendered":"\n<p>El grup <a href=\"https:\/\/vithas.es\/\">Vithas<\/a> va presentar aquest dimarts durant la fira d'ocupaci\u00f3 GiraFeina Esplugues 2024 la seva oferta de contractaci\u00f3 de fins a 1.800 professionals per al seu nou <a href=\"https:\/\/vithas.es\/vithas-barcelona\/\">Hospital Vithas Barcelona<\/a>, l'obertura del qual est\u00e0 prevista per a mitjan de 2025. En aquesta primera edici\u00f3 de la jornada, organitzada a l\u2019Espai Baronda per l'Ajuntament d'Esplugues de Llobregat en col\u00b7laboraci\u00f3 amb la Cambra de Comer\u00e7 de Barcelona,<strong> m\u00e9s de 400 persones van realitzar entrevistes amb Vithas i van visitar el seu estand a la fira.<\/strong><strong><\/strong><\/p>\n\n\n\n<p>Amb la seva participaci\u00f3 a l'esdeveniment, que va oferir l'oportunitat de connectar empreses amb persones interessades a con\u00e8ixer noves oportunitats d'ocupaci\u00f3,<strong> Vithas va posar en marxa la cerca de talent per al seu nou centre hospitalari, amb l'obertura de m\u00e9s de 80 vacants sanit\u00e0ries i no sanit\u00e0ries.<\/strong> Entre elles, es van incloure perfils com infermeria, farm\u00e0cia, medicina, administraci\u00f3, manteniment i hostaleria, entre altres.<\/p>\n\n\n\n<p>\u201cEn l\u00ednia amb la nostra aposta per la creaci\u00f3 d'ocupaci\u00f3 a nivell local i comarcal, GiraFeina Esplugues 2024 representa una oportunitat \u00fanica per comen\u00e7ar a con\u00e8ixer perfils professionals diversos al municipi i el seu entorn, i nodrir l'Hospital Vithas Barcelona del talent que necessitar\u00e0. L'equip del nou centre hospitalari estar\u00e0 format per un ampli rang de professionals sanitaris i no sanitaris per cobrir les diverses \u00e0rees d'activitat del centre i respondre a les necessitats de les persones des d'una perspectiva integral i multidisciplin\u00e0ria\u201d, ha explicat la<strong> directora de Vithas Barcelona, Anna Guir\u00f3.<\/strong><\/p>\n\n\n\n<p>Amb una <strong>superf\u00edcie de m\u00e9s de 40.000 metres quadrats,<\/strong> el nou hospital tindr\u00e0 una \u00e0mplia cartera de serveis amb les principals especialitats m\u00e8dic-quir\u00fargiques i d'alta complexitat, amb tecnologia sanit\u00e0ria d'avantguarda i un concepte arquitect\u00f2nic innovador i sostenible. I ser\u00e0 un centre amb altes capacitats, flexible i din\u00e0mic, amb <strong>160 habitacions individuals, 13 quir\u00f2fans, urg\u00e8ncies 24 hores<\/strong> d'adults i pedi\u00e0triques i <strong>52 consultes d'especialitats<\/strong>, entre altres serveis assistencials.<\/p>\n","protected":false},"excerpt":{"rendered":"<p>El grup Vithas va presentar aquest dimarts durant la fira d'ocupaci\u00f3 GiraFeina Esplugues 2024 la seva oferta de contractaci\u00f3 de fins a 1.800 professionals per al seu nou Hospital Vithas Barcelona, l'obertura del qual est\u00e0 prevista per a mitjan de 2025. En aquesta primera edici\u00f3 de la jornada, organitzada a l\u2019Espai Baronda per l'Ajuntament d'Esplugues [&hellip;]<\/p>\n","protected":false},"author":35,"featured_media":319733,"comment_status":"closed","ping_status":"open","sticky":false,"template":"","format":"standard","meta":{"footnotes":""},"categories":[2168],"tags":[],"post_type_category":[2553],"class_list":["post-319732","post","type-post","status-publish","format-standard","has-post-thumbnail","hentry"],"yoast_head":"<!-- This site is optimized with the Yoast SEO Premium plugin v27.3 (Yoast SEO v27.3) - https:\/\/yoast.com\/product\/yoast-seo-premium-wordpress\/ -->\n<title>M\u00e9s de 400 professionals s\u2019interessen per l\u2019oferta d\u2019ocupaci\u00f3 de l\u2019Hospital Vithas Barcelona a la fira GiraFeina Esplugues - Vithas<\/title>\n<meta name=\"robots\" content=\"index, follow, max-snippet:-1, max-image-preview:large, max-video-preview:-1\" \/>\n<link rel=\"canonical\" href=\"https:\/\/vithas.es\/ca\/comunicacio\/actualitat\/mes-de-400-professionals-sinteressen-per-loferta-docupacio-de-lhospital-vithas-barcelona-a-la-fira-girafeina-esplugues\/\" \/>\n<meta property=\"og:locale\" content=\"ca_ES\" \/>\n<meta property=\"og:type\" content=\"article\" \/>\n<meta property=\"og:title\" content=\"M\u00e9s de 400 professionals s\u2019interessen per l\u2019oferta d\u2019ocupaci\u00f3 de l\u2019Hospital Vithas Barcelona a la fira GiraFeina Esplugues - Vithas\" \/>\n<meta property=\"og:description\" content=\"El grup Vithas va presentar aquest dimarts durant la fira d&#039;ocupaci\u00f3 GiraFeina Esplugues 2024 la seva oferta de contractaci\u00f3 de fins a 1.800 professionals per al seu nou Hospital Vithas Barcelona, l&#039;obertura del qual est\u00e0 prevista per a mitjan de 2025. En aquesta primera edici\u00f3 de la jornada, organitzada a l\u2019Espai Baronda per l&#039;Ajuntament d&#039;Esplugues [&hellip;]\" \/>\n<meta property=\"og:url\" content=\"https:\/\/vithas.es\/ca\/comunicacio\/actualitat\/mes-de-400-professionals-sinteressen-per-loferta-docupacio-de-lhospital-vithas-barcelona-a-la-fira-girafeina-esplugues\/\" \/>\n<meta property=\"og:site_name\" content=\"Vithas\" \/>\n<meta property=\"article:publisher\" content=\"https:\/\/es-es.facebook.com\/HospitalesVithas\/\" \/>\n<meta property=\"article:published_time\" content=\"2025-10-14T13:42:26+00:00\" \/>\n<meta property=\"article:modified_time\" content=\"2026-04-14T11:31:04+00:00\" \/>\n<meta property=\"og:image\" content=\"https:\/\/vithas.es\/wp-content\/uploads\/2025\/10\/Foto-Vithas-1_GiraFeina-Esplugues-1024x682.jpeg\" \/>\n\t<meta property=\"og:image:width\" content=\"1024\" \/>\n\t<meta property=\"og:image:height\" content=\"682\" \/>\n\t<meta property=\"og:image:type\" content=\"image\/jpeg\" \/>\n<meta name=\"author\" content=\"Duomo\" \/>\n<meta name=\"twitter:card\" content=\"summary_large_image\" \/>\n<meta name=\"twitter:creator\" content=\"@Vithas\" \/>\n<meta name=\"twitter:site\" content=\"@Vithas\" \/>\n<meta name=\"twitter:label1\" content=\"Written by\" \/>\n\t<meta name=\"twitter:data1\" content=\"Duomo\" \/>\n\t<meta name=\"twitter:label2\" content=\"Est. reading time\" \/>\n\t<meta name=\"twitter:data2\" content=\"2 minutes\" \/>\n<script type=\"application\/ld+json\" class=\"yoast-schema-graph\">{\"@context\":\"https:\\\/\\\/schema.org\",\"@graph\":[{\"@type\":\"Article\",\"@id\":\"https:\\\/\\\/vithas.es\\\/ca\\\/comunicacio\\\/actualitat\\\/mes-de-400-professionals-sinteressen-per-loferta-docupacio-de-lhospital-vithas-barcelona-a-la-fira-girafeina-esplugues\\\/#article\",\"isPartOf\":{\"@id\":\"https:\\\/\\\/vithas.es\\\/ca\\\/comunicacio\\\/actualitat\\\/mes-de-400-professionals-sinteressen-per-loferta-docupacio-de-lhospital-vithas-barcelona-a-la-fira-girafeina-esplugues\\\/\"},\"author\":{\"name\":\"Duomo\",\"@id\":\"https:\\\/\\\/vithas.es\\\/#\\\/schema\\\/person\\\/23aa266fbb4c5a64b2467c4625c7998c\"},\"headline\":\"M\u00e9s de 400 professionals s\u2019interessen per l\u2019oferta d\u2019ocupaci\u00f3 de l\u2019Hospital Vithas Barcelona a la fira GiraFeina Esplugues\",\"datePublished\":\"2025-10-14T13:42:26+00:00\",\"dateModified\":\"2026-04-14T11:31:04+00:00\",\"mainEntityOfPage\":{\"@id\":\"https:\\\/\\\/vithas.es\\\/ca\\\/comunicacio\\\/actualitat\\\/mes-de-400-professionals-sinteressen-per-loferta-docupacio-de-lhospital-vithas-barcelona-a-la-fira-girafeina-esplugues\\\/\"},\"wordCount\":355,\"publisher\":{\"@id\":\"https:\\\/\\\/vithas.es\\\/#organization\"},\"image\":{\"@id\":\"https:\\\/\\\/vithas.es\\\/ca\\\/comunicacio\\\/actualitat\\\/mes-de-400-professionals-sinteressen-per-loferta-docupacio-de-lhospital-vithas-barcelona-a-la-fira-girafeina-esplugues\\\/#primaryimage\"},\"thumbnailUrl\":\"https:\\\/\\\/vithas.es\\\/wp-content\\\/uploads\\\/2025\\\/10\\\/Foto-Vithas-1_GiraFeina-Esplugues.jpeg\",\"articleSection\":[\"Hospital Barcelona\"],\"inLanguage\":\"ca\"},{\"@type\":\"WebPage\",\"@id\":\"https:\\\/\\\/vithas.es\\\/ca\\\/comunicacio\\\/actualitat\\\/mes-de-400-professionals-sinteressen-per-loferta-docupacio-de-lhospital-vithas-barcelona-a-la-fira-girafeina-esplugues\\\/\",\"url\":\"https:\\\/\\\/vithas.es\\\/ca\\\/comunicacio\\\/actualitat\\\/mes-de-400-professionals-sinteressen-per-loferta-docupacio-de-lhospital-vithas-barcelona-a-la-fira-girafeina-esplugues\\\/\",\"name\":\"M\u00e9s de 400 professionals s\u2019interessen per l\u2019oferta d\u2019ocupaci\u00f3 de l\u2019Hospital Vithas Barcelona a la fira GiraFeina Esplugues - Vithas\",\"isPartOf\":{\"@id\":\"https:\\\/\\\/vithas.es\\\/#website\"},\"primaryImageOfPage\":{\"@id\":\"https:\\\/\\\/vithas.es\\\/ca\\\/comunicacio\\\/actualitat\\\/mes-de-400-professionals-sinteressen-per-loferta-docupacio-de-lhospital-vithas-barcelona-a-la-fira-girafeina-esplugues\\\/#primaryimage\"},\"image\":{\"@id\":\"https:\\\/\\\/vithas.es\\\/ca\\\/comunicacio\\\/actualitat\\\/mes-de-400-professionals-sinteressen-per-loferta-docupacio-de-lhospital-vithas-barcelona-a-la-fira-girafeina-esplugues\\\/#primaryimage\"},\"thumbnailUrl\":\"https:\\\/\\\/vithas.es\\\/wp-content\\\/uploads\\\/2025\\\/10\\\/Foto-Vithas-1_GiraFeina-Esplugues.jpeg\",\"datePublished\":\"2025-10-14T13:42:26+00:00\",\"dateModified\":\"2026-04-14T11:31:04+00:00\",\"breadcrumb\":{\"@id\":\"https:\\\/\\\/vithas.es\\\/ca\\\/comunicacio\\\/actualitat\\\/mes-de-400-professionals-sinteressen-per-loferta-docupacio-de-lhospital-vithas-barcelona-a-la-fira-girafeina-esplugues\\\/#breadcrumb\"},\"inLanguage\":\"ca\",\"potentialAction\":[{\"@type\":\"ReadAction\",\"target\":[\"https:\\\/\\\/vithas.es\\\/ca\\\/comunicacio\\\/actualitat\\\/mes-de-400-professionals-sinteressen-per-loferta-docupacio-de-lhospital-vithas-barcelona-a-la-fira-girafeina-esplugues\\\/\"]}]},{\"@type\":\"ImageObject\",\"inLanguage\":\"ca\",\"@id\":\"https:\\\/\\\/vithas.es\\\/ca\\\/comunicacio\\\/actualitat\\\/mes-de-400-professionals-sinteressen-per-loferta-docupacio-de-lhospital-vithas-barcelona-a-la-fira-girafeina-esplugues\\\/#primaryimage\",\"url\":\"https:\\\/\\\/vithas.es\\\/wp-content\\\/uploads\\\/2025\\\/10\\\/Foto-Vithas-1_GiraFeina-Esplugues.jpeg\",\"contentUrl\":\"https:\\\/\\\/vithas.es\\\/wp-content\\\/uploads\\\/2025\\\/10\\\/Foto-Vithas-1_GiraFeina-Esplugues.jpeg\",\"width\":4911,\"height\":3273},{\"@type\":\"BreadcrumbList\",\"@id\":\"https:\\\/\\\/vithas.es\\\/ca\\\/comunicacio\\\/actualitat\\\/mes-de-400-professionals-sinteressen-per-loferta-docupacio-de-lhospital-vithas-barcelona-a-la-fira-girafeina-esplugues\\\/#breadcrumb\",\"itemListElement\":[{\"@type\":\"ListItem\",\"position\":1,\"name\":\"Hospitales Vithas\",\"item\":\"https:\\\/\\\/vithas.es\\\/ca\\\/\"},{\"@type\":\"ListItem\",\"position\":2,\"name\":\"M\u00e9s de 400 professionals s\u2019interessen per l\u2019oferta d\u2019ocupaci\u00f3 de l\u2019Hospital Vithas Barcelona a la fira GiraFeina Esplugues\"}]},{\"@type\":\"WebSite\",\"@id\":\"https:\\\/\\\/vithas.es\\\/#website\",\"url\":\"https:\\\/\\\/vithas.es\\\/\",\"name\":\"Vithas\",\"description\":\"Vivir para cuidarte\",\"publisher\":{\"@id\":\"https:\\\/\\\/vithas.es\\\/#organization\"},\"potentialAction\":[{\"@type\":\"SearchAction\",\"target\":{\"@type\":\"EntryPoint\",\"urlTemplate\":\"https:\\\/\\\/vithas.es\\\/?s={search_term_string}\"},\"query-input\":{\"@type\":\"PropertyValueSpecification\",\"valueRequired\":true,\"valueName\":\"search_term_string\"}}],\"inLanguage\":\"ca\"},{\"@type\":\"Organization\",\"@id\":\"https:\\\/\\\/vithas.es\\\/#organization\",\"name\":\"Vithas\",\"url\":\"https:\\\/\\\/vithas.es\\\/\",\"logo\":{\"@type\":\"ImageObject\",\"inLanguage\":\"ca\",\"@id\":\"https:\\\/\\\/vithas.es\\\/#\\\/schema\\\/logo\\\/image\\\/\",\"url\":\"https:\\\/\\\/vithas.es\\\/wp-content\\\/uploads\\\/2021\\\/07\\\/vithas-beat-horizontal.svg\",\"contentUrl\":\"https:\\\/\\\/vithas.es\\\/wp-content\\\/uploads\\\/2021\\\/07\\\/vithas-beat-horizontal.svg\",\"width\":406,\"height\":84,\"caption\":\"Vithas\"},\"image\":{\"@id\":\"https:\\\/\\\/vithas.es\\\/#\\\/schema\\\/logo\\\/image\\\/\"},\"sameAs\":[\"https:\\\/\\\/es-es.facebook.com\\\/HospitalesVithas\\\/\",\"https:\\\/\\\/x.com\\\/Vithas\",\"https:\\\/\\\/www.instagram.com\\\/vithas_hospitales\\\/\",\"https:\\\/\\\/www.linkedin.com\\\/company\\\/vithas-hospital\\\/\",\"https:\\\/\\\/www.youtube.com\\\/channel\\\/UC4Dc3WWg5HzldDibyzFpw2Q\"]},{\"@type\":\"Person\",\"@id\":\"https:\\\/\\\/vithas.es\\\/#\\\/schema\\\/person\\\/23aa266fbb4c5a64b2467c4625c7998c\",\"name\":\"Duomo\",\"image\":{\"@type\":\"ImageObject\",\"inLanguage\":\"ca\",\"@id\":\"https:\\\/\\\/secure.gravatar.com\\\/avatar\\\/e7e5837db7fd56beda79ddb09cb23bb04869855c97530a9112d80cf63e0e253c?s=96&d=mm&r=g\",\"url\":\"https:\\\/\\\/secure.gravatar.com\\\/avatar\\\/e7e5837db7fd56beda79ddb09cb23bb04869855c97530a9112d80cf63e0e253c?s=96&d=mm&r=g\",\"contentUrl\":\"https:\\\/\\\/secure.gravatar.com\\\/avatar\\\/e7e5837db7fd56beda79ddb09cb23bb04869855c97530a9112d80cf63e0e253c?s=96&d=mm&r=g\",\"caption\":\"Duomo\"},\"url\":\"https:\\\/\\\/vithas.es\\\/ca\\\/author\\\/mramiladuomocomunicacion-com\\\/\"}]}<\/script>\n<!-- \/ Yoast SEO Premium plugin. -->","yoast_head_json":{"title":"M\u00e9s de 400 professionals s\u2019interessen per l\u2019oferta d\u2019ocupaci\u00f3 de l\u2019Hospital Vithas Barcelona a la fira GiraFeina Esplugues - Vithas","robots":{"index":"index","follow":"follow","max-snippet":"max-snippet:-1","max-image-preview":"max-image-preview:large","max-video-preview":"max-video-preview:-1"},"canonical":"https:\/\/vithas.es\/ca\/comunicacio\/actualitat\/mes-de-400-professionals-sinteressen-per-loferta-docupacio-de-lhospital-vithas-barcelona-a-la-fira-girafeina-esplugues\/","og_locale":"ca_ES","og_type":"article","og_title":"M\u00e9s de 400 professionals s\u2019interessen per l\u2019oferta d\u2019ocupaci\u00f3 de l\u2019Hospital Vithas Barcelona a la fira GiraFeina Esplugues - Vithas","og_description":"El grup Vithas va presentar aquest dimarts durant la fira d'ocupaci\u00f3 GiraFeina Esplugues 2024 la seva oferta de contractaci\u00f3 de fins a 1.800 professionals per al seu nou Hospital Vithas Barcelona, l'obertura del qual est\u00e0 prevista per a mitjan de 2025. En aquesta primera edici\u00f3 de la jornada, organitzada a l\u2019Espai Baronda per l'Ajuntament d'Esplugues [&hellip;]","og_url":"https:\/\/vithas.es\/ca\/comunicacio\/actualitat\/mes-de-400-professionals-sinteressen-per-loferta-docupacio-de-lhospital-vithas-barcelona-a-la-fira-girafeina-esplugues\/","og_site_name":"Vithas","article_publisher":"https:\/\/es-es.facebook.com\/HospitalesVithas\/","article_published_time":"2025-10-14T13:42:26+00:00","article_modified_time":"2026-04-14T11:31:04+00:00","og_image":[{"width":1024,"height":682,"url":"https:\/\/vithas.es\/wp-content\/uploads\/2025\/10\/Foto-Vithas-1_GiraFeina-Esplugues-1024x682.jpeg","type":"image\/jpeg"}],"author":"Duomo","twitter_card":"summary_large_image","twitter_creator":"@Vithas","twitter_site":"@Vithas","twitter_misc":{"Written by":"Duomo","Est. reading time":"2 minutes"},"schema":{"@context":"https:\/\/schema.org","@graph":[{"@type":"Article","@id":"https:\/\/vithas.es\/ca\/comunicacio\/actualitat\/mes-de-400-professionals-sinteressen-per-loferta-docupacio-de-lhospital-vithas-barcelona-a-la-fira-girafeina-esplugues\/#article","isPartOf":{"@id":"https:\/\/vithas.es\/ca\/comunicacio\/actualitat\/mes-de-400-professionals-sinteressen-per-loferta-docupacio-de-lhospital-vithas-barcelona-a-la-fira-girafeina-esplugues\/"},"author":{"name":"Duomo","@id":"https:\/\/vithas.es\/#\/schema\/person\/23aa266fbb4c5a64b2467c4625c7998c"},"headline":"M\u00e9s de 400 professionals s\u2019interessen per l\u2019oferta d\u2019ocupaci\u00f3 de l\u2019Hospital Vithas Barcelona a la fira GiraFeina Esplugues","datePublished":"2025-10-14T13:42:26+00:00","dateModified":"2026-04-14T11:31:04+00:00","mainEntityOfPage":{"@id":"https:\/\/vithas.es\/ca\/comunicacio\/actualitat\/mes-de-400-professionals-sinteressen-per-loferta-docupacio-de-lhospital-vithas-barcelona-a-la-fira-girafeina-esplugues\/"},"wordCount":355,"publisher":{"@id":"https:\/\/vithas.es\/#organization"},"image":{"@id":"https:\/\/vithas.es\/ca\/comunicacio\/actualitat\/mes-de-400-professionals-sinteressen-per-loferta-docupacio-de-lhospital-vithas-barcelona-a-la-fira-girafeina-esplugues\/#primaryimage"},"thumbnailUrl":"https:\/\/vithas.es\/wp-content\/uploads\/2025\/10\/Foto-Vithas-1_GiraFeina-Esplugues.jpeg","articleSection":["Hospital Barcelona"],"inLanguage":"ca"},{"@type":"WebPage","@id":"https:\/\/vithas.es\/ca\/comunicacio\/actualitat\/mes-de-400-professionals-sinteressen-per-loferta-docupacio-de-lhospital-vithas-barcelona-a-la-fira-girafeina-esplugues\/","url":"https:\/\/vithas.es\/ca\/comunicacio\/actualitat\/mes-de-400-professionals-sinteressen-per-loferta-docupacio-de-lhospital-vithas-barcelona-a-la-fira-girafeina-esplugues\/","name":"M\u00e9s de 400 professionals s\u2019interessen per l\u2019oferta d\u2019ocupaci\u00f3 de l\u2019Hospital Vithas Barcelona a la fira GiraFeina Esplugues - Vithas","isPartOf":{"@id":"https:\/\/vithas.es\/#website"},"primaryImageOfPage":{"@id":"https:\/\/vithas.es\/ca\/comunicacio\/actualitat\/mes-de-400-professionals-sinteressen-per-loferta-docupacio-de-lhospital-vithas-barcelona-a-la-fira-girafeina-esplugues\/#primaryimage"},"image":{"@id":"https:\/\/vithas.es\/ca\/comunicacio\/actualitat\/mes-de-400-professionals-sinteressen-per-loferta-docupacio-de-lhospital-vithas-barcelona-a-la-fira-girafeina-esplugues\/#primaryimage"},"thumbnailUrl":"https:\/\/vithas.es\/wp-content\/uploads\/2025\/10\/Foto-Vithas-1_GiraFeina-Esplugues.jpeg","datePublished":"2025-10-14T13:42:26+00:00","dateModified":"2026-04-14T11:31:04+00:00","breadcrumb":{"@id":"https:\/\/vithas.es\/ca\/comunicacio\/actualitat\/mes-de-400-professionals-sinteressen-per-loferta-docupacio-de-lhospital-vithas-barcelona-a-la-fira-girafeina-esplugues\/#breadcrumb"},"inLanguage":"ca","potentialAction":[{"@type":"ReadAction","target":["https:\/\/vithas.es\/ca\/comunicacio\/actualitat\/mes-de-400-professionals-sinteressen-per-loferta-docupacio-de-lhospital-vithas-barcelona-a-la-fira-girafeina-esplugues\/"]}]},{"@type":"ImageObject","inLanguage":"ca","@id":"https:\/\/vithas.es\/ca\/comunicacio\/actualitat\/mes-de-400-professionals-sinteressen-per-loferta-docupacio-de-lhospital-vithas-barcelona-a-la-fira-girafeina-esplugues\/#primaryimage","url":"https:\/\/vithas.es\/wp-content\/uploads\/2025\/10\/Foto-Vithas-1_GiraFeina-Esplugues.jpeg","contentUrl":"https:\/\/vithas.es\/wp-content\/uploads\/2025\/10\/Foto-Vithas-1_GiraFeina-Esplugues.jpeg","width":4911,"height":3273},{"@type":"BreadcrumbList","@id":"https:\/\/vithas.es\/ca\/comunicacio\/actualitat\/mes-de-400-professionals-sinteressen-per-loferta-docupacio-de-lhospital-vithas-barcelona-a-la-fira-girafeina-esplugues\/#breadcrumb","itemListElement":[{"@type":"ListItem","position":1,"name":"Hospitales Vithas","item":"https:\/\/vithas.es\/ca\/"},{"@type":"ListItem","position":2,"name":"M\u00e9s de 400 professionals s\u2019interessen per l\u2019oferta d\u2019ocupaci\u00f3 de l\u2019Hospital Vithas Barcelona a la fira GiraFeina Esplugues"}]},{"@type":"WebSite","@id":"https:\/\/vithas.es\/#website","url":"https:\/\/vithas.es\/","name":"Vithas","description":"Vivir para cuidarte","publisher":{"@id":"https:\/\/vithas.es\/#organization"},"potentialAction":[{"@type":"SearchAction","target":{"@type":"EntryPoint","urlTemplate":"https:\/\/vithas.es\/?s={search_term_string}"},"query-input":{"@type":"PropertyValueSpecification","valueRequired":true,"valueName":"search_term_string"}}],"inLanguage":"ca"},{"@type":"Organization","@id":"https:\/\/vithas.es\/#organization","name":"Vithas","url":"https:\/\/vithas.es\/","logo":{"@type":"ImageObject","inLanguage":"ca","@id":"https:\/\/vithas.es\/#\/schema\/logo\/image\/","url":"https:\/\/vithas.es\/wp-content\/uploads\/2021\/07\/vithas-beat-horizontal.svg","contentUrl":"https:\/\/vithas.es\/wp-content\/uploads\/2021\/07\/vithas-beat-horizontal.svg","width":406,"height":84,"caption":"Vithas"},"image":{"@id":"https:\/\/vithas.es\/#\/schema\/logo\/image\/"},"sameAs":["https:\/\/es-es.facebook.com\/HospitalesVithas\/","https:\/\/x.com\/Vithas","https:\/\/www.instagram.com\/vithas_hospitales\/","https:\/\/www.linkedin.com\/company\/vithas-hospital\/","https:\/\/www.youtube.com\/channel\/UC4Dc3WWg5HzldDibyzFpw2Q"]},{"@type":"Person","@id":"https:\/\/vithas.es\/#\/schema\/person\/23aa266fbb4c5a64b2467c4625c7998c","name":"Duomo","image":{"@type":"ImageObject","inLanguage":"ca","@id":"https:\/\/secure.gravatar.com\/avatar\/e7e5837db7fd56beda79ddb09cb23bb04869855c97530a9112d80cf63e0e253c?s=96&d=mm&r=g","url":"https:\/\/secure.gravatar.com\/avatar\/e7e5837db7fd56beda79ddb09cb23bb04869855c97530a9112d80cf63e0e253c?s=96&d=mm&r=g","contentUrl":"https:\/\/secure.gravatar.com\/avatar\/e7e5837db7fd56beda79ddb09cb23bb04869855c97530a9112d80cf63e0e253c?s=96&d=mm&r=g","caption":"Duomo"},"url":"https:\/\/vithas.es\/ca\/author\/mramiladuomocomunicacion-com\/"}]}},"meta_box":{"vth_type_news":{"term_id":2553,"name":"Actualitat","slug":"actualitat","term_group":0,"term_taxonomy_id":2553,"taxonomy":"post_type_category","description":"","parent":0,"count":21,"filter":"raw"},"vth_opening_paragraph":"<ul>\r\n<li>Vithas crear\u00e0 fins a 1.800 llocs de treball sanitaris i no sanitaris per cobrir les diverses \u00e0rees d'activitat del seu nou centre hospitalari, que obrir\u00e0 les seves portes a mitjan 2025.<\/li>\r\n<li>El grup sanitari va ser una de les empreses participants en la primera edici\u00f3 de GiraFeina Esplugues 2024, la fira d'ocupaci\u00f3 impulsada per l'Ajuntament del municipi en col\u00b7laboraci\u00f3 amb la Cambra de Comer\u00e7 de Barcelona.<\/li>\r\n<\/ul>","vth_image_description":"","vth_boiler_plate":"<p><strong><em>Sobre Vithas<\/em><\/strong> El grup Vithas est\u00e0 integrat per 20 hospitals i 38 centres m\u00e8dics i assistencials distribu\u00efts en 14 prov\u00edncies. Els 12.600 professionals que conformen Vithas han convertit el grup en un dels l\u00edders de la sanitat espanyola. A m\u00e9s, el grup integra la <a href=\"https:\/\/fundacion.vithas.es\/\">Fundaci\u00f3n Vithas<\/a>, <a href=\"https:\/\/www.vithaslab.es\/\">Vithas Red Diagn\u00f3stica<\/a> i la central de compres <a href=\"https:\/\/www.plazasalud.es\/\">PlazaSalud<\/a>. \u00a0 Vithas, recolzada pel grup <a href=\"https:\/\/www.goodgrower.com\/\">Goodgrower<\/a>, fonamenta la seva estrat\u00e8gia corporativa en la qualitat assistencial acreditada, l'experi\u00e8ncia del pacient, la recerca i la innovaci\u00f3 i el comprom\u00eds social i mediambiental. \u00a0 <a href=\"http:\/\/www.vithas.es\">Vithas.es<\/a> <a href=\"blank\">Goodgrower.com<\/a> Segueix-nos a: <a href=\"https:\/\/es.linkedin.com\/company\/vithas-hospital\">LinkedIn<\/a> <a href=\"https:\/\/www.instagram.com\/vithas_hospitales\/?hl=es\">Instagram<\/a> <a href=\"https:\/\/www.facebook.com\/HospitalesVithas\">Facebook<\/a> <a href=\"https:\/\/twitter.com\/Vithas\">X<\/a> <a href=\"https:\/\/www.youtube.com\/Vithashospital\">Youtube<\/a><\/p>","vth_author":"","vth_type":"","vth_video":"","vth_kentico_id":"","vth_is_all_center_selected":"0","vth_is_corporate":"1","type":false,"image":false,"video":false,"imageVideo":false,"title":false,"cta":[],"cards":[],"card":[],"tabElement":[],"feature":[],"description":false,"imageBanner":false,"benefits":[],"asesor":[],"column_left":[],"column_right":[],"textMap":false,"banner":[],"boxes":[],"videoURL":false,"textInfo":false,"id":false,"background":false,"values":[],"placeholderIndex1":false,"placeholderIndex2":false,"placeholderIndex3":false,"textButton":false,"textNoResults":false,"textSearchError":false,"script":false,"linkAll":false,"placeHolderCenter":false,"title_menu":false,"placeholderCenter":false,"placeholderSpecialty":false,"placeholderDate":false,"titleLeft":false,"phone":false,"mail":false,"titleRight":false,"placeholder":false,"datePicker":false,"postType":false,"background_cards":false,"background_cards_description":false,"accordion":[],"videoType":false,"isAutoPlay":false,"transitionImage":false,"speedImage":false,"hasText":false,"hasCardBorder":false,"cardBorderWidth":false,"cardColorBorder":false,"text":false,"colorTextBackground":false,"verticalPlacementWeb":false,"horizontalPlacementWeb":false,"paddingTopText":false,"paddingBottomText":false,"paddingLeftText":false,"paddingRightText":false,"cardWidthWeb":false,"hasAppButton":false,"hasButton":false,"link":false,"newTarget":false,"colorButtonDefault":false,"colorButtonDefaultBackground":false,"colorButtonDefaultBorder":false,"colorButtonHover":false,"colorButtonHoverBackground":false,"colorButtonHoverBorder":false,"buttonBorderWidth":false,"buttonBorderMarginTop":false,"buttonBorderMarginBottom":false,"buttonBorderMarginLeft":false,"buttonBorderMarginRight":false,"showTextInMobile":false,"cardWidthMobile":false,"verticalPlacementMobile":false,"horizontalPlacementMobile":false,"showButtonInMobile":false,"images":[],"name":false,"surname":false,"email":false,"areas":[],"button":false,"description_conditions":false,"title_policy":false,"description_policy":false,"company":false,"location":false,"interest":[],"background_block":false,"columns":false,"type_block":false,"level_title":false,"check_type":false,"subtitle":false,"class_style":false,"background_card":false,"is_form":false,"background_form":false,"form_title":false,"short_code":false,"color_background":false,"color_title":false,"color_text":false,"cards_size":false,"wrapper":false,"my_address":false,"map":false,"links":[],"vth_is_location_selector":false,"vth_location":false,"float_buttons":[],"image_warranty":[],"centers":[],"sliders":[],"post_type":false,"filters":[],"button_title":false,"vth_treatments_process":[],"reverse":false,"category":false,"post_to_center_to":[314660],"post_to_specialty_to":[],"post_to_medicalunit_to":[],"post_to_specialist_to":[]},"_links":{"self":[{"href":"https:\/\/vithas.es\/ca\/wp-json\/wp\/v2\/posts\/319732","targetHints":{"allow":["GET"]}}],"collection":[{"href":"https:\/\/vithas.es\/ca\/wp-json\/wp\/v2\/posts"}],"about":[{"href":"https:\/\/vithas.es\/ca\/wp-json\/wp\/v2\/types\/post"}],"author":[{"embeddable":true,"href":"https:\/\/vithas.es\/ca\/wp-json\/wp\/v2\/users\/35"}],"replies":[{"embeddable":true,"href":"https:\/\/vithas.es\/ca\/wp-json\/wp\/v2\/comments?post=319732"}],"version-history":[{"count":1,"href":"https:\/\/vithas.es\/ca\/wp-json\/wp\/v2\/posts\/319732\/revisions"}],"predecessor-version":[{"id":319737,"href":"https:\/\/vithas.es\/ca\/wp-json\/wp\/v2\/posts\/319732\/revisions\/319737"}],"wp:featuredmedia":[{"embeddable":true,"href":"https:\/\/vithas.es\/ca\/wp-json\/wp\/v2\/media\/319733"}],"wp:attachment":[{"href":"https:\/\/vithas.es\/ca\/wp-json\/wp\/v2\/media?parent=319732"}],"wp:term":[{"taxonomy":"category","embeddable":true,"href":"https:\/\/vithas.es\/ca\/wp-json\/wp\/v2\/categories?post=319732"},{"taxonomy":"post_tag","embeddable":true,"href":"https:\/\/vithas.es\/ca\/wp-json\/wp\/v2\/tags?post=319732"},{"taxonomy":"post_type_category","embeddable":true,"href":"https:\/\/vithas.es\/ca\/wp-json\/wp\/v2\/post_type_category?post=319732"}],"curies":[{"name":"wp","href":"https:\/\/api.w.org\/{rel}","templated":true}]}}