{"id":329175,"date":"2025-12-12T13:56:32","date_gmt":"2025-12-12T12:56:32","guid":{"rendered":"https:\/\/vithas.es\/?p=329175"},"modified":"2026-04-14T13:30:28","modified_gmt":"2026-04-14T11:30:28","slug":"lhospital-vithas-barcelona-aten-les-urgencies-generals-en-menys-de-20-minuts","status":"publish","type":"post","link":"https:\/\/vithas.es\/ca\/comunicacio\/actualitat\/lhospital-vithas-barcelona-aten-les-urgencies-generals-en-menys-de-20-minuts\/","title":{"rendered":"L\u2019Hospital Vithas Barcelona at\u00e9n les urg\u00e8ncies generals en menys de 20 minuts"},"content":{"rendered":"\n<p>L\u2019Hospital Vithas Barcelona compta amb un Servei d\u2019Urg\u00e8ncies 24 hores optimitzat per oferir una atenci\u00f3 r\u00e0pida i eficient, especialment coincidint amb l\u2019augment de casos de grip i altres infeccions respirat\u00f2ries. Despr\u00e9s de la seva recent obertura a Esplugues de Llobregat, el nou centre hospitalari ofereix una atenci\u00f3 \u00e0gil, especialitzada i personalitzada a la poblaci\u00f3 del Baix Llobregat, Barcelona i la seva \u00e0rea metropolitana. Gr\u00e0cies als seus circuits diferenciats i als seus protocols d\u2019atenci\u00f3, l\u2019equip m\u00e8dic at\u00e9n les urg\u00e8ncies generals en menys de 20 minuts de mitjana.<\/p>\n\n\n\n<p>Com ha detallat la<strong> directora m\u00e8dica de l\u2019Hospital Vithas Barcelona, Dra. Eva Bargall\u00f3<\/strong>, \u201cdes que els pacients s\u00f3n valorats en el triatge i s\u00f3n atesos en una consulta m\u00e8dica, transcorren menys de 20 minuts de mitjana\u201d.<\/p>\n\n\n\n<p>En aquest sentit, Bargall\u00f3 ha remarcat que el disseny de les Urg\u00e8ncies amb circuits diferenciats per a pacients adults i pedi\u00e0trics, juntament amb el sistema de triatge avan\u00e7at, han contribu\u00eft a aquesta agilitat en l\u2019atenci\u00f3: \u201cEns permeten minimitzar els temps d\u2019espera en dirigir cada pacient a l\u2019especialista adequat i realitzar proves sense que el pacient hagi de tornar a la sala d\u2019espera, millorant la seva experi\u00e8ncia i la flu\u00efdesa assistencial de tota l\u2019\u00e0rea\u201d.<\/p>\n\n\n\n<p>A m\u00e9s,<strong> la cap de Servei de Pediatria, Dra. Laura Castells<\/strong>, ha subratllat que \u201cel circuit d\u2019Urg\u00e8ncies Pedi\u00e0triques diferenciat no nom\u00e9s proporciona una atenci\u00f3 m\u00e8dica espec\u00edfica i especialitzada als m\u00e9s petits, sin\u00f3 tamb\u00e9 un ambient m\u00e9s tranquil i adaptat, la qual cosa \u00e9s vital per al benestar dels infants\u201d.<\/p>\n\n\n\n<p><strong>Grip i altres infeccions respirat\u00f2ries: quan cal acudir a urg\u00e8ncies<\/strong><\/p>\n\n\n\n<p>En un moment d\u2019increment dels casos de grip i altres infeccions respirat\u00f2ries, la doctora Bargall\u00f3 tamb\u00e9 recorda que, despr\u00e9s de detectar els primers s\u00edmptomes, \u201c\u00e9s especialment recomanable que acudeixin a urg\u00e8ncies les persones que sentin que els costa respirar, que tinguin febre alta que no baixa o que notin dolor o mol\u00e8sties a la zona de les costelles\u201d.<\/p>\n\n\n\n<p>Per la seva banda, la pediatra Laura Castells tamb\u00e9 ha destacat que estan augmentant els casos en pacients pedi\u00e0trics, per als quals \u00e9s important fer un bon seguiment dels s\u00edmptomes. \u201cEn acudir a l\u2019hospital, valorem si hi ha algun dolor o taponament que, per la seva edat, no s\u00e0piguen expressar i que hagi de ser tractat per prevenir complicacions\u201d, ha subratllat.<\/p>\n\n\n\n<p><strong>S\u00edmptomes similars amb difer\u00e8ncies clau<\/strong><\/p>\n\n\n\n<p>Com explica la doctora Bargall\u00f3, les consultes m\u00e9s freq\u00fcents estan relacionades amb la grip i el refredat, que presenten s\u00edmptomes similars per\u00f2 amb algunes difer\u00e8ncies clau. \u201cLa grip sol ser de m\u00e9s intensitat i apareix m\u00e9s sobtadament amb febre alta, mentre que el refredat \u00e9s m\u00e9s gradual i \u00e9s menys habitual que provoqui febre o aquesta \u00e9s m\u00e9s lleu\u201d.<\/p>\n\n\n\n<p>El dolor muscular, les esgarrifances i el mal de cap tamb\u00e9 solen associar-se a la grip, que pot durar una mica m\u00e9s d\u2019una setmana, mentre que el refredat sol comportar mal de coll i congesti\u00f3 nasal i se supera en menys dies. A m\u00e9s, si b\u00e9 la incid\u00e8ncia de la COVID-19 enguany no est\u00e0 sent tan destacada, la doctora recorda que els seus s\u00edmptomes s\u00f3n molt semblants als de la grip, per\u00f2 de \u201cm\u00e9s intensitat, tos seca i intensa i sensaci\u00f3 de manca d\u2019aire m\u00e9s habitualment\u201d.<\/p>\n\n\n\n<p>El que s\u00ed tenen en com\u00fa els diferents virus respiratoris \u00e9s que el seu tractament se centra en els s\u00edmptomes i que els antibi\u00f2tics no s\u00f3n efica\u00e7os, ja que estan indicats per a les infeccions bacterianes (no v\u00edriques). \u201c\u00c9s aconsellable seguir les indicacions d\u2019un especialista i evitar contagis amb mesures de prevenci\u00f3 com la mascareta, especialment a l\u2019hora d\u2019acudir a urg\u00e8ncies\u201d, remarca Bargall\u00f3.<\/p>\n","protected":false},"excerpt":{"rendered":"<p>L\u2019Hospital Vithas Barcelona compta amb un Servei d\u2019Urg\u00e8ncies 24 hores optimitzat per oferir una atenci\u00f3 r\u00e0pida i eficient, especialment coincidint amb l\u2019augment de casos de grip i altres infeccions respirat\u00f2ries. Despr\u00e9s de la seva recent obertura a Esplugues de Llobregat, el nou centre hospitalari ofereix una atenci\u00f3 \u00e0gil, especialitzada i personalitzada a la poblaci\u00f3 del [&hellip;]<\/p>\n","protected":false},"author":35,"featured_media":329167,"comment_status":"closed","ping_status":"open","sticky":false,"template":"","format":"standard","meta":{"footnotes":""},"categories":[1],"tags":[],"post_type_category":[2553],"class_list":["post-329175","post","type-post","status-publish","format-standard","has-post-thumbnail","hentry"],"yoast_head":"<!-- This site is optimized with the Yoast SEO Premium plugin v27.3 (Yoast SEO v27.3) - https:\/\/yoast.com\/product\/yoast-seo-premium-wordpress\/ -->\n<title>L\u2019Hospital Vithas Barcelona at\u00e9n les urg\u00e8ncies generals en menys de 20 minuts - Vithas<\/title>\n<meta name=\"robots\" content=\"index, follow, max-snippet:-1, max-image-preview:large, max-video-preview:-1\" \/>\n<link rel=\"canonical\" href=\"https:\/\/vithas.es\/ca\/comunicacio\/actualitat\/lhospital-vithas-barcelona-aten-les-urgencies-generals-en-menys-de-20-minuts\/\" \/>\n<meta property=\"og:locale\" content=\"ca_ES\" \/>\n<meta property=\"og:type\" content=\"article\" \/>\n<meta property=\"og:title\" content=\"L\u2019Hospital Vithas Barcelona at\u00e9n les urg\u00e8ncies generals en menys de 20 minuts - Vithas\" \/>\n<meta property=\"og:description\" content=\"L\u2019Hospital Vithas Barcelona compta amb un Servei d\u2019Urg\u00e8ncies 24 hores optimitzat per oferir una atenci\u00f3 r\u00e0pida i eficient, especialment coincidint amb l\u2019augment de casos de grip i altres infeccions respirat\u00f2ries. Despr\u00e9s de la seva recent obertura a Esplugues de Llobregat, el nou centre hospitalari ofereix una atenci\u00f3 \u00e0gil, especialitzada i personalitzada a la poblaci\u00f3 del [&hellip;]\" \/>\n<meta property=\"og:url\" content=\"https:\/\/vithas.es\/ca\/comunicacio\/actualitat\/lhospital-vithas-barcelona-aten-les-urgencies-generals-en-menys-de-20-minuts\/\" \/>\n<meta property=\"og:site_name\" content=\"Vithas\" \/>\n<meta property=\"article:publisher\" content=\"https:\/\/es-es.facebook.com\/HospitalesVithas\/\" \/>\n<meta property=\"article:published_time\" content=\"2025-12-12T12:56:32+00:00\" \/>\n<meta property=\"article:modified_time\" content=\"2026-04-14T11:30:28+00:00\" \/>\n<meta property=\"og:image\" content=\"https:\/\/vithas.es\/wp-content\/uploads\/2025\/12\/Foto_Eva-Bargallo_Hospital-Vithas-Barcelona.jpeg\" \/>\n\t<meta property=\"og:image:width\" content=\"1434\" \/>\n\t<meta property=\"og:image:height\" content=\"1045\" \/>\n\t<meta property=\"og:image:type\" content=\"image\/jpeg\" \/>\n<meta name=\"author\" content=\"Duomo\" \/>\n<meta name=\"twitter:card\" content=\"summary_large_image\" \/>\n<meta name=\"twitter:creator\" content=\"@Vithas\" \/>\n<meta name=\"twitter:site\" content=\"@Vithas\" \/>\n<meta name=\"twitter:label1\" content=\"Written by\" \/>\n\t<meta name=\"twitter:data1\" content=\"Duomo\" \/>\n\t<meta name=\"twitter:label2\" content=\"Est. reading time\" \/>\n\t<meta name=\"twitter:data2\" content=\"3 minutes\" \/>\n<script type=\"application\/ld+json\" class=\"yoast-schema-graph\">{\"@context\":\"https:\\\/\\\/schema.org\",\"@graph\":[{\"@type\":\"Article\",\"@id\":\"https:\\\/\\\/vithas.es\\\/ca\\\/comunicacio\\\/actualitat\\\/lhospital-vithas-barcelona-aten-les-urgencies-generals-en-menys-de-20-minuts\\\/#article\",\"isPartOf\":{\"@id\":\"https:\\\/\\\/vithas.es\\\/ca\\\/comunicacio\\\/actualitat\\\/lhospital-vithas-barcelona-aten-les-urgencies-generals-en-menys-de-20-minuts\\\/\"},\"author\":{\"name\":\"Duomo\",\"@id\":\"https:\\\/\\\/vithas.es\\\/#\\\/schema\\\/person\\\/23aa266fbb4c5a64b2467c4625c7998c\"},\"headline\":\"L\u2019Hospital Vithas Barcelona at\u00e9n les urg\u00e8ncies generals en menys de 20 minuts\",\"datePublished\":\"2025-12-12T12:56:32+00:00\",\"dateModified\":\"2026-04-14T11:30:28+00:00\",\"mainEntityOfPage\":{\"@id\":\"https:\\\/\\\/vithas.es\\\/ca\\\/comunicacio\\\/actualitat\\\/lhospital-vithas-barcelona-aten-les-urgencies-generals-en-menys-de-20-minuts\\\/\"},\"wordCount\":675,\"publisher\":{\"@id\":\"https:\\\/\\\/vithas.es\\\/#organization\"},\"image\":{\"@id\":\"https:\\\/\\\/vithas.es\\\/ca\\\/comunicacio\\\/actualitat\\\/lhospital-vithas-barcelona-aten-les-urgencies-generals-en-menys-de-20-minuts\\\/#primaryimage\"},\"thumbnailUrl\":\"https:\\\/\\\/vithas.es\\\/wp-content\\\/uploads\\\/2025\\\/12\\\/Foto_Eva-Bargallo_Hospital-Vithas-Barcelona.jpeg\",\"articleSection\":[\"Sin categorizar\"],\"inLanguage\":\"ca\"},{\"@type\":\"WebPage\",\"@id\":\"https:\\\/\\\/vithas.es\\\/ca\\\/comunicacio\\\/actualitat\\\/lhospital-vithas-barcelona-aten-les-urgencies-generals-en-menys-de-20-minuts\\\/\",\"url\":\"https:\\\/\\\/vithas.es\\\/ca\\\/comunicacio\\\/actualitat\\\/lhospital-vithas-barcelona-aten-les-urgencies-generals-en-menys-de-20-minuts\\\/\",\"name\":\"L\u2019Hospital Vithas Barcelona at\u00e9n les urg\u00e8ncies generals en menys de 20 minuts - Vithas\",\"isPartOf\":{\"@id\":\"https:\\\/\\\/vithas.es\\\/#website\"},\"primaryImageOfPage\":{\"@id\":\"https:\\\/\\\/vithas.es\\\/ca\\\/comunicacio\\\/actualitat\\\/lhospital-vithas-barcelona-aten-les-urgencies-generals-en-menys-de-20-minuts\\\/#primaryimage\"},\"image\":{\"@id\":\"https:\\\/\\\/vithas.es\\\/ca\\\/comunicacio\\\/actualitat\\\/lhospital-vithas-barcelona-aten-les-urgencies-generals-en-menys-de-20-minuts\\\/#primaryimage\"},\"thumbnailUrl\":\"https:\\\/\\\/vithas.es\\\/wp-content\\\/uploads\\\/2025\\\/12\\\/Foto_Eva-Bargallo_Hospital-Vithas-Barcelona.jpeg\",\"datePublished\":\"2025-12-12T12:56:32+00:00\",\"dateModified\":\"2026-04-14T11:30:28+00:00\",\"breadcrumb\":{\"@id\":\"https:\\\/\\\/vithas.es\\\/ca\\\/comunicacio\\\/actualitat\\\/lhospital-vithas-barcelona-aten-les-urgencies-generals-en-menys-de-20-minuts\\\/#breadcrumb\"},\"inLanguage\":\"ca\",\"potentialAction\":[{\"@type\":\"ReadAction\",\"target\":[\"https:\\\/\\\/vithas.es\\\/ca\\\/comunicacio\\\/actualitat\\\/lhospital-vithas-barcelona-aten-les-urgencies-generals-en-menys-de-20-minuts\\\/\"]}]},{\"@type\":\"ImageObject\",\"inLanguage\":\"ca\",\"@id\":\"https:\\\/\\\/vithas.es\\\/ca\\\/comunicacio\\\/actualitat\\\/lhospital-vithas-barcelona-aten-les-urgencies-generals-en-menys-de-20-minuts\\\/#primaryimage\",\"url\":\"https:\\\/\\\/vithas.es\\\/wp-content\\\/uploads\\\/2025\\\/12\\\/Foto_Eva-Bargallo_Hospital-Vithas-Barcelona.jpeg\",\"contentUrl\":\"https:\\\/\\\/vithas.es\\\/wp-content\\\/uploads\\\/2025\\\/12\\\/Foto_Eva-Bargallo_Hospital-Vithas-Barcelona.jpeg\",\"width\":1434,\"height\":1045},{\"@type\":\"BreadcrumbList\",\"@id\":\"https:\\\/\\\/vithas.es\\\/ca\\\/comunicacio\\\/actualitat\\\/lhospital-vithas-barcelona-aten-les-urgencies-generals-en-menys-de-20-minuts\\\/#breadcrumb\",\"itemListElement\":[{\"@type\":\"ListItem\",\"position\":1,\"name\":\"Hospitales Vithas\",\"item\":\"https:\\\/\\\/vithas.es\\\/ca\\\/\"},{\"@type\":\"ListItem\",\"position\":2,\"name\":\"L\u2019Hospital Vithas Barcelona at\u00e9n les urg\u00e8ncies generals en menys de 20 minuts\"}]},{\"@type\":\"WebSite\",\"@id\":\"https:\\\/\\\/vithas.es\\\/#website\",\"url\":\"https:\\\/\\\/vithas.es\\\/\",\"name\":\"Vithas\",\"description\":\"Vivir para cuidarte\",\"publisher\":{\"@id\":\"https:\\\/\\\/vithas.es\\\/#organization\"},\"potentialAction\":[{\"@type\":\"SearchAction\",\"target\":{\"@type\":\"EntryPoint\",\"urlTemplate\":\"https:\\\/\\\/vithas.es\\\/?s={search_term_string}\"},\"query-input\":{\"@type\":\"PropertyValueSpecification\",\"valueRequired\":true,\"valueName\":\"search_term_string\"}}],\"inLanguage\":\"ca\"},{\"@type\":\"Organization\",\"@id\":\"https:\\\/\\\/vithas.es\\\/#organization\",\"name\":\"Vithas\",\"url\":\"https:\\\/\\\/vithas.es\\\/\",\"logo\":{\"@type\":\"ImageObject\",\"inLanguage\":\"ca\",\"@id\":\"https:\\\/\\\/vithas.es\\\/#\\\/schema\\\/logo\\\/image\\\/\",\"url\":\"https:\\\/\\\/vithas.es\\\/wp-content\\\/uploads\\\/2021\\\/07\\\/vithas-beat-horizontal.svg\",\"contentUrl\":\"https:\\\/\\\/vithas.es\\\/wp-content\\\/uploads\\\/2021\\\/07\\\/vithas-beat-horizontal.svg\",\"width\":406,\"height\":84,\"caption\":\"Vithas\"},\"image\":{\"@id\":\"https:\\\/\\\/vithas.es\\\/#\\\/schema\\\/logo\\\/image\\\/\"},\"sameAs\":[\"https:\\\/\\\/es-es.facebook.com\\\/HospitalesVithas\\\/\",\"https:\\\/\\\/x.com\\\/Vithas\",\"https:\\\/\\\/www.instagram.com\\\/vithas_hospitales\\\/\",\"https:\\\/\\\/www.linkedin.com\\\/company\\\/vithas-hospital\\\/\",\"https:\\\/\\\/www.youtube.com\\\/channel\\\/UC4Dc3WWg5HzldDibyzFpw2Q\"]},{\"@type\":\"Person\",\"@id\":\"https:\\\/\\\/vithas.es\\\/#\\\/schema\\\/person\\\/23aa266fbb4c5a64b2467c4625c7998c\",\"name\":\"Duomo\",\"image\":{\"@type\":\"ImageObject\",\"inLanguage\":\"ca\",\"@id\":\"https:\\\/\\\/secure.gravatar.com\\\/avatar\\\/e7e5837db7fd56beda79ddb09cb23bb04869855c97530a9112d80cf63e0e253c?s=96&d=mm&r=g\",\"url\":\"https:\\\/\\\/secure.gravatar.com\\\/avatar\\\/e7e5837db7fd56beda79ddb09cb23bb04869855c97530a9112d80cf63e0e253c?s=96&d=mm&r=g\",\"contentUrl\":\"https:\\\/\\\/secure.gravatar.com\\\/avatar\\\/e7e5837db7fd56beda79ddb09cb23bb04869855c97530a9112d80cf63e0e253c?s=96&d=mm&r=g\",\"caption\":\"Duomo\"},\"url\":\"https:\\\/\\\/vithas.es\\\/ca\\\/author\\\/mramiladuomocomunicacion-com\\\/\"}]}<\/script>\n<!-- \/ Yoast SEO Premium plugin. -->","yoast_head_json":{"title":"L\u2019Hospital Vithas Barcelona at\u00e9n les urg\u00e8ncies generals en menys de 20 minuts - Vithas","robots":{"index":"index","follow":"follow","max-snippet":"max-snippet:-1","max-image-preview":"max-image-preview:large","max-video-preview":"max-video-preview:-1"},"canonical":"https:\/\/vithas.es\/ca\/comunicacio\/actualitat\/lhospital-vithas-barcelona-aten-les-urgencies-generals-en-menys-de-20-minuts\/","og_locale":"ca_ES","og_type":"article","og_title":"L\u2019Hospital Vithas Barcelona at\u00e9n les urg\u00e8ncies generals en menys de 20 minuts - Vithas","og_description":"L\u2019Hospital Vithas Barcelona compta amb un Servei d\u2019Urg\u00e8ncies 24 hores optimitzat per oferir una atenci\u00f3 r\u00e0pida i eficient, especialment coincidint amb l\u2019augment de casos de grip i altres infeccions respirat\u00f2ries. Despr\u00e9s de la seva recent obertura a Esplugues de Llobregat, el nou centre hospitalari ofereix una atenci\u00f3 \u00e0gil, especialitzada i personalitzada a la poblaci\u00f3 del [&hellip;]","og_url":"https:\/\/vithas.es\/ca\/comunicacio\/actualitat\/lhospital-vithas-barcelona-aten-les-urgencies-generals-en-menys-de-20-minuts\/","og_site_name":"Vithas","article_publisher":"https:\/\/es-es.facebook.com\/HospitalesVithas\/","article_published_time":"2025-12-12T12:56:32+00:00","article_modified_time":"2026-04-14T11:30:28+00:00","og_image":[{"width":1434,"height":1045,"url":"https:\/\/vithas.es\/wp-content\/uploads\/2025\/12\/Foto_Eva-Bargallo_Hospital-Vithas-Barcelona.jpeg","type":"image\/jpeg"}],"author":"Duomo","twitter_card":"summary_large_image","twitter_creator":"@Vithas","twitter_site":"@Vithas","twitter_misc":{"Written by":"Duomo","Est. reading time":"3 minutes"},"schema":{"@context":"https:\/\/schema.org","@graph":[{"@type":"Article","@id":"https:\/\/vithas.es\/ca\/comunicacio\/actualitat\/lhospital-vithas-barcelona-aten-les-urgencies-generals-en-menys-de-20-minuts\/#article","isPartOf":{"@id":"https:\/\/vithas.es\/ca\/comunicacio\/actualitat\/lhospital-vithas-barcelona-aten-les-urgencies-generals-en-menys-de-20-minuts\/"},"author":{"name":"Duomo","@id":"https:\/\/vithas.es\/#\/schema\/person\/23aa266fbb4c5a64b2467c4625c7998c"},"headline":"L\u2019Hospital Vithas Barcelona at\u00e9n les urg\u00e8ncies generals en menys de 20 minuts","datePublished":"2025-12-12T12:56:32+00:00","dateModified":"2026-04-14T11:30:28+00:00","mainEntityOfPage":{"@id":"https:\/\/vithas.es\/ca\/comunicacio\/actualitat\/lhospital-vithas-barcelona-aten-les-urgencies-generals-en-menys-de-20-minuts\/"},"wordCount":675,"publisher":{"@id":"https:\/\/vithas.es\/#organization"},"image":{"@id":"https:\/\/vithas.es\/ca\/comunicacio\/actualitat\/lhospital-vithas-barcelona-aten-les-urgencies-generals-en-menys-de-20-minuts\/#primaryimage"},"thumbnailUrl":"https:\/\/vithas.es\/wp-content\/uploads\/2025\/12\/Foto_Eva-Bargallo_Hospital-Vithas-Barcelona.jpeg","articleSection":["Sin categorizar"],"inLanguage":"ca"},{"@type":"WebPage","@id":"https:\/\/vithas.es\/ca\/comunicacio\/actualitat\/lhospital-vithas-barcelona-aten-les-urgencies-generals-en-menys-de-20-minuts\/","url":"https:\/\/vithas.es\/ca\/comunicacio\/actualitat\/lhospital-vithas-barcelona-aten-les-urgencies-generals-en-menys-de-20-minuts\/","name":"L\u2019Hospital Vithas Barcelona at\u00e9n les urg\u00e8ncies generals en menys de 20 minuts - Vithas","isPartOf":{"@id":"https:\/\/vithas.es\/#website"},"primaryImageOfPage":{"@id":"https:\/\/vithas.es\/ca\/comunicacio\/actualitat\/lhospital-vithas-barcelona-aten-les-urgencies-generals-en-menys-de-20-minuts\/#primaryimage"},"image":{"@id":"https:\/\/vithas.es\/ca\/comunicacio\/actualitat\/lhospital-vithas-barcelona-aten-les-urgencies-generals-en-menys-de-20-minuts\/#primaryimage"},"thumbnailUrl":"https:\/\/vithas.es\/wp-content\/uploads\/2025\/12\/Foto_Eva-Bargallo_Hospital-Vithas-Barcelona.jpeg","datePublished":"2025-12-12T12:56:32+00:00","dateModified":"2026-04-14T11:30:28+00:00","breadcrumb":{"@id":"https:\/\/vithas.es\/ca\/comunicacio\/actualitat\/lhospital-vithas-barcelona-aten-les-urgencies-generals-en-menys-de-20-minuts\/#breadcrumb"},"inLanguage":"ca","potentialAction":[{"@type":"ReadAction","target":["https:\/\/vithas.es\/ca\/comunicacio\/actualitat\/lhospital-vithas-barcelona-aten-les-urgencies-generals-en-menys-de-20-minuts\/"]}]},{"@type":"ImageObject","inLanguage":"ca","@id":"https:\/\/vithas.es\/ca\/comunicacio\/actualitat\/lhospital-vithas-barcelona-aten-les-urgencies-generals-en-menys-de-20-minuts\/#primaryimage","url":"https:\/\/vithas.es\/wp-content\/uploads\/2025\/12\/Foto_Eva-Bargallo_Hospital-Vithas-Barcelona.jpeg","contentUrl":"https:\/\/vithas.es\/wp-content\/uploads\/2025\/12\/Foto_Eva-Bargallo_Hospital-Vithas-Barcelona.jpeg","width":1434,"height":1045},{"@type":"BreadcrumbList","@id":"https:\/\/vithas.es\/ca\/comunicacio\/actualitat\/lhospital-vithas-barcelona-aten-les-urgencies-generals-en-menys-de-20-minuts\/#breadcrumb","itemListElement":[{"@type":"ListItem","position":1,"name":"Hospitales Vithas","item":"https:\/\/vithas.es\/ca\/"},{"@type":"ListItem","position":2,"name":"L\u2019Hospital Vithas Barcelona at\u00e9n les urg\u00e8ncies generals en menys de 20 minuts"}]},{"@type":"WebSite","@id":"https:\/\/vithas.es\/#website","url":"https:\/\/vithas.es\/","name":"Vithas","description":"Vivir para cuidarte","publisher":{"@id":"https:\/\/vithas.es\/#organization"},"potentialAction":[{"@type":"SearchAction","target":{"@type":"EntryPoint","urlTemplate":"https:\/\/vithas.es\/?s={search_term_string}"},"query-input":{"@type":"PropertyValueSpecification","valueRequired":true,"valueName":"search_term_string"}}],"inLanguage":"ca"},{"@type":"Organization","@id":"https:\/\/vithas.es\/#organization","name":"Vithas","url":"https:\/\/vithas.es\/","logo":{"@type":"ImageObject","inLanguage":"ca","@id":"https:\/\/vithas.es\/#\/schema\/logo\/image\/","url":"https:\/\/vithas.es\/wp-content\/uploads\/2021\/07\/vithas-beat-horizontal.svg","contentUrl":"https:\/\/vithas.es\/wp-content\/uploads\/2021\/07\/vithas-beat-horizontal.svg","width":406,"height":84,"caption":"Vithas"},"image":{"@id":"https:\/\/vithas.es\/#\/schema\/logo\/image\/"},"sameAs":["https:\/\/es-es.facebook.com\/HospitalesVithas\/","https:\/\/x.com\/Vithas","https:\/\/www.instagram.com\/vithas_hospitales\/","https:\/\/www.linkedin.com\/company\/vithas-hospital\/","https:\/\/www.youtube.com\/channel\/UC4Dc3WWg5HzldDibyzFpw2Q"]},{"@type":"Person","@id":"https:\/\/vithas.es\/#\/schema\/person\/23aa266fbb4c5a64b2467c4625c7998c","name":"Duomo","image":{"@type":"ImageObject","inLanguage":"ca","@id":"https:\/\/secure.gravatar.com\/avatar\/e7e5837db7fd56beda79ddb09cb23bb04869855c97530a9112d80cf63e0e253c?s=96&d=mm&r=g","url":"https:\/\/secure.gravatar.com\/avatar\/e7e5837db7fd56beda79ddb09cb23bb04869855c97530a9112d80cf63e0e253c?s=96&d=mm&r=g","contentUrl":"https:\/\/secure.gravatar.com\/avatar\/e7e5837db7fd56beda79ddb09cb23bb04869855c97530a9112d80cf63e0e253c?s=96&d=mm&r=g","caption":"Duomo"},"url":"https:\/\/vithas.es\/ca\/author\/mramiladuomocomunicacion-com\/"}]}},"meta_box":{"vth_type_news":{"term_id":2553,"name":"Actualitat","slug":"actualitat","term_group":0,"term_taxonomy_id":2553,"taxonomy":"post_type_category","description":"","parent":0,"count":21,"filter":"raw"},"vth_opening_paragraph":"<ul>\r\n<li><strong>Despr\u00e9s de la seva recent obertura a Esplugues de Llobregat, el nou centre hospitalari combina agilitat i especialitzaci\u00f3 en l\u2019assist\u00e8ncia sanit\u00e0ria a pacients del Baix Llobregat, Barcelona i la seva \u00e0rea metropolitana.<\/strong><\/li>\r\n<li><strong>El seu Servei d\u2019Urg\u00e8ncies compta amb circuits diferenciats per a pacients adults i pedi\u00e0trics, i sistemes de triatge avan\u00e7at que permeten minimitzar els temps d\u2019espera.<\/strong><\/li>\r\n<li><strong>Coincidint amb l\u2019augment de casos de grip, la directora m\u00e8dica de l\u2019Hospital, Eva Bargall\u00f3, recomana acudir a Urg\u00e8ncies a \u201cles persones que sentin que els costa respirar, que tinguin febre alta que no baixa o que notin dolor o mol\u00e8sties a la zona de les costelles\u201d.<\/strong><\/li>\r\n<\/ul>","vth_image_description":"","vth_boiler_plate":"<p><strong><em>Sobre Vithas<\/em><\/strong> El <a href=\"http:\/\/www.vithas.es\">grup Vithas<\/a> est\u00e0 integrat per 22 hospitals i 39 centres m\u00e8dics i assistencials distribu\u00efts per 14 prov\u00edncies. Els 12.600 professionals que conformen Vithas l\u2019han convertit en un dels l\u00edders de la sanitat espanyola. A m\u00e9s, el grup integra la <a href=\"https:\/\/fundacion.vithas.es\/\">Fundaci\u00f3n Vithas<\/a>, <a href=\"https:\/\/www.vithaslab.es\/\">Vithas Red Diagn\u00f3stica<\/a> i la central de compres<a href=\"https:\/\/www.plazasalud.es\/\"> PlazaSalud+<\/a>. \u00a0 Vithas, recolzada pel grup Goodgrower, fonamenta la seva estrat\u00e8gia corporativa en la qualitat assistencial acreditada, l\u2019experi\u00e8ncia pacient, la investigaci\u00f3 i la innovaci\u00f3, i el comprom\u00eds social i mediambiental. \u00a0 <a href=\"http:\/\/www.vithas.es\">Vithas.es<\/a> <a href=\"blank\">Goodgrower.com<\/a> Segueix-nos a: <a href=\"https:\/\/es.linkedin.com\/company\/vithas-hospital\">LinkedIn<\/a> <a href=\"https:\/\/www.instagram.com\/vithas_hospitales\/?hl=es\">Instagram<\/a> <a href=\"https:\/\/www.tiktok.com\/@hospitalvithas?_t=8qv5phDRLf7&amp;_r=1\">TikTok<\/a> <a href=\"https:\/\/www.facebook.com\/HospitalesVithas\">Facebook<\/a> <a href=\"https:\/\/twitter.com\/Vithas\">X<\/a> <a href=\"https:\/\/www.youtube.com\/Vithashospital\">Youtube<\/a><\/p>","vth_author":"","vth_type":"","vth_video":"","vth_kentico_id":"","vth_is_all_center_selected":"0","vth_is_corporate":"1","type":false,"image":false,"video":false,"imageVideo":false,"title":false,"cta":[],"cards":[],"card":[],"tabElement":[],"feature":[],"description":false,"imageBanner":false,"benefits":[],"asesor":[],"column_left":[],"column_right":[],"textMap":false,"banner":[],"boxes":[],"videoURL":false,"textInfo":false,"id":false,"background":false,"values":[],"placeholderIndex1":false,"placeholderIndex2":false,"placeholderIndex3":false,"textButton":false,"textNoResults":false,"textSearchError":false,"script":false,"linkAll":false,"placeHolderCenter":false,"title_menu":false,"placeholderCenter":false,"placeholderSpecialty":false,"placeholderDate":false,"titleLeft":false,"phone":false,"mail":false,"titleRight":false,"placeholder":false,"datePicker":false,"postType":false,"background_cards":false,"background_cards_description":false,"accordion":[],"videoType":false,"isAutoPlay":false,"transitionImage":false,"speedImage":false,"hasText":false,"hasCardBorder":false,"cardBorderWidth":false,"cardColorBorder":false,"text":false,"colorTextBackground":false,"verticalPlacementWeb":false,"horizontalPlacementWeb":false,"paddingTopText":false,"paddingBottomText":false,"paddingLeftText":false,"paddingRightText":false,"cardWidthWeb":false,"hasAppButton":false,"hasButton":false,"link":false,"newTarget":false,"colorButtonDefault":false,"colorButtonDefaultBackground":false,"colorButtonDefaultBorder":false,"colorButtonHover":false,"colorButtonHoverBackground":false,"colorButtonHoverBorder":false,"buttonBorderWidth":false,"buttonBorderMarginTop":false,"buttonBorderMarginBottom":false,"buttonBorderMarginLeft":false,"buttonBorderMarginRight":false,"showTextInMobile":false,"cardWidthMobile":false,"verticalPlacementMobile":false,"horizontalPlacementMobile":false,"showButtonInMobile":false,"images":[],"name":false,"surname":false,"email":false,"areas":[],"button":false,"description_conditions":false,"title_policy":false,"description_policy":false,"company":false,"location":false,"interest":[],"background_block":false,"columns":false,"type_block":false,"level_title":false,"check_type":false,"subtitle":false,"class_style":false,"background_card":false,"is_form":false,"background_form":false,"form_title":false,"short_code":false,"color_background":false,"color_title":false,"color_text":false,"cards_size":false,"wrapper":false,"my_address":false,"map":false,"links":[],"vth_is_location_selector":false,"vth_location":false,"float_buttons":[],"image_warranty":[],"centers":[],"sliders":[],"post_type":false,"filters":[],"button_title":false,"vth_treatments_process":[],"reverse":false,"category":false,"post_to_center_to":[314660],"post_to_specialty_to":[],"post_to_medicalunit_to":[],"post_to_specialist_to":[]},"_links":{"self":[{"href":"https:\/\/vithas.es\/ca\/wp-json\/wp\/v2\/posts\/329175","targetHints":{"allow":["GET"]}}],"collection":[{"href":"https:\/\/vithas.es\/ca\/wp-json\/wp\/v2\/posts"}],"about":[{"href":"https:\/\/vithas.es\/ca\/wp-json\/wp\/v2\/types\/post"}],"author":[{"embeddable":true,"href":"https:\/\/vithas.es\/ca\/wp-json\/wp\/v2\/users\/35"}],"replies":[{"embeddable":true,"href":"https:\/\/vithas.es\/ca\/wp-json\/wp\/v2\/comments?post=329175"}],"version-history":[{"count":1,"href":"https:\/\/vithas.es\/ca\/wp-json\/wp\/v2\/posts\/329175\/revisions"}],"predecessor-version":[{"id":329176,"href":"https:\/\/vithas.es\/ca\/wp-json\/wp\/v2\/posts\/329175\/revisions\/329176"}],"wp:featuredmedia":[{"embeddable":true,"href":"https:\/\/vithas.es\/ca\/wp-json\/wp\/v2\/media\/329167"}],"wp:attachment":[{"href":"https:\/\/vithas.es\/ca\/wp-json\/wp\/v2\/media?parent=329175"}],"wp:term":[{"taxonomy":"category","embeddable":true,"href":"https:\/\/vithas.es\/ca\/wp-json\/wp\/v2\/categories?post=329175"},{"taxonomy":"post_tag","embeddable":true,"href":"https:\/\/vithas.es\/ca\/wp-json\/wp\/v2\/tags?post=329175"},{"taxonomy":"post_type_category","embeddable":true,"href":"https:\/\/vithas.es\/ca\/wp-json\/wp\/v2\/post_type_category?post=329175"}],"curies":[{"name":"wp","href":"https:\/\/api.w.org\/{rel}","templated":true}]}}