{"id":329522,"date":"2025-12-16T13:11:26","date_gmt":"2025-12-16T12:11:26","guid":{"rendered":"https:\/\/vithas.es\/?p=329522"},"modified":"2026-04-14T13:30:13","modified_gmt":"2026-04-14T11:30:13","slug":"vithas-culmina-la-seva-col%c2%b7laboracio-amb-la-marato-de-3cat-dedicada-al-cancer-unint-salut-esport-i-recerca","status":"publish","type":"post","link":"https:\/\/vithas.es\/ca\/comunicacio\/actualitat\/vithas-culmina-la-seva-col%c2%b7laboracio-amb-la-marato-de-3cat-dedicada-al-cancer-unint-salut-esport-i-recerca\/","title":{"rendered":"Vithas culmina la seva col\u00b7laboraci\u00f3 amb La Marat\u00f3 de 3Cat dedicada al c\u00e0ncer, unint salut, esport i recerca"},"content":{"rendered":"\n<p>Aquest diumenge, el grup hospitalari Vithas ha culminat la seva activa col\u00b7laboraci\u00f3 amb la 34a edici\u00f3 de La Marat\u00f3 de 3Cat, dedicada enguany a la divulgaci\u00f3 i la recerca en c\u00e0ncer, amb el lema \u201cDetectem-ho, arreglem-ho\u201d.<\/p>\n\n\n\n<p>En el marc d'aquesta campanya solid\u00e0ria anual impulsada per la Fundaci\u00f3 de La Marat\u00f3 de 3Cat, la societat catalana es mobilitza en nombroses activitats orientades a conscienciar, fomentar la prevenci\u00f3 i recaptar fons. La participaci\u00f3 de Vithas s'ha manifestat a trav\u00e9s d'una \u00e0mplia implicaci\u00f3 en els moments i espais clau de la jornada solid\u00e0ria celebrada aquest 14 de desembre, que finalment va aconseguir una recaptaci\u00f3 de 9.741.627 euros en 24 hores.<\/p>\n\n\n\n<p><strong>Solidaritat sobre la gespa: l'equip Vithas juga el \u201cPartit dels Famosos\u201d<\/strong><\/p>\n\n\n\n<p>D'una banda, Vithas va col\u00b7laborar en la recaptaci\u00f3 de fons a trav\u00e9s de l'emblem\u00e0tic \u2018Partit dels Famosos\u2019, disputat a l'Estadi Hip\u00f2lit Plan\u00e0s de Vic, patrocinant un dels equips de la jornada.<\/p>\n\n\n\n<p>Tots dos equips van estar formats per personalitats com artistes, periodistes i creadors de contingut en un partit solidari que va ser retransm\u00e8s pel canal Esport 3 i va comptar amb connexions en directe des del programa especial de La Marat\u00f3 que TV3 va emetre durant tota la jornada.<\/p>\n\n\n\n<p>Entre els jugadors que, despr\u00e9s d\u2019un sorteig, van integrar l'equip Vithas es trobaven els actors Moha Amazon, Biel Montoro, Nil Cardoner i Olalla Moreno; els futbolistes Andreu Font\u00e0s, Olga Garc\u00eda i Juvenal Edjogo, i els periodistes de 3Cat Maria Fern\u00e1ndez, Xavi Lemus i Jordi Grau, entre altres.<\/p>\n\n\n\n<p>La companyia va convidar tamb\u00e9 a sumar-se i a assistir al partit a tots els professionals del grup a Catalunya, on compta amb cinc equipaments sanitaris: els centres m\u00e8dics de T\u00e0rrega, Lleida i Vilanova i la Geltr\u00fa; l'hist\u00f2ric Hospital Vithas Lleida, i l'Hospital Vithas Barcelona, recentment obert a Esplugues de Llobregat, amb m\u00e9s de 39.000 metres quadrats, 160 habitacions individuals, servei d'urg\u00e8ncies 24h i 14 quir\u00f2fans. Vithas compta amb 22 hospitals i 39 centres m\u00e8dics i assistencials.<\/p>\n\n\n\n<p><strong>Pres\u00e8ncia en la central telef\u00f2nica de donatius<\/strong><\/p>\n\n\n\n<p>Vithas tamb\u00e9 va ser present al cor de la campanya de recaptaci\u00f3: la central d'atenci\u00f3 telef\u00f2nica de donatius a Barcelona. La <strong>directora M\u00e8dica de l'Hospital Vithas Barcelona, Dra. Eva Bargall\u00f3<\/strong>, i la <strong>directora d'Infermeria, Rosal\u00eda Jariod<\/strong>, van acudir per col\u00b7laborar en l'atenci\u00f3 de les trucades i donatius dels ciutadans, integrant-se aix\u00ed en l'esfor\u00e7 col\u00b7lectiu de la jornada central de La Marat\u00f3 en una de les cites m\u00e9s emblem\u00e0tiques de Catalunya.<\/p>\n\n\n\n<p>La pres\u00e8ncia de Vithas en aquesta edici\u00f3 subratlla el prop\u00f2sit del grup de \u2018vivim per cuidar-te\u2019. En paraules d'<strong>Anna Guir\u00f3, directora gerent de l'Hospital Vithas Barcelona<\/strong>: \u201cHa estat un honor, des de Vithas, col\u00b7laborar d'una manera tan activa en La Marat\u00f3 i veure com la societat catalana, una vegada m\u00e9s, s'uneix per una causa tan crucial com la recerca en c\u00e0ncer. El nostre comprom\u00eds com a grup s'ha materialitzat tant en el camp de Vic, com rebent anomenades de donatius en la seu telef\u00f2nica, demostrant que la solidaritat i la salut s\u00f3n dos pilars clau de la nostra labor com a grup i del nostre prop\u00f2sit\u201d.<\/p>\n","protected":false},"excerpt":{"rendered":"<p>Aquest diumenge, el grup hospitalari Vithas ha culminat la seva activa col\u00b7laboraci\u00f3 amb la 34a edici\u00f3 de La Marat\u00f3 de 3Cat, dedicada enguany a la divulgaci\u00f3 i la recerca en c\u00e0ncer, amb el lema \u201cDetectem-ho, arreglem-ho\u201d. En el marc d'aquesta campanya solid\u00e0ria anual impulsada per la Fundaci\u00f3 de La Marat\u00f3 de 3Cat, la societat catalana [&hellip;]<\/p>\n","protected":false},"author":35,"featured_media":329523,"comment_status":"closed","ping_status":"open","sticky":false,"template":"","format":"standard","meta":{"footnotes":""},"categories":[1],"tags":[],"post_type_category":[2553],"class_list":["post-329522","post","type-post","status-publish","format-standard","has-post-thumbnail","hentry"],"yoast_head":"<!-- This site is optimized with the Yoast SEO Premium plugin v27.3 (Yoast SEO v27.3) - https:\/\/yoast.com\/product\/yoast-seo-premium-wordpress\/ -->\n<title>Vithas culmina la seva col\u00b7laboraci\u00f3 amb La Marat\u00f3 de 3Cat dedicada al c\u00e0ncer, unint salut, esport i recerca - Vithas<\/title>\n<meta name=\"robots\" content=\"index, follow, max-snippet:-1, max-image-preview:large, max-video-preview:-1\" \/>\n<link rel=\"canonical\" href=\"https:\/\/vithas.es\/ca\/comunicacio\/actualitat\/vithas-culmina-la-seva-col\u00b7laboracio-amb-la-marato-de-3cat-dedicada-al-cancer-unint-salut-esport-i-recerca\/\" \/>\n<meta property=\"og:locale\" content=\"ca_ES\" \/>\n<meta property=\"og:type\" content=\"article\" \/>\n<meta property=\"og:title\" content=\"Vithas culmina la seva col\u00b7laboraci\u00f3 amb La Marat\u00f3 de 3Cat dedicada al c\u00e0ncer, unint salut, esport i recerca - Vithas\" \/>\n<meta property=\"og:description\" content=\"Aquest diumenge, el grup hospitalari Vithas ha culminat la seva activa col\u00b7laboraci\u00f3 amb la 34a edici\u00f3 de La Marat\u00f3 de 3Cat, dedicada enguany a la divulgaci\u00f3 i la recerca en c\u00e0ncer, amb el lema \u201cDetectem-ho, arreglem-ho\u201d. En el marc d&#039;aquesta campanya solid\u00e0ria anual impulsada per la Fundaci\u00f3 de La Marat\u00f3 de 3Cat, la societat catalana [&hellip;]\" \/>\n<meta property=\"og:url\" content=\"https:\/\/vithas.es\/ca\/comunicacio\/actualitat\/vithas-culmina-la-seva-col\u00b7laboracio-amb-la-marato-de-3cat-dedicada-al-cancer-unint-salut-esport-i-recerca\/\" \/>\n<meta property=\"og:site_name\" content=\"Vithas\" \/>\n<meta property=\"article:publisher\" content=\"https:\/\/es-es.facebook.com\/HospitalesVithas\/\" \/>\n<meta property=\"article:published_time\" content=\"2025-12-16T12:11:26+00:00\" \/>\n<meta property=\"article:modified_time\" content=\"2026-04-14T11:30:13+00:00\" \/>\n<meta property=\"og:image\" content=\"https:\/\/vithas.es\/wp-content\/uploads\/2025\/12\/Equipo-Vithas-David-Pallarols-la-Fundacio-UE-Vic-1.jpg\" \/>\n\t<meta property=\"og:image:width\" content=\"3000\" \/>\n\t<meta property=\"og:image:height\" content=\"2000\" \/>\n\t<meta property=\"og:image:type\" content=\"image\/jpeg\" \/>\n<meta name=\"author\" content=\"Duomo\" \/>\n<meta name=\"twitter:card\" content=\"summary_large_image\" \/>\n<meta name=\"twitter:creator\" content=\"@Vithas\" \/>\n<meta name=\"twitter:site\" content=\"@Vithas\" \/>\n<meta name=\"twitter:label1\" content=\"Written by\" \/>\n\t<meta name=\"twitter:data1\" content=\"Duomo\" \/>\n\t<meta name=\"twitter:label2\" content=\"Est. reading time\" \/>\n\t<meta name=\"twitter:data2\" content=\"3 minutes\" \/>\n<script type=\"application\/ld+json\" class=\"yoast-schema-graph\">{\"@context\":\"https:\\\/\\\/schema.org\",\"@graph\":[{\"@type\":\"Article\",\"@id\":\"https:\\\/\\\/vithas.es\\\/ca\\\/comunicacio\\\/actualitat\\\/vithas-culmina-la-seva-col%c2%b7laboracio-amb-la-marato-de-3cat-dedicada-al-cancer-unint-salut-esport-i-recerca\\\/#article\",\"isPartOf\":{\"@id\":\"https:\\\/\\\/vithas.es\\\/ca\\\/comunicacio\\\/actualitat\\\/vithas-culmina-la-seva-col%c2%b7laboracio-amb-la-marato-de-3cat-dedicada-al-cancer-unint-salut-esport-i-recerca\\\/\"},\"author\":{\"name\":\"Duomo\",\"@id\":\"https:\\\/\\\/vithas.es\\\/#\\\/schema\\\/person\\\/23aa266fbb4c5a64b2467c4625c7998c\"},\"headline\":\"Vithas culmina la seva col\u00b7laboraci\u00f3 amb La Marat\u00f3 de 3Cat dedicada al c\u00e0ncer, unint salut, esport i recerca\",\"datePublished\":\"2025-12-16T12:11:26+00:00\",\"dateModified\":\"2026-04-14T11:30:13+00:00\",\"mainEntityOfPage\":{\"@id\":\"https:\\\/\\\/vithas.es\\\/ca\\\/comunicacio\\\/actualitat\\\/vithas-culmina-la-seva-col%c2%b7laboracio-amb-la-marato-de-3cat-dedicada-al-cancer-unint-salut-esport-i-recerca\\\/\"},\"wordCount\":578,\"publisher\":{\"@id\":\"https:\\\/\\\/vithas.es\\\/#organization\"},\"image\":{\"@id\":\"https:\\\/\\\/vithas.es\\\/ca\\\/comunicacio\\\/actualitat\\\/vithas-culmina-la-seva-col%c2%b7laboracio-amb-la-marato-de-3cat-dedicada-al-cancer-unint-salut-esport-i-recerca\\\/#primaryimage\"},\"thumbnailUrl\":\"https:\\\/\\\/vithas.es\\\/wp-content\\\/uploads\\\/2025\\\/12\\\/Equipo-Vithas-David-Pallarols-la-Fundacio-UE-Vic-1.jpg\",\"articleSection\":[\"Sin categorizar\"],\"inLanguage\":\"ca\"},{\"@type\":\"WebPage\",\"@id\":\"https:\\\/\\\/vithas.es\\\/ca\\\/comunicacio\\\/actualitat\\\/vithas-culmina-la-seva-col%c2%b7laboracio-amb-la-marato-de-3cat-dedicada-al-cancer-unint-salut-esport-i-recerca\\\/\",\"url\":\"https:\\\/\\\/vithas.es\\\/ca\\\/comunicacio\\\/actualitat\\\/vithas-culmina-la-seva-col%c2%b7laboracio-amb-la-marato-de-3cat-dedicada-al-cancer-unint-salut-esport-i-recerca\\\/\",\"name\":\"Vithas culmina la seva col\u00b7laboraci\u00f3 amb La Marat\u00f3 de 3Cat dedicada al c\u00e0ncer, unint salut, esport i recerca - Vithas\",\"isPartOf\":{\"@id\":\"https:\\\/\\\/vithas.es\\\/#website\"},\"primaryImageOfPage\":{\"@id\":\"https:\\\/\\\/vithas.es\\\/ca\\\/comunicacio\\\/actualitat\\\/vithas-culmina-la-seva-col%c2%b7laboracio-amb-la-marato-de-3cat-dedicada-al-cancer-unint-salut-esport-i-recerca\\\/#primaryimage\"},\"image\":{\"@id\":\"https:\\\/\\\/vithas.es\\\/ca\\\/comunicacio\\\/actualitat\\\/vithas-culmina-la-seva-col%c2%b7laboracio-amb-la-marato-de-3cat-dedicada-al-cancer-unint-salut-esport-i-recerca\\\/#primaryimage\"},\"thumbnailUrl\":\"https:\\\/\\\/vithas.es\\\/wp-content\\\/uploads\\\/2025\\\/12\\\/Equipo-Vithas-David-Pallarols-la-Fundacio-UE-Vic-1.jpg\",\"datePublished\":\"2025-12-16T12:11:26+00:00\",\"dateModified\":\"2026-04-14T11:30:13+00:00\",\"breadcrumb\":{\"@id\":\"https:\\\/\\\/vithas.es\\\/ca\\\/comunicacio\\\/actualitat\\\/vithas-culmina-la-seva-col%c2%b7laboracio-amb-la-marato-de-3cat-dedicada-al-cancer-unint-salut-esport-i-recerca\\\/#breadcrumb\"},\"inLanguage\":\"ca\",\"potentialAction\":[{\"@type\":\"ReadAction\",\"target\":[\"https:\\\/\\\/vithas.es\\\/ca\\\/comunicacio\\\/actualitat\\\/vithas-culmina-la-seva-col%c2%b7laboracio-amb-la-marato-de-3cat-dedicada-al-cancer-unint-salut-esport-i-recerca\\\/\"]}]},{\"@type\":\"ImageObject\",\"inLanguage\":\"ca\",\"@id\":\"https:\\\/\\\/vithas.es\\\/ca\\\/comunicacio\\\/actualitat\\\/vithas-culmina-la-seva-col%c2%b7laboracio-amb-la-marato-de-3cat-dedicada-al-cancer-unint-salut-esport-i-recerca\\\/#primaryimage\",\"url\":\"https:\\\/\\\/vithas.es\\\/wp-content\\\/uploads\\\/2025\\\/12\\\/Equipo-Vithas-David-Pallarols-la-Fundacio-UE-Vic-1.jpg\",\"contentUrl\":\"https:\\\/\\\/vithas.es\\\/wp-content\\\/uploads\\\/2025\\\/12\\\/Equipo-Vithas-David-Pallarols-la-Fundacio-UE-Vic-1.jpg\",\"width\":3000,\"height\":2000},{\"@type\":\"BreadcrumbList\",\"@id\":\"https:\\\/\\\/vithas.es\\\/ca\\\/comunicacio\\\/actualitat\\\/vithas-culmina-la-seva-col%c2%b7laboracio-amb-la-marato-de-3cat-dedicada-al-cancer-unint-salut-esport-i-recerca\\\/#breadcrumb\",\"itemListElement\":[{\"@type\":\"ListItem\",\"position\":1,\"name\":\"Hospitales Vithas\",\"item\":\"https:\\\/\\\/vithas.es\\\/ca\\\/\"},{\"@type\":\"ListItem\",\"position\":2,\"name\":\"Vithas culmina la seva col\u00b7laboraci\u00f3 amb La Marat\u00f3 de 3Cat dedicada al c\u00e0ncer, unint salut, esport i recerca\"}]},{\"@type\":\"WebSite\",\"@id\":\"https:\\\/\\\/vithas.es\\\/#website\",\"url\":\"https:\\\/\\\/vithas.es\\\/\",\"name\":\"Vithas\",\"description\":\"Vivir para cuidarte\",\"publisher\":{\"@id\":\"https:\\\/\\\/vithas.es\\\/#organization\"},\"potentialAction\":[{\"@type\":\"SearchAction\",\"target\":{\"@type\":\"EntryPoint\",\"urlTemplate\":\"https:\\\/\\\/vithas.es\\\/?s={search_term_string}\"},\"query-input\":{\"@type\":\"PropertyValueSpecification\",\"valueRequired\":true,\"valueName\":\"search_term_string\"}}],\"inLanguage\":\"ca\"},{\"@type\":\"Organization\",\"@id\":\"https:\\\/\\\/vithas.es\\\/#organization\",\"name\":\"Vithas\",\"url\":\"https:\\\/\\\/vithas.es\\\/\",\"logo\":{\"@type\":\"ImageObject\",\"inLanguage\":\"ca\",\"@id\":\"https:\\\/\\\/vithas.es\\\/#\\\/schema\\\/logo\\\/image\\\/\",\"url\":\"https:\\\/\\\/vithas.es\\\/wp-content\\\/uploads\\\/2021\\\/07\\\/vithas-beat-horizontal.svg\",\"contentUrl\":\"https:\\\/\\\/vithas.es\\\/wp-content\\\/uploads\\\/2021\\\/07\\\/vithas-beat-horizontal.svg\",\"width\":406,\"height\":84,\"caption\":\"Vithas\"},\"image\":{\"@id\":\"https:\\\/\\\/vithas.es\\\/#\\\/schema\\\/logo\\\/image\\\/\"},\"sameAs\":[\"https:\\\/\\\/es-es.facebook.com\\\/HospitalesVithas\\\/\",\"https:\\\/\\\/x.com\\\/Vithas\",\"https:\\\/\\\/www.instagram.com\\\/vithas_hospitales\\\/\",\"https:\\\/\\\/www.linkedin.com\\\/company\\\/vithas-hospital\\\/\",\"https:\\\/\\\/www.youtube.com\\\/channel\\\/UC4Dc3WWg5HzldDibyzFpw2Q\"]},{\"@type\":\"Person\",\"@id\":\"https:\\\/\\\/vithas.es\\\/#\\\/schema\\\/person\\\/23aa266fbb4c5a64b2467c4625c7998c\",\"name\":\"Duomo\",\"image\":{\"@type\":\"ImageObject\",\"inLanguage\":\"ca\",\"@id\":\"https:\\\/\\\/secure.gravatar.com\\\/avatar\\\/e7e5837db7fd56beda79ddb09cb23bb04869855c97530a9112d80cf63e0e253c?s=96&d=mm&r=g\",\"url\":\"https:\\\/\\\/secure.gravatar.com\\\/avatar\\\/e7e5837db7fd56beda79ddb09cb23bb04869855c97530a9112d80cf63e0e253c?s=96&d=mm&r=g\",\"contentUrl\":\"https:\\\/\\\/secure.gravatar.com\\\/avatar\\\/e7e5837db7fd56beda79ddb09cb23bb04869855c97530a9112d80cf63e0e253c?s=96&d=mm&r=g\",\"caption\":\"Duomo\"},\"url\":\"https:\\\/\\\/vithas.es\\\/ca\\\/author\\\/mramiladuomocomunicacion-com\\\/\"}]}<\/script>\n<!-- \/ Yoast SEO Premium plugin. -->","yoast_head_json":{"title":"Vithas culmina la seva col\u00b7laboraci\u00f3 amb La Marat\u00f3 de 3Cat dedicada al c\u00e0ncer, unint salut, esport i recerca - Vithas","robots":{"index":"index","follow":"follow","max-snippet":"max-snippet:-1","max-image-preview":"max-image-preview:large","max-video-preview":"max-video-preview:-1"},"canonical":"https:\/\/vithas.es\/ca\/comunicacio\/actualitat\/vithas-culmina-la-seva-col\u00b7laboracio-amb-la-marato-de-3cat-dedicada-al-cancer-unint-salut-esport-i-recerca\/","og_locale":"ca_ES","og_type":"article","og_title":"Vithas culmina la seva col\u00b7laboraci\u00f3 amb La Marat\u00f3 de 3Cat dedicada al c\u00e0ncer, unint salut, esport i recerca - Vithas","og_description":"Aquest diumenge, el grup hospitalari Vithas ha culminat la seva activa col\u00b7laboraci\u00f3 amb la 34a edici\u00f3 de La Marat\u00f3 de 3Cat, dedicada enguany a la divulgaci\u00f3 i la recerca en c\u00e0ncer, amb el lema \u201cDetectem-ho, arreglem-ho\u201d. En el marc d'aquesta campanya solid\u00e0ria anual impulsada per la Fundaci\u00f3 de La Marat\u00f3 de 3Cat, la societat catalana [&hellip;]","og_url":"https:\/\/vithas.es\/ca\/comunicacio\/actualitat\/vithas-culmina-la-seva-col\u00b7laboracio-amb-la-marato-de-3cat-dedicada-al-cancer-unint-salut-esport-i-recerca\/","og_site_name":"Vithas","article_publisher":"https:\/\/es-es.facebook.com\/HospitalesVithas\/","article_published_time":"2025-12-16T12:11:26+00:00","article_modified_time":"2026-04-14T11:30:13+00:00","og_image":[{"width":3000,"height":2000,"url":"https:\/\/vithas.es\/wp-content\/uploads\/2025\/12\/Equipo-Vithas-David-Pallarols-la-Fundacio-UE-Vic-1.jpg","type":"image\/jpeg"}],"author":"Duomo","twitter_card":"summary_large_image","twitter_creator":"@Vithas","twitter_site":"@Vithas","twitter_misc":{"Written by":"Duomo","Est. reading time":"3 minutes"},"schema":{"@context":"https:\/\/schema.org","@graph":[{"@type":"Article","@id":"https:\/\/vithas.es\/ca\/comunicacio\/actualitat\/vithas-culmina-la-seva-col%c2%b7laboracio-amb-la-marato-de-3cat-dedicada-al-cancer-unint-salut-esport-i-recerca\/#article","isPartOf":{"@id":"https:\/\/vithas.es\/ca\/comunicacio\/actualitat\/vithas-culmina-la-seva-col%c2%b7laboracio-amb-la-marato-de-3cat-dedicada-al-cancer-unint-salut-esport-i-recerca\/"},"author":{"name":"Duomo","@id":"https:\/\/vithas.es\/#\/schema\/person\/23aa266fbb4c5a64b2467c4625c7998c"},"headline":"Vithas culmina la seva col\u00b7laboraci\u00f3 amb La Marat\u00f3 de 3Cat dedicada al c\u00e0ncer, unint salut, esport i recerca","datePublished":"2025-12-16T12:11:26+00:00","dateModified":"2026-04-14T11:30:13+00:00","mainEntityOfPage":{"@id":"https:\/\/vithas.es\/ca\/comunicacio\/actualitat\/vithas-culmina-la-seva-col%c2%b7laboracio-amb-la-marato-de-3cat-dedicada-al-cancer-unint-salut-esport-i-recerca\/"},"wordCount":578,"publisher":{"@id":"https:\/\/vithas.es\/#organization"},"image":{"@id":"https:\/\/vithas.es\/ca\/comunicacio\/actualitat\/vithas-culmina-la-seva-col%c2%b7laboracio-amb-la-marato-de-3cat-dedicada-al-cancer-unint-salut-esport-i-recerca\/#primaryimage"},"thumbnailUrl":"https:\/\/vithas.es\/wp-content\/uploads\/2025\/12\/Equipo-Vithas-David-Pallarols-la-Fundacio-UE-Vic-1.jpg","articleSection":["Sin categorizar"],"inLanguage":"ca"},{"@type":"WebPage","@id":"https:\/\/vithas.es\/ca\/comunicacio\/actualitat\/vithas-culmina-la-seva-col%c2%b7laboracio-amb-la-marato-de-3cat-dedicada-al-cancer-unint-salut-esport-i-recerca\/","url":"https:\/\/vithas.es\/ca\/comunicacio\/actualitat\/vithas-culmina-la-seva-col%c2%b7laboracio-amb-la-marato-de-3cat-dedicada-al-cancer-unint-salut-esport-i-recerca\/","name":"Vithas culmina la seva col\u00b7laboraci\u00f3 amb La Marat\u00f3 de 3Cat dedicada al c\u00e0ncer, unint salut, esport i recerca - Vithas","isPartOf":{"@id":"https:\/\/vithas.es\/#website"},"primaryImageOfPage":{"@id":"https:\/\/vithas.es\/ca\/comunicacio\/actualitat\/vithas-culmina-la-seva-col%c2%b7laboracio-amb-la-marato-de-3cat-dedicada-al-cancer-unint-salut-esport-i-recerca\/#primaryimage"},"image":{"@id":"https:\/\/vithas.es\/ca\/comunicacio\/actualitat\/vithas-culmina-la-seva-col%c2%b7laboracio-amb-la-marato-de-3cat-dedicada-al-cancer-unint-salut-esport-i-recerca\/#primaryimage"},"thumbnailUrl":"https:\/\/vithas.es\/wp-content\/uploads\/2025\/12\/Equipo-Vithas-David-Pallarols-la-Fundacio-UE-Vic-1.jpg","datePublished":"2025-12-16T12:11:26+00:00","dateModified":"2026-04-14T11:30:13+00:00","breadcrumb":{"@id":"https:\/\/vithas.es\/ca\/comunicacio\/actualitat\/vithas-culmina-la-seva-col%c2%b7laboracio-amb-la-marato-de-3cat-dedicada-al-cancer-unint-salut-esport-i-recerca\/#breadcrumb"},"inLanguage":"ca","potentialAction":[{"@type":"ReadAction","target":["https:\/\/vithas.es\/ca\/comunicacio\/actualitat\/vithas-culmina-la-seva-col%c2%b7laboracio-amb-la-marato-de-3cat-dedicada-al-cancer-unint-salut-esport-i-recerca\/"]}]},{"@type":"ImageObject","inLanguage":"ca","@id":"https:\/\/vithas.es\/ca\/comunicacio\/actualitat\/vithas-culmina-la-seva-col%c2%b7laboracio-amb-la-marato-de-3cat-dedicada-al-cancer-unint-salut-esport-i-recerca\/#primaryimage","url":"https:\/\/vithas.es\/wp-content\/uploads\/2025\/12\/Equipo-Vithas-David-Pallarols-la-Fundacio-UE-Vic-1.jpg","contentUrl":"https:\/\/vithas.es\/wp-content\/uploads\/2025\/12\/Equipo-Vithas-David-Pallarols-la-Fundacio-UE-Vic-1.jpg","width":3000,"height":2000},{"@type":"BreadcrumbList","@id":"https:\/\/vithas.es\/ca\/comunicacio\/actualitat\/vithas-culmina-la-seva-col%c2%b7laboracio-amb-la-marato-de-3cat-dedicada-al-cancer-unint-salut-esport-i-recerca\/#breadcrumb","itemListElement":[{"@type":"ListItem","position":1,"name":"Hospitales Vithas","item":"https:\/\/vithas.es\/ca\/"},{"@type":"ListItem","position":2,"name":"Vithas culmina la seva col\u00b7laboraci\u00f3 amb La Marat\u00f3 de 3Cat dedicada al c\u00e0ncer, unint salut, esport i recerca"}]},{"@type":"WebSite","@id":"https:\/\/vithas.es\/#website","url":"https:\/\/vithas.es\/","name":"Vithas","description":"Vivir para cuidarte","publisher":{"@id":"https:\/\/vithas.es\/#organization"},"potentialAction":[{"@type":"SearchAction","target":{"@type":"EntryPoint","urlTemplate":"https:\/\/vithas.es\/?s={search_term_string}"},"query-input":{"@type":"PropertyValueSpecification","valueRequired":true,"valueName":"search_term_string"}}],"inLanguage":"ca"},{"@type":"Organization","@id":"https:\/\/vithas.es\/#organization","name":"Vithas","url":"https:\/\/vithas.es\/","logo":{"@type":"ImageObject","inLanguage":"ca","@id":"https:\/\/vithas.es\/#\/schema\/logo\/image\/","url":"https:\/\/vithas.es\/wp-content\/uploads\/2021\/07\/vithas-beat-horizontal.svg","contentUrl":"https:\/\/vithas.es\/wp-content\/uploads\/2021\/07\/vithas-beat-horizontal.svg","width":406,"height":84,"caption":"Vithas"},"image":{"@id":"https:\/\/vithas.es\/#\/schema\/logo\/image\/"},"sameAs":["https:\/\/es-es.facebook.com\/HospitalesVithas\/","https:\/\/x.com\/Vithas","https:\/\/www.instagram.com\/vithas_hospitales\/","https:\/\/www.linkedin.com\/company\/vithas-hospital\/","https:\/\/www.youtube.com\/channel\/UC4Dc3WWg5HzldDibyzFpw2Q"]},{"@type":"Person","@id":"https:\/\/vithas.es\/#\/schema\/person\/23aa266fbb4c5a64b2467c4625c7998c","name":"Duomo","image":{"@type":"ImageObject","inLanguage":"ca","@id":"https:\/\/secure.gravatar.com\/avatar\/e7e5837db7fd56beda79ddb09cb23bb04869855c97530a9112d80cf63e0e253c?s=96&d=mm&r=g","url":"https:\/\/secure.gravatar.com\/avatar\/e7e5837db7fd56beda79ddb09cb23bb04869855c97530a9112d80cf63e0e253c?s=96&d=mm&r=g","contentUrl":"https:\/\/secure.gravatar.com\/avatar\/e7e5837db7fd56beda79ddb09cb23bb04869855c97530a9112d80cf63e0e253c?s=96&d=mm&r=g","caption":"Duomo"},"url":"https:\/\/vithas.es\/ca\/author\/mramiladuomocomunicacion-com\/"}]}},"meta_box":{"vth_type_news":{"term_id":2553,"name":"Actualitat","slug":"actualitat","term_group":0,"term_taxonomy_id":2553,"taxonomy":"post_type_category","description":"","parent":0,"count":21,"filter":"raw"},"vth_opening_paragraph":"<ul>\r\n<li><strong>El grup hospitalari ha culminat la seva activa col\u00b7laboraci\u00f3 en la 34a edici\u00f3 de La Marat\u00f3 de 3Cat, sota el lema \u201cDetectem-ho, arreglem-ho\u201d, dedicada enguany a la divulgaci\u00f3 i recaptaci\u00f3 de fons per a la recerca en c\u00e0ncer<\/strong><\/li>\r\n<li><strong>La companyia va ser present en moments i espais destacats de la jornada solid\u00e0ria del diumenge 14 de desembre, com a patrocinadora d'un dels equips de l'emblem\u00e0tic \u201cPartit dels Famosos\u201d a Vic, i amb participaci\u00f3 en la central telef\u00f2nica de recepci\u00f3 de donatius a Barcelona<\/strong><\/li>\r\n<li><strong>La col\u00b7laboraci\u00f3 \u00e9s un reflex del prop\u00f2sit de Vithas \u2018viure per a cuidar-te\u2019, en unir el comprom\u00eds amb la salut, la promoci\u00f3 d'h\u00e0bits de vida saludable a trav\u00e9s de l'esport, i recaptaci\u00f3 de fons per a la recerca m\u00e8dica<\/strong><\/li>\r\n<\/ul>","vth_image_description":"","vth_boiler_plate":"<p>El <a href=\"http:\/\/www.vithas.es\">grup Vithas<\/a> est\u00e0 integrat per 22 hospitals i 39 centres m\u00e8dics i assistencials distribu\u00efts per 14 prov\u00edncies. Els 12.600 professionals que conformen Vithas l\u2019han convertit en un dels l\u00edders de la sanitat espanyola. A m\u00e9s, el grup integra la <a href=\"https:\/\/fundacion.vithas.es\/\">Fundaci\u00f3n Vithas<\/a>, <a href=\"https:\/\/www.vithaslab.es\/\">Vithas Red Diagn\u00f3stica<\/a> i la central de compres<a href=\"https:\/\/www.plazasalud.es\/\"> PlazaSalud+<\/a>. \u00a0 Vithas, recolzada pel grup Goodgrower, fonamenta la seva estrat\u00e8gia corporativa en la qualitat assistencial acreditada, l\u2019experi\u00e8ncia pacient, la investigaci\u00f3 i la innovaci\u00f3, i el comprom\u00eds social i mediambiental. \u00a0 <a href=\"http:\/\/www.vithas.es\">Vithas.es<\/a> <a href=\"blank\">Goodgrower.com<\/a> Segueix-nos a: <a href=\"https:\/\/es.linkedin.com\/company\/vithas-hospital\">LinkedIn<\/a> <a href=\"https:\/\/www.instagram.com\/vithas_hospitales\/?hl=es\">Instagram<\/a> <a href=\"https:\/\/www.tiktok.com\/@hospitalvithas?_t=8qv5phDRLf7&amp;_r=1\">TikTok<\/a> <a href=\"https:\/\/www.facebook.com\/HospitalesVithas\">Facebook<\/a> <a href=\"https:\/\/twitter.com\/Vithas\">X<\/a> <a href=\"https:\/\/www.youtube.com\/Vithashospital\">Youtube<\/a><\/p>","vth_author":"","vth_type":"","vth_video":"","vth_kentico_id":"","vth_is_all_center_selected":"0","vth_is_corporate":"1","type":false,"image":false,"video":false,"imageVideo":false,"title":false,"cta":[],"cards":[],"card":[],"tabElement":[],"feature":[],"description":false,"imageBanner":false,"benefits":[],"asesor":[],"column_left":[],"column_right":[],"textMap":false,"banner":[],"boxes":[],"videoURL":false,"textInfo":false,"id":false,"background":false,"values":[],"placeholderIndex1":false,"placeholderIndex2":false,"placeholderIndex3":false,"textButton":false,"textNoResults":false,"textSearchError":false,"script":false,"linkAll":false,"placeHolderCenter":false,"title_menu":false,"placeholderCenter":false,"placeholderSpecialty":false,"placeholderDate":false,"titleLeft":false,"phone":false,"mail":false,"titleRight":false,"placeholder":false,"datePicker":false,"postType":false,"background_cards":false,"background_cards_description":false,"accordion":[],"videoType":false,"isAutoPlay":false,"transitionImage":false,"speedImage":false,"hasText":false,"hasCardBorder":false,"cardBorderWidth":false,"cardColorBorder":false,"text":false,"colorTextBackground":false,"verticalPlacementWeb":false,"horizontalPlacementWeb":false,"paddingTopText":false,"paddingBottomText":false,"paddingLeftText":false,"paddingRightText":false,"cardWidthWeb":false,"hasAppButton":false,"hasButton":false,"link":false,"newTarget":false,"colorButtonDefault":false,"colorButtonDefaultBackground":false,"colorButtonDefaultBorder":false,"colorButtonHover":false,"colorButtonHoverBackground":false,"colorButtonHoverBorder":false,"buttonBorderWidth":false,"buttonBorderMarginTop":false,"buttonBorderMarginBottom":false,"buttonBorderMarginLeft":false,"buttonBorderMarginRight":false,"showTextInMobile":false,"cardWidthMobile":false,"verticalPlacementMobile":false,"horizontalPlacementMobile":false,"showButtonInMobile":false,"images":[],"name":false,"surname":false,"email":false,"areas":[],"button":false,"description_conditions":false,"title_policy":false,"description_policy":false,"company":false,"location":false,"interest":[],"background_block":false,"columns":false,"type_block":false,"level_title":false,"check_type":false,"subtitle":false,"class_style":false,"background_card":false,"is_form":false,"background_form":false,"form_title":false,"short_code":false,"color_background":false,"color_title":false,"color_text":false,"cards_size":false,"wrapper":false,"my_address":false,"map":false,"links":[],"vth_is_location_selector":false,"vth_location":false,"float_buttons":[],"image_warranty":[],"centers":[],"sliders":[],"post_type":false,"filters":[],"button_title":false,"vth_treatments_process":[],"reverse":false,"category":false,"post_to_center_to":[],"post_to_specialty_to":[],"post_to_medicalunit_to":[],"post_to_specialist_to":[]},"_links":{"self":[{"href":"https:\/\/vithas.es\/ca\/wp-json\/wp\/v2\/posts\/329522","targetHints":{"allow":["GET"]}}],"collection":[{"href":"https:\/\/vithas.es\/ca\/wp-json\/wp\/v2\/posts"}],"about":[{"href":"https:\/\/vithas.es\/ca\/wp-json\/wp\/v2\/types\/post"}],"author":[{"embeddable":true,"href":"https:\/\/vithas.es\/ca\/wp-json\/wp\/v2\/users\/35"}],"replies":[{"embeddable":true,"href":"https:\/\/vithas.es\/ca\/wp-json\/wp\/v2\/comments?post=329522"}],"version-history":[{"count":2,"href":"https:\/\/vithas.es\/ca\/wp-json\/wp\/v2\/posts\/329522\/revisions"}],"predecessor-version":[{"id":329530,"href":"https:\/\/vithas.es\/ca\/wp-json\/wp\/v2\/posts\/329522\/revisions\/329530"}],"wp:featuredmedia":[{"embeddable":true,"href":"https:\/\/vithas.es\/ca\/wp-json\/wp\/v2\/media\/329523"}],"wp:attachment":[{"href":"https:\/\/vithas.es\/ca\/wp-json\/wp\/v2\/media?parent=329522"}],"wp:term":[{"taxonomy":"category","embeddable":true,"href":"https:\/\/vithas.es\/ca\/wp-json\/wp\/v2\/categories?post=329522"},{"taxonomy":"post_tag","embeddable":true,"href":"https:\/\/vithas.es\/ca\/wp-json\/wp\/v2\/tags?post=329522"},{"taxonomy":"post_type_category","embeddable":true,"href":"https:\/\/vithas.es\/ca\/wp-json\/wp\/v2\/post_type_category?post=329522"}],"curies":[{"name":"wp","href":"https:\/\/api.w.org\/{rel}","templated":true}]}}