{"id":333052,"date":"2026-02-03T13:08:35","date_gmt":"2026-02-03T12:08:35","guid":{"rendered":"https:\/\/vithas.es\/?p=333052"},"modified":"2026-04-14T13:29:16","modified_gmt":"2026-04-14T11:29:16","slug":"aeball-salia-amb-vithas-barcelona-per-a-impulsar-leconomia-i-locupacio-al-baix-llobregat-i-lhospitalet","status":"publish","type":"post","link":"https:\/\/vithas.es\/ca\/comunicacio\/actualitat\/aeball-salia-amb-vithas-barcelona-per-a-impulsar-leconomia-i-locupacio-al-baix-llobregat-i-lhospitalet\/","title":{"rendered":"AEBALL s\u2019alia amb Vithas Barcelona per a impulsar l\u2019economia i l\u2019ocupaci\u00f3 al Baix Llobregat i l'Hospitalet"},"content":{"rendered":"\n<p>L\u2019<a href=\"https:\/\/vithas.es\/ca\/centro\/hospital-vithas-barcelona\/\">Hospital Vithas Barcelona<\/a>, situat a Esplugues de Llobregat, s'ha unit a l'Associaci\u00f3 Empresarial de l\u2019Hospitalet i Baix Llobregat (AEBALL). Aquesta alian\u00e7a estrat\u00e8gica t\u00e9 com a objectiu integrar el centre hospitalari en l'ecosistema empresarial de la zona i col\u00b7laborar activament en el dinamisme econ\u00f2mic i la innovaci\u00f3 en salut del territori.<\/p>\n\n\n\n<p>L'adhesi\u00f3 a&nbsp; <a href=\"https:\/\/www.aeball.com\/ca\/aeball-salut\">AEBALL Salud<\/a> permetr\u00e0 al nou hospital estr\u00e8nyer lla\u00e7os amb el teixit social i empresarial del Baix Llobregat i l\u2019Hospitalet, a m\u00e9s de contribuir al creixement econ\u00f2mic i el desenvolupament de la zona mitjan\u00e7ant la creaci\u00f3 d'ocupaci\u00f3 i la inversi\u00f3 en tecnologia, recerca i innovaci\u00f3 sanit\u00e0ries. Un comprom\u00eds que ja es va posar de manifest durant la construcci\u00f3 i posada en marxa de l'hospital, que va donar ocupaci\u00f3 a m\u00e9s de 3.000 persones de 60 empreses, la gran majoria d'elles procedents del territori.<\/p>\n\n\n\n<p>En aquest sentit, l'Hospital Vithas Barcelona ha acollit aquest dimarts una visita d'una representaci\u00f3 d'empreses associades a AEBALL. Durant la jornada, els assistents han pogut con\u00e8ixer el model assistencial transformador del centre, que \u00e9s el m\u00e9s gran de Vithas i el seu cinqu\u00e8 equipament sanitari a Catalunya, aix\u00ed com l'oferta de serveis Vithas Empreses, dirigida a companyies i els seus treballadors.<\/p>\n\n\n\n<p>En la seva intervenci\u00f3 en l'acte, el <strong>president d\u2019AEBALL, Santiago Ballest\u00e9,<\/strong> ha destacat que \"aquestes visites tenen un objectiu molt clar: apropar el m\u00f3n empresarial a l\u2019entorn sanitari, i fer-ho des de la confian\u00e7a, la col\u00b7laboraci\u00f3 i la voluntat de sumar. Des d\u2019AEBALL estem conven\u00e7uts que el futur del nostre territori passa per refor\u00e7ar la connexi\u00f3 entre salut, innovaci\u00f3, empresa i desenvolupament econ\u00f2mic. Per aix\u00f2, AEBALL Salut vol ser una eina \u00fatil i pr\u00e0ctica, orientada a crear vincles i impulsar iniciatives que generin valor per a tothom\".<\/p>\n\n\n\n<p>Per part seva, la <strong>directora gerent de l'Hospital Vithas Barcelona, Anna Guir\u00f3<\/strong>, ha reafirmat la vocaci\u00f3 de servei del centre: \"La nostra voluntat \u00e9s ser \u2018un ve\u00ed m\u00e9s\u2019 i participar activament en el dinamisme empresarial del Baix Llobregat i l\u2019Hospitalet, establint aliances que afavoreixin el creixement mutu. Des de Vithas, creiem fermament en el valor de la proximitat i el treball amb empreses del nostre entorn: no nom\u00e9s per a fomentar la salut i l'excel\u00b7l\u00e8ncia assistencial, sin\u00f3 tamb\u00e9 per a impulsar l'economia i l'\u00fas dels territoris on tenim pres\u00e8ncia\".<\/p>\n\n\n\n<p><strong>Salut integral per al sector corporatiu<\/strong><\/p>\n\n\n\n<p>Un dels punts clau de la jornada ha estat la presentaci\u00f3 de <strong>Vithas Empreses<\/strong>, a c\u00e0rrec d'<strong>Enrique De Benito<\/strong>, director d'aquesta \u00e0rea a Vithas. Es tracta d'una proposta de Vithas per a posar a la disposici\u00f3 de companyies i de col\u00b7legis professionals una \u00e0mplia cartera de serveis de salut en la xarxa d'hospitals i centres m\u00e8dics i assistencials del grup.<\/p>\n\n\n\n<p>Aquesta oferta abasta programes preventius, atenci\u00f3 sanit\u00e0ria a empleats i seguiment m\u00e8dic si fos necessari fins a la seva reincorporaci\u00f3 al lloc de treball despr\u00e9s d'una baixa laboral, oferint un circuit assistencial preferent, \u00e0gil i espec\u00edfic. Ja es beneficien dels seus serveis grans companyies nacionals i internacionals com Inditex, Mercadona, El Corte Ingl\u00e9s, la Caixa, SEAT, Naturgy o Iberia, entre moltes altres.<\/p>\n\n\n\n<p>Despr\u00e9s d'aquesta presentaci\u00f3, l'esdeveniment ha incl\u00f2s un recorregut per les instal\u00b7lacions de l'Hospital Vithas Barcelona, un centre de m\u00e9s de 39.000 metres quadrats amb 160 habitacions individuals, 60 consultes d'especialitats i un bloc quir\u00fargic amb 14 quir\u00f2fans i tecnologia rob\u00f2tica.<\/p>\n\n\n\n<p>El centre, que aspira a ser un referent de la sanitat catalana, ofereix una atenci\u00f3 integral que inclou des d'una cuidada \u00e0rea materno-infantil fins a urg\u00e8ncies 24h amb circuits diferenciats per a pacients adults i pedi\u00e0trics. Tot aix\u00f2, sota un model natiu digital i sostenible, neutre en carboni en consum de gas i electricitat. Quant al seu impacte laboral, l'hospital preveu comptar amb 1.800 professionals sanitaris i no sanitaris quan arribi al seu ple rendiment.<\/p>\n\n\n\n<p>La jornada ha comptat amb l'assist\u00e8ncia de representants de les empreses associades a AEBALL Tempel Group, Aural, Col\u00b7legi Xaloc, Hotel Porta Fira 4S, Temp-Rite, Calaf Constructora, DomusVi Ca Buxeres, Copisa, NGNY Devices, Urban Air Purifier (UAP), Mirihi, Kribea Headhunters, Prestait, Grup Sirt, Synergie, Alfonso-Carlos Auguet Sangr\u00e1, EADA Business School i Getting Contacts. Amb iniciatives com aquesta, AEBALL Salut consolida la seva missi\u00f3 de connectar empreses, institucions sanit\u00e0ries i agents de recerca per a impulsar projectes compartits, facilitar espais de trobada i aprofitar oportunitats d'innovaci\u00f3 que reverteixin en una millor atenci\u00f3 a la ciutadania i en m\u00e9s competitivitat per al territori.<\/p>\n","protected":false},"excerpt":{"rendered":"<p>L\u2019Hospital Vithas Barcelona, situat a Esplugues de Llobregat, s'ha unit a l'Associaci\u00f3 Empresarial de l\u2019Hospitalet i Baix Llobregat (AEBALL). Aquesta alian\u00e7a estrat\u00e8gica t\u00e9 com a objectiu integrar el centre hospitalari en l'ecosistema empresarial de la zona i col\u00b7laborar activament en el dinamisme econ\u00f2mic i la innovaci\u00f3 en salut del territori. L'adhesi\u00f3 a&nbsp; AEBALL Salud permetr\u00e0 [&hellip;]<\/p>\n","protected":false},"author":35,"featured_media":333053,"comment_status":"closed","ping_status":"open","sticky":false,"template":"","format":"standard","meta":{"footnotes":""},"categories":[1],"tags":[],"post_type_category":[2553],"class_list":["post-333052","post","type-post","status-publish","format-standard","has-post-thumbnail","hentry"],"yoast_head":"<!-- This site is optimized with the Yoast SEO Premium plugin v27.3 (Yoast SEO v27.3) - https:\/\/yoast.com\/product\/yoast-seo-premium-wordpress\/ -->\n<title>AEBALL s\u2019alia amb Vithas Barcelona per a impulsar l\u2019economia i l\u2019ocupaci\u00f3 al Baix Llobregat i l&#039;Hospitalet - Vithas<\/title>\n<meta name=\"robots\" content=\"index, follow, max-snippet:-1, max-image-preview:large, max-video-preview:-1\" \/>\n<link rel=\"canonical\" href=\"https:\/\/vithas.es\/ca\/comunicacio\/actualitat\/aeball-salia-amb-vithas-barcelona-per-a-impulsar-leconomia-i-locupacio-al-baix-llobregat-i-lhospitalet\/\" \/>\n<meta property=\"og:locale\" content=\"ca_ES\" \/>\n<meta property=\"og:type\" content=\"article\" \/>\n<meta property=\"og:title\" content=\"AEBALL s\u2019alia amb Vithas Barcelona per a impulsar l\u2019economia i l\u2019ocupaci\u00f3 al Baix Llobregat i l&#039;Hospitalet - Vithas\" \/>\n<meta property=\"og:description\" content=\"L\u2019Hospital Vithas Barcelona, situat a Esplugues de Llobregat, s&#039;ha unit a l&#039;Associaci\u00f3 Empresarial de l\u2019Hospitalet i Baix Llobregat (AEBALL). Aquesta alian\u00e7a estrat\u00e8gica t\u00e9 com a objectiu integrar el centre hospitalari en l&#039;ecosistema empresarial de la zona i col\u00b7laborar activament en el dinamisme econ\u00f2mic i la innovaci\u00f3 en salut del territori. L&#039;adhesi\u00f3 a&nbsp; AEBALL Salud permetr\u00e0 [&hellip;]\" \/>\n<meta property=\"og:url\" content=\"https:\/\/vithas.es\/ca\/comunicacio\/actualitat\/aeball-salia-amb-vithas-barcelona-per-a-impulsar-leconomia-i-locupacio-al-baix-llobregat-i-lhospitalet\/\" \/>\n<meta property=\"og:site_name\" content=\"Vithas\" \/>\n<meta property=\"article:publisher\" content=\"https:\/\/es-es.facebook.com\/HospitalesVithas\/\" \/>\n<meta property=\"article:published_time\" content=\"2026-02-03T12:08:35+00:00\" \/>\n<meta property=\"article:modified_time\" content=\"2026-04-14T11:29:16+00:00\" \/>\n<meta property=\"og:image\" content=\"https:\/\/vithas.es\/wp-content\/uploads\/2026\/02\/Foto_AEBALL-Vithas-Barcelona-1.jpeg\" \/>\n\t<meta property=\"og:image:width\" content=\"1600\" \/>\n\t<meta property=\"og:image:height\" content=\"1200\" \/>\n\t<meta property=\"og:image:type\" content=\"image\/jpeg\" \/>\n<meta name=\"author\" content=\"Duomo\" \/>\n<meta name=\"twitter:card\" content=\"summary_large_image\" \/>\n<meta name=\"twitter:creator\" content=\"@Vithas\" \/>\n<meta name=\"twitter:site\" content=\"@Vithas\" \/>\n<meta name=\"twitter:label1\" content=\"Written by\" \/>\n\t<meta name=\"twitter:data1\" content=\"Duomo\" \/>\n\t<meta name=\"twitter:label2\" content=\"Est. reading time\" \/>\n\t<meta name=\"twitter:data2\" content=\"4 minutes\" \/>\n<script type=\"application\/ld+json\" class=\"yoast-schema-graph\">{\"@context\":\"https:\\\/\\\/schema.org\",\"@graph\":[{\"@type\":\"Article\",\"@id\":\"https:\\\/\\\/vithas.es\\\/ca\\\/comunicacio\\\/actualitat\\\/aeball-salia-amb-vithas-barcelona-per-a-impulsar-leconomia-i-locupacio-al-baix-llobregat-i-lhospitalet\\\/#article\",\"isPartOf\":{\"@id\":\"https:\\\/\\\/vithas.es\\\/ca\\\/comunicacio\\\/actualitat\\\/aeball-salia-amb-vithas-barcelona-per-a-impulsar-leconomia-i-locupacio-al-baix-llobregat-i-lhospitalet\\\/\"},\"author\":{\"name\":\"Duomo\",\"@id\":\"https:\\\/\\\/vithas.es\\\/#\\\/schema\\\/person\\\/23aa266fbb4c5a64b2467c4625c7998c\"},\"headline\":\"AEBALL s\u2019alia amb Vithas Barcelona per a impulsar l\u2019economia i l\u2019ocupaci\u00f3 al Baix Llobregat i l'Hospitalet\",\"datePublished\":\"2026-02-03T12:08:35+00:00\",\"dateModified\":\"2026-04-14T11:29:16+00:00\",\"mainEntityOfPage\":{\"@id\":\"https:\\\/\\\/vithas.es\\\/ca\\\/comunicacio\\\/actualitat\\\/aeball-salia-amb-vithas-barcelona-per-a-impulsar-leconomia-i-locupacio-al-baix-llobregat-i-lhospitalet\\\/\"},\"wordCount\":811,\"publisher\":{\"@id\":\"https:\\\/\\\/vithas.es\\\/#organization\"},\"image\":{\"@id\":\"https:\\\/\\\/vithas.es\\\/ca\\\/comunicacio\\\/actualitat\\\/aeball-salia-amb-vithas-barcelona-per-a-impulsar-leconomia-i-locupacio-al-baix-llobregat-i-lhospitalet\\\/#primaryimage\"},\"thumbnailUrl\":\"https:\\\/\\\/vithas.es\\\/wp-content\\\/uploads\\\/2026\\\/02\\\/Foto_AEBALL-Vithas-Barcelona-1.jpeg\",\"articleSection\":[\"Sin categorizar\"],\"inLanguage\":\"ca\"},{\"@type\":\"WebPage\",\"@id\":\"https:\\\/\\\/vithas.es\\\/ca\\\/comunicacio\\\/actualitat\\\/aeball-salia-amb-vithas-barcelona-per-a-impulsar-leconomia-i-locupacio-al-baix-llobregat-i-lhospitalet\\\/\",\"url\":\"https:\\\/\\\/vithas.es\\\/ca\\\/comunicacio\\\/actualitat\\\/aeball-salia-amb-vithas-barcelona-per-a-impulsar-leconomia-i-locupacio-al-baix-llobregat-i-lhospitalet\\\/\",\"name\":\"AEBALL s\u2019alia amb Vithas Barcelona per a impulsar l\u2019economia i l\u2019ocupaci\u00f3 al Baix Llobregat i l'Hospitalet - Vithas\",\"isPartOf\":{\"@id\":\"https:\\\/\\\/vithas.es\\\/#website\"},\"primaryImageOfPage\":{\"@id\":\"https:\\\/\\\/vithas.es\\\/ca\\\/comunicacio\\\/actualitat\\\/aeball-salia-amb-vithas-barcelona-per-a-impulsar-leconomia-i-locupacio-al-baix-llobregat-i-lhospitalet\\\/#primaryimage\"},\"image\":{\"@id\":\"https:\\\/\\\/vithas.es\\\/ca\\\/comunicacio\\\/actualitat\\\/aeball-salia-amb-vithas-barcelona-per-a-impulsar-leconomia-i-locupacio-al-baix-llobregat-i-lhospitalet\\\/#primaryimage\"},\"thumbnailUrl\":\"https:\\\/\\\/vithas.es\\\/wp-content\\\/uploads\\\/2026\\\/02\\\/Foto_AEBALL-Vithas-Barcelona-1.jpeg\",\"datePublished\":\"2026-02-03T12:08:35+00:00\",\"dateModified\":\"2026-04-14T11:29:16+00:00\",\"breadcrumb\":{\"@id\":\"https:\\\/\\\/vithas.es\\\/ca\\\/comunicacio\\\/actualitat\\\/aeball-salia-amb-vithas-barcelona-per-a-impulsar-leconomia-i-locupacio-al-baix-llobregat-i-lhospitalet\\\/#breadcrumb\"},\"inLanguage\":\"ca\",\"potentialAction\":[{\"@type\":\"ReadAction\",\"target\":[\"https:\\\/\\\/vithas.es\\\/ca\\\/comunicacio\\\/actualitat\\\/aeball-salia-amb-vithas-barcelona-per-a-impulsar-leconomia-i-locupacio-al-baix-llobregat-i-lhospitalet\\\/\"]}]},{\"@type\":\"ImageObject\",\"inLanguage\":\"ca\",\"@id\":\"https:\\\/\\\/vithas.es\\\/ca\\\/comunicacio\\\/actualitat\\\/aeball-salia-amb-vithas-barcelona-per-a-impulsar-leconomia-i-locupacio-al-baix-llobregat-i-lhospitalet\\\/#primaryimage\",\"url\":\"https:\\\/\\\/vithas.es\\\/wp-content\\\/uploads\\\/2026\\\/02\\\/Foto_AEBALL-Vithas-Barcelona-1.jpeg\",\"contentUrl\":\"https:\\\/\\\/vithas.es\\\/wp-content\\\/uploads\\\/2026\\\/02\\\/Foto_AEBALL-Vithas-Barcelona-1.jpeg\",\"width\":1600,\"height\":1200},{\"@type\":\"BreadcrumbList\",\"@id\":\"https:\\\/\\\/vithas.es\\\/ca\\\/comunicacio\\\/actualitat\\\/aeball-salia-amb-vithas-barcelona-per-a-impulsar-leconomia-i-locupacio-al-baix-llobregat-i-lhospitalet\\\/#breadcrumb\",\"itemListElement\":[{\"@type\":\"ListItem\",\"position\":1,\"name\":\"Hospitales Vithas\",\"item\":\"https:\\\/\\\/vithas.es\\\/ca\\\/\"},{\"@type\":\"ListItem\",\"position\":2,\"name\":\"AEBALL s\u2019alia amb Vithas Barcelona per a impulsar l\u2019economia i l\u2019ocupaci\u00f3 al Baix Llobregat i l'Hospitalet\"}]},{\"@type\":\"WebSite\",\"@id\":\"https:\\\/\\\/vithas.es\\\/#website\",\"url\":\"https:\\\/\\\/vithas.es\\\/\",\"name\":\"Vithas\",\"description\":\"Vivir para cuidarte\",\"publisher\":{\"@id\":\"https:\\\/\\\/vithas.es\\\/#organization\"},\"potentialAction\":[{\"@type\":\"SearchAction\",\"target\":{\"@type\":\"EntryPoint\",\"urlTemplate\":\"https:\\\/\\\/vithas.es\\\/?s={search_term_string}\"},\"query-input\":{\"@type\":\"PropertyValueSpecification\",\"valueRequired\":true,\"valueName\":\"search_term_string\"}}],\"inLanguage\":\"ca\"},{\"@type\":\"Organization\",\"@id\":\"https:\\\/\\\/vithas.es\\\/#organization\",\"name\":\"Vithas\",\"url\":\"https:\\\/\\\/vithas.es\\\/\",\"logo\":{\"@type\":\"ImageObject\",\"inLanguage\":\"ca\",\"@id\":\"https:\\\/\\\/vithas.es\\\/#\\\/schema\\\/logo\\\/image\\\/\",\"url\":\"https:\\\/\\\/vithas.es\\\/wp-content\\\/uploads\\\/2021\\\/07\\\/vithas-beat-horizontal.svg\",\"contentUrl\":\"https:\\\/\\\/vithas.es\\\/wp-content\\\/uploads\\\/2021\\\/07\\\/vithas-beat-horizontal.svg\",\"width\":406,\"height\":84,\"caption\":\"Vithas\"},\"image\":{\"@id\":\"https:\\\/\\\/vithas.es\\\/#\\\/schema\\\/logo\\\/image\\\/\"},\"sameAs\":[\"https:\\\/\\\/es-es.facebook.com\\\/HospitalesVithas\\\/\",\"https:\\\/\\\/x.com\\\/Vithas\",\"https:\\\/\\\/www.instagram.com\\\/vithas_hospitales\\\/\",\"https:\\\/\\\/www.linkedin.com\\\/company\\\/vithas-hospital\\\/\",\"https:\\\/\\\/www.youtube.com\\\/channel\\\/UC4Dc3WWg5HzldDibyzFpw2Q\"]},{\"@type\":\"Person\",\"@id\":\"https:\\\/\\\/vithas.es\\\/#\\\/schema\\\/person\\\/23aa266fbb4c5a64b2467c4625c7998c\",\"name\":\"Duomo\",\"image\":{\"@type\":\"ImageObject\",\"inLanguage\":\"ca\",\"@id\":\"https:\\\/\\\/secure.gravatar.com\\\/avatar\\\/e7e5837db7fd56beda79ddb09cb23bb04869855c97530a9112d80cf63e0e253c?s=96&d=mm&r=g\",\"url\":\"https:\\\/\\\/secure.gravatar.com\\\/avatar\\\/e7e5837db7fd56beda79ddb09cb23bb04869855c97530a9112d80cf63e0e253c?s=96&d=mm&r=g\",\"contentUrl\":\"https:\\\/\\\/secure.gravatar.com\\\/avatar\\\/e7e5837db7fd56beda79ddb09cb23bb04869855c97530a9112d80cf63e0e253c?s=96&d=mm&r=g\",\"caption\":\"Duomo\"},\"url\":\"https:\\\/\\\/vithas.es\\\/ca\\\/author\\\/mramiladuomocomunicacion-com\\\/\"}]}<\/script>\n<!-- \/ Yoast SEO Premium plugin. -->","yoast_head_json":{"title":"AEBALL s\u2019alia amb Vithas Barcelona per a impulsar l\u2019economia i l\u2019ocupaci\u00f3 al Baix Llobregat i l'Hospitalet - Vithas","robots":{"index":"index","follow":"follow","max-snippet":"max-snippet:-1","max-image-preview":"max-image-preview:large","max-video-preview":"max-video-preview:-1"},"canonical":"https:\/\/vithas.es\/ca\/comunicacio\/actualitat\/aeball-salia-amb-vithas-barcelona-per-a-impulsar-leconomia-i-locupacio-al-baix-llobregat-i-lhospitalet\/","og_locale":"ca_ES","og_type":"article","og_title":"AEBALL s\u2019alia amb Vithas Barcelona per a impulsar l\u2019economia i l\u2019ocupaci\u00f3 al Baix Llobregat i l'Hospitalet - Vithas","og_description":"L\u2019Hospital Vithas Barcelona, situat a Esplugues de Llobregat, s'ha unit a l'Associaci\u00f3 Empresarial de l\u2019Hospitalet i Baix Llobregat (AEBALL). Aquesta alian\u00e7a estrat\u00e8gica t\u00e9 com a objectiu integrar el centre hospitalari en l'ecosistema empresarial de la zona i col\u00b7laborar activament en el dinamisme econ\u00f2mic i la innovaci\u00f3 en salut del territori. L'adhesi\u00f3 a&nbsp; AEBALL Salud permetr\u00e0 [&hellip;]","og_url":"https:\/\/vithas.es\/ca\/comunicacio\/actualitat\/aeball-salia-amb-vithas-barcelona-per-a-impulsar-leconomia-i-locupacio-al-baix-llobregat-i-lhospitalet\/","og_site_name":"Vithas","article_publisher":"https:\/\/es-es.facebook.com\/HospitalesVithas\/","article_published_time":"2026-02-03T12:08:35+00:00","article_modified_time":"2026-04-14T11:29:16+00:00","og_image":[{"width":1600,"height":1200,"url":"https:\/\/vithas.es\/wp-content\/uploads\/2026\/02\/Foto_AEBALL-Vithas-Barcelona-1.jpeg","type":"image\/jpeg"}],"author":"Duomo","twitter_card":"summary_large_image","twitter_creator":"@Vithas","twitter_site":"@Vithas","twitter_misc":{"Written by":"Duomo","Est. reading time":"4 minutes"},"schema":{"@context":"https:\/\/schema.org","@graph":[{"@type":"Article","@id":"https:\/\/vithas.es\/ca\/comunicacio\/actualitat\/aeball-salia-amb-vithas-barcelona-per-a-impulsar-leconomia-i-locupacio-al-baix-llobregat-i-lhospitalet\/#article","isPartOf":{"@id":"https:\/\/vithas.es\/ca\/comunicacio\/actualitat\/aeball-salia-amb-vithas-barcelona-per-a-impulsar-leconomia-i-locupacio-al-baix-llobregat-i-lhospitalet\/"},"author":{"name":"Duomo","@id":"https:\/\/vithas.es\/#\/schema\/person\/23aa266fbb4c5a64b2467c4625c7998c"},"headline":"AEBALL s\u2019alia amb Vithas Barcelona per a impulsar l\u2019economia i l\u2019ocupaci\u00f3 al Baix Llobregat i l'Hospitalet","datePublished":"2026-02-03T12:08:35+00:00","dateModified":"2026-04-14T11:29:16+00:00","mainEntityOfPage":{"@id":"https:\/\/vithas.es\/ca\/comunicacio\/actualitat\/aeball-salia-amb-vithas-barcelona-per-a-impulsar-leconomia-i-locupacio-al-baix-llobregat-i-lhospitalet\/"},"wordCount":811,"publisher":{"@id":"https:\/\/vithas.es\/#organization"},"image":{"@id":"https:\/\/vithas.es\/ca\/comunicacio\/actualitat\/aeball-salia-amb-vithas-barcelona-per-a-impulsar-leconomia-i-locupacio-al-baix-llobregat-i-lhospitalet\/#primaryimage"},"thumbnailUrl":"https:\/\/vithas.es\/wp-content\/uploads\/2026\/02\/Foto_AEBALL-Vithas-Barcelona-1.jpeg","articleSection":["Sin categorizar"],"inLanguage":"ca"},{"@type":"WebPage","@id":"https:\/\/vithas.es\/ca\/comunicacio\/actualitat\/aeball-salia-amb-vithas-barcelona-per-a-impulsar-leconomia-i-locupacio-al-baix-llobregat-i-lhospitalet\/","url":"https:\/\/vithas.es\/ca\/comunicacio\/actualitat\/aeball-salia-amb-vithas-barcelona-per-a-impulsar-leconomia-i-locupacio-al-baix-llobregat-i-lhospitalet\/","name":"AEBALL s\u2019alia amb Vithas Barcelona per a impulsar l\u2019economia i l\u2019ocupaci\u00f3 al Baix Llobregat i l'Hospitalet - Vithas","isPartOf":{"@id":"https:\/\/vithas.es\/#website"},"primaryImageOfPage":{"@id":"https:\/\/vithas.es\/ca\/comunicacio\/actualitat\/aeball-salia-amb-vithas-barcelona-per-a-impulsar-leconomia-i-locupacio-al-baix-llobregat-i-lhospitalet\/#primaryimage"},"image":{"@id":"https:\/\/vithas.es\/ca\/comunicacio\/actualitat\/aeball-salia-amb-vithas-barcelona-per-a-impulsar-leconomia-i-locupacio-al-baix-llobregat-i-lhospitalet\/#primaryimage"},"thumbnailUrl":"https:\/\/vithas.es\/wp-content\/uploads\/2026\/02\/Foto_AEBALL-Vithas-Barcelona-1.jpeg","datePublished":"2026-02-03T12:08:35+00:00","dateModified":"2026-04-14T11:29:16+00:00","breadcrumb":{"@id":"https:\/\/vithas.es\/ca\/comunicacio\/actualitat\/aeball-salia-amb-vithas-barcelona-per-a-impulsar-leconomia-i-locupacio-al-baix-llobregat-i-lhospitalet\/#breadcrumb"},"inLanguage":"ca","potentialAction":[{"@type":"ReadAction","target":["https:\/\/vithas.es\/ca\/comunicacio\/actualitat\/aeball-salia-amb-vithas-barcelona-per-a-impulsar-leconomia-i-locupacio-al-baix-llobregat-i-lhospitalet\/"]}]},{"@type":"ImageObject","inLanguage":"ca","@id":"https:\/\/vithas.es\/ca\/comunicacio\/actualitat\/aeball-salia-amb-vithas-barcelona-per-a-impulsar-leconomia-i-locupacio-al-baix-llobregat-i-lhospitalet\/#primaryimage","url":"https:\/\/vithas.es\/wp-content\/uploads\/2026\/02\/Foto_AEBALL-Vithas-Barcelona-1.jpeg","contentUrl":"https:\/\/vithas.es\/wp-content\/uploads\/2026\/02\/Foto_AEBALL-Vithas-Barcelona-1.jpeg","width":1600,"height":1200},{"@type":"BreadcrumbList","@id":"https:\/\/vithas.es\/ca\/comunicacio\/actualitat\/aeball-salia-amb-vithas-barcelona-per-a-impulsar-leconomia-i-locupacio-al-baix-llobregat-i-lhospitalet\/#breadcrumb","itemListElement":[{"@type":"ListItem","position":1,"name":"Hospitales Vithas","item":"https:\/\/vithas.es\/ca\/"},{"@type":"ListItem","position":2,"name":"AEBALL s\u2019alia amb Vithas Barcelona per a impulsar l\u2019economia i l\u2019ocupaci\u00f3 al Baix Llobregat i l'Hospitalet"}]},{"@type":"WebSite","@id":"https:\/\/vithas.es\/#website","url":"https:\/\/vithas.es\/","name":"Vithas","description":"Vivir para cuidarte","publisher":{"@id":"https:\/\/vithas.es\/#organization"},"potentialAction":[{"@type":"SearchAction","target":{"@type":"EntryPoint","urlTemplate":"https:\/\/vithas.es\/?s={search_term_string}"},"query-input":{"@type":"PropertyValueSpecification","valueRequired":true,"valueName":"search_term_string"}}],"inLanguage":"ca"},{"@type":"Organization","@id":"https:\/\/vithas.es\/#organization","name":"Vithas","url":"https:\/\/vithas.es\/","logo":{"@type":"ImageObject","inLanguage":"ca","@id":"https:\/\/vithas.es\/#\/schema\/logo\/image\/","url":"https:\/\/vithas.es\/wp-content\/uploads\/2021\/07\/vithas-beat-horizontal.svg","contentUrl":"https:\/\/vithas.es\/wp-content\/uploads\/2021\/07\/vithas-beat-horizontal.svg","width":406,"height":84,"caption":"Vithas"},"image":{"@id":"https:\/\/vithas.es\/#\/schema\/logo\/image\/"},"sameAs":["https:\/\/es-es.facebook.com\/HospitalesVithas\/","https:\/\/x.com\/Vithas","https:\/\/www.instagram.com\/vithas_hospitales\/","https:\/\/www.linkedin.com\/company\/vithas-hospital\/","https:\/\/www.youtube.com\/channel\/UC4Dc3WWg5HzldDibyzFpw2Q"]},{"@type":"Person","@id":"https:\/\/vithas.es\/#\/schema\/person\/23aa266fbb4c5a64b2467c4625c7998c","name":"Duomo","image":{"@type":"ImageObject","inLanguage":"ca","@id":"https:\/\/secure.gravatar.com\/avatar\/e7e5837db7fd56beda79ddb09cb23bb04869855c97530a9112d80cf63e0e253c?s=96&d=mm&r=g","url":"https:\/\/secure.gravatar.com\/avatar\/e7e5837db7fd56beda79ddb09cb23bb04869855c97530a9112d80cf63e0e253c?s=96&d=mm&r=g","contentUrl":"https:\/\/secure.gravatar.com\/avatar\/e7e5837db7fd56beda79ddb09cb23bb04869855c97530a9112d80cf63e0e253c?s=96&d=mm&r=g","caption":"Duomo"},"url":"https:\/\/vithas.es\/ca\/author\/mramiladuomocomunicacion-com\/"}]}},"meta_box":{"vth_type_news":{"term_id":2553,"name":"Actualitat","slug":"actualitat","term_group":0,"term_taxonomy_id":2553,"taxonomy":"post_type_category","description":"","parent":0,"count":21,"filter":"raw"},"vth_opening_paragraph":"<ul>\r\n<li><strong>El nou hospital, que ja va donar ocupaci\u00f3 a m\u00e9s de 3.000 persones de 60 empreses locals amb la seva construcci\u00f3 i posada en marxa, s'integra a AEBALL per refor\u00e7ar el seu comprom\u00eds amb el teixit productiu del territori.<\/strong><\/li>\r\n<li><strong>Una representaci\u00f3 d'empreses associades a AEBALL ha visitat les instal\u00b7lacions de l'hospital i ha conegut Vithas Empreses, una proposta de serveis de salut integrals i personalitzats per a companyies i els seus treballadors.<\/strong><\/li>\r\n<\/ul>","vth_image_description":"","vth_boiler_plate":"<p><strong><em>Sobre Vithas<\/em><\/strong> El <a href=\"http:\/\/www.vithas.es\">grup Vithas<\/a> est\u00e0 integrat per 22 hospitals i 39 centres m\u00e8dics i assistencials distribu\u00efts per 14 prov\u00edncies. Els 12.600 professionals que conformen Vithas l\u2019han convertit en un dels l\u00edders de la sanitat espanyola. A m\u00e9s, el grup integra la <a href=\"https:\/\/fundacion.vithas.es\/\">Fundaci\u00f3n Vithas<\/a>, <a href=\"https:\/\/www.vithaslab.es\/\">Vithas Red Diagn\u00f3stica<\/a> i la central de compres<a href=\"https:\/\/www.plazasalud.es\/\"> PlazaSalud+<\/a>. \u00a0 Vithas, recolzada pel grup Goodgrower, fonamenta la seva estrat\u00e8gia corporativa en la qualitat assistencial acreditada, l\u2019experi\u00e8ncia pacient, la investigaci\u00f3 i la innovaci\u00f3, i el comprom\u00eds social i mediambiental. \u00a0 <a href=\"http:\/\/www.vithas.es\">Vithas.es<\/a> <a href=\"blank\">Goodgrower.com<\/a> Segueix-nos a: <a href=\"https:\/\/es.linkedin.com\/company\/vithas-hospital\">LinkedIn<\/a> <a href=\"https:\/\/www.instagram.com\/vithas_hospitales\/?hl=es\">Instagram<\/a> <a href=\"https:\/\/www.tiktok.com\/@hospitalvithas?_t=8qv5phDRLf7&amp;_r=1\">TikTok<\/a> <a href=\"https:\/\/www.facebook.com\/HospitalesVithas\">Facebook<\/a> <a href=\"https:\/\/twitter.com\/Vithas\">X<\/a> <a href=\"https:\/\/www.youtube.com\/Vithashospital\">Youtube<\/a><\/p>","vth_author":"","vth_type":"","vth_video":"","vth_kentico_id":"","vth_is_all_center_selected":"0","vth_is_corporate":"1","type":false,"image":false,"video":false,"imageVideo":false,"title":false,"cta":[],"cards":[],"card":[],"tabElement":[],"feature":[],"description":false,"imageBanner":false,"benefits":[],"asesor":[],"column_left":[],"column_right":[],"textMap":false,"banner":[],"boxes":[],"videoURL":false,"textInfo":false,"id":false,"background":false,"values":[],"placeholderIndex1":false,"placeholderIndex2":false,"placeholderIndex3":false,"textButton":false,"textNoResults":false,"textSearchError":false,"script":false,"linkAll":false,"placeHolderCenter":false,"title_menu":false,"placeholderCenter":false,"placeholderSpecialty":false,"placeholderDate":false,"titleLeft":false,"phone":false,"mail":false,"titleRight":false,"placeholder":false,"datePicker":false,"postType":false,"background_cards":false,"background_cards_description":false,"accordion":[],"videoType":false,"isAutoPlay":false,"transitionImage":false,"speedImage":false,"hasText":false,"hasCardBorder":false,"cardBorderWidth":false,"cardColorBorder":false,"text":false,"colorTextBackground":false,"verticalPlacementWeb":false,"horizontalPlacementWeb":false,"paddingTopText":false,"paddingBottomText":false,"paddingLeftText":false,"paddingRightText":false,"cardWidthWeb":false,"hasAppButton":false,"hasButton":false,"link":false,"newTarget":false,"colorButtonDefault":false,"colorButtonDefaultBackground":false,"colorButtonDefaultBorder":false,"colorButtonHover":false,"colorButtonHoverBackground":false,"colorButtonHoverBorder":false,"buttonBorderWidth":false,"buttonBorderMarginTop":false,"buttonBorderMarginBottom":false,"buttonBorderMarginLeft":false,"buttonBorderMarginRight":false,"showTextInMobile":false,"cardWidthMobile":false,"verticalPlacementMobile":false,"horizontalPlacementMobile":false,"showButtonInMobile":false,"images":[],"name":false,"surname":false,"email":false,"areas":[],"button":false,"description_conditions":false,"title_policy":false,"description_policy":false,"company":false,"location":false,"interest":[],"background_block":false,"columns":false,"type_block":false,"level_title":false,"check_type":false,"subtitle":false,"class_style":false,"background_card":false,"is_form":false,"background_form":false,"form_title":false,"short_code":false,"color_background":false,"color_title":false,"color_text":false,"cards_size":false,"wrapper":false,"my_address":false,"map":false,"links":[],"vth_is_location_selector":false,"vth_location":false,"float_buttons":[],"image_warranty":[],"centers":[],"sliders":[],"post_type":false,"filters":[],"button_title":false,"vth_treatments_process":[],"reverse":false,"category":false,"post_to_center_to":[],"post_to_specialty_to":[],"post_to_medicalunit_to":[],"post_to_specialist_to":[]},"_links":{"self":[{"href":"https:\/\/vithas.es\/ca\/wp-json\/wp\/v2\/posts\/333052","targetHints":{"allow":["GET"]}}],"collection":[{"href":"https:\/\/vithas.es\/ca\/wp-json\/wp\/v2\/posts"}],"about":[{"href":"https:\/\/vithas.es\/ca\/wp-json\/wp\/v2\/types\/post"}],"author":[{"embeddable":true,"href":"https:\/\/vithas.es\/ca\/wp-json\/wp\/v2\/users\/35"}],"replies":[{"embeddable":true,"href":"https:\/\/vithas.es\/ca\/wp-json\/wp\/v2\/comments?post=333052"}],"version-history":[{"count":1,"href":"https:\/\/vithas.es\/ca\/wp-json\/wp\/v2\/posts\/333052\/revisions"}],"predecessor-version":[{"id":333057,"href":"https:\/\/vithas.es\/ca\/wp-json\/wp\/v2\/posts\/333052\/revisions\/333057"}],"wp:featuredmedia":[{"embeddable":true,"href":"https:\/\/vithas.es\/ca\/wp-json\/wp\/v2\/media\/333053"}],"wp:attachment":[{"href":"https:\/\/vithas.es\/ca\/wp-json\/wp\/v2\/media?parent=333052"}],"wp:term":[{"taxonomy":"category","embeddable":true,"href":"https:\/\/vithas.es\/ca\/wp-json\/wp\/v2\/categories?post=333052"},{"taxonomy":"post_tag","embeddable":true,"href":"https:\/\/vithas.es\/ca\/wp-json\/wp\/v2\/tags?post=333052"},{"taxonomy":"post_type_category","embeddable":true,"href":"https:\/\/vithas.es\/ca\/wp-json\/wp\/v2\/post_type_category?post=333052"}],"curies":[{"name":"wp","href":"https:\/\/api.w.org\/{rel}","templated":true}]}}