{"id":341519,"date":"2026-04-20T11:03:30","date_gmt":"2026-04-20T09:03:30","guid":{"rendered":"https:\/\/vithas.es\/?p=341519"},"modified":"2026-04-21T11:05:16","modified_gmt":"2026-04-21T09:05:16","slug":"el-hospital-vithas-barcelona-acoge-una-jornada-de-aces-sobre-la-digitalizacion-en-el-circuito-del-paciente","status":"publish","type":"post","link":"https:\/\/vithas.es\/ca\/comunicacio\/actualitat\/el-hospital-vithas-barcelona-acoge-una-jornada-de-aces-sobre-la-digitalizacion-en-el-circuito-del-paciente\/","title":{"rendered":"L'Hospital Vithas Barcelona acull una jornada d'ACES sobre la digitalitzaci\u00f3 al circuit del pacient"},"content":{"rendered":"\n<p><span style=\"font-weight: 400;\">L\u2019<\/span><a href=\"https:\/\/vithas.es\/ca\/centro\/hospital-vithas-barcelona\/\"><span style=\"font-weight: 400;\">Hospital Vithas Barcelona<\/span><\/a><span style=\"font-weight: 400;\"> ha acollit la jornada \u201cEl circuit del pacient: del contacte telef\u00f2nic a la gesti\u00f3 digital\", organitzada per l'<\/span><a href=\"https:\/\/www.aces.es\/\"><b>Associaci\u00f3 Catalana d\u2019Entitats de Salut (ACES)<\/b><\/a><span style=\"font-weight: 400;\">, en la qual professionals de l'\u00e0mbit sanitari, tecnol\u00f2gic i de gesti\u00f3 han analitzat l'evoluci\u00f3 del circuit del pacient en un entorn cada vegada m\u00e9s digitalitzat. Durant l\u2019esdeveniment, els diferents experts han coincidit en la necessitat d'avan\u00e7ar en la incorporaci\u00f3 de tecnologia al sistema sanitari per continuar millorant la qualitat i l'accessibilitat en l'atenci\u00f3 a les persones.<\/span><\/p>\n\n<p><span style=\"font-weight: 400;\">En la presentaci\u00f3 de la jornada, el <\/span><b>president en funcions de l\u2019ACES, Joan Nadal,<\/b><span style=\"font-weight: 400;\"> ha explicat que \u201cla pressi\u00f3 creixent\u201d en els diversos canals d'atenci\u00f3 al pacient i \u201cla necessitat constant de donar resposta amb rapidesa i qualitat\u201d obliga a \u201crepensar no nom\u00e9s eines, sin\u00f3 tamb\u00e9 processos i formes d'organitzaci\u00f3\u201d. Per aix\u00f2, la jornada ha estat dedicada al recorregut complet del pacient, \u201cdes del primer contacte, sovint telef\u00f2nic o digital, fins a l'arribada presencial al centre, l'atenci\u00f3 durant la visita i el seguiment posterior\u201d, ha subratllat.<\/span><\/p>\n\n<p><span style=\"font-weight: 400;\">Per la seva banda, la <\/span><b>directora gerent de l'Hospital Vithas Barcelona, Anna Guir\u00f3<\/b><span style=\"font-weight: 400;\">, ha donat la benvinguda als assistents destacant que \u201cla digitalitzaci\u00f3 est\u00e0 redefinint nombrosos processos assistencials i de gesti\u00f3\u201d. \u201cEns planteja grans reptes per\u00f2 tamb\u00e9 grans oportunitats: abordar de manera integral el circuit del pacient \u00e9s clau per a avan\u00e7ar cap a models m\u00e9s eficients, m\u00e9s coordinats i m\u00e9s accessibles\u201d, ha remarcat.<\/span><\/p>\n\n<p><span style=\"font-weight: 400;\">Tamb\u00e9 a l'inici de l\u2019acte,<\/span><b> Oscar Palao, soci de PKF Attest Health<\/b><span style=\"font-weight: 400;\">, ha convidat als participants a \u201ccompartir experi\u00e8ncies i tractar reptes de futur\u201d davant un circuit del pacient \u201ccada vegada m\u00e9s complex, amb una pressi\u00f3 creixent sobre els equips i amb canals de contacte que s'han multiplicat\u201d. \u201cLes expectatives cada vegada s\u00f3n m\u00e9s elevades per part dels pacients, que demanden accessibilitat, claredat, continu\u00eftat i una atenci\u00f3 m\u00e9s personalitzada\u201d, ha detallat.<\/span><\/p>\n\n<p><span style=\"font-weight: 400;\">En la clausura de la jornada, la <\/span><b>directora general de l\u2019ACES, Anna Zarzosa,<\/b><span style=\"font-weight: 400;\"> ha declarat que \u201cl'accessibilitat ja no \u00e9s una opci\u00f3 ni una millora incremental, sin\u00f3 una necessitat estructural que obliga a repensar circuits i organitzaci\u00f3\u201d. Tamb\u00e9 ha assenyalat que \u201cla digitalitzaci\u00f3 nom\u00e9s funciona si \u00e9s coherent i integrada, connectant tot el recorregut del pacient per evitar friccions, duplicitats i inefici\u00e8ncies\u201d. I ha afegit que \u201cla transformaci\u00f3 no \u00e9s nom\u00e9s tecnol\u00f2gica, sin\u00f3 sobretot organitzativa i cultural\u201d, destacant el paper clau dels professionals.<\/span><\/p>\n\n<p><b>Digitalitzaci\u00f3 i continu\u00eftat assistencial<\/b><\/p>\n\n<p>La trobada ha comptat amb la participaci\u00f3 i pon\u00e8ncies de Merc\u00e8 Mateo, musicoterapeuta de Music Training Lab; Laura G\u00f3mez, directora d'Experi\u00e8ncia de Pacient i de Comunicaci\u00f3 de l'Institut Catal\u00e0 de la Retina (ICR); Xavier Paredes, Chief Information Officer (CIO) d\u2019Egarsat; Mar Moragas, directora d'Experi\u00e8ncia del Pacient a Dexeus; Joima Panisello, cofundadora, co-Chief Executive Officer (co-CEO) i directora m\u00e8dica a Digimevo, i responsable de la Unitat de L\u00edpids i Risc Cardiovascular de Policl\u00ednica San Carlos; Mauro Batesteza, cofundador i co-CEO de Health Lean Analytics; Frederic Llordachs, CEO i fundador de Llamalitica; Alberto Miquel Aliaga, s\u00e8nior manager a PKF Attest, i Andra Stefanov, responsable de comunicaci\u00f3 del projecte Cuida+.&#13;\n<\/p>\n\n<p>Al llarg de les diferents pon\u00e8ncies i de la taula de debat, un dels eixos centrals de la trobada ha estat la necessitat de repensar integralment el circuit del pacient en un context cada vegada m\u00e9s digitalitzat, on la coordinaci\u00f3 entre canals, serveis i professionals \u00e9s clau per garantir una atenci\u00f3 fluida i sense fissures. En aquest sentit, s'ha destacat el paper d'eines com la intel\u00b7lig\u00e8ncia artificial, l'atenci\u00f3 omnicanal i l'automatitzaci\u00f3 de processos, no nom\u00e9s per millorar l'efici\u00e8ncia operativa, sin\u00f3 tamb\u00e9 per assegurar la continu\u00eftat assistencial.&#13;\n<\/p>\n\n<p><b>L'Hospital Vithas Barcelona, seu de la trobada<\/b><\/p>\n\n<p><span style=\"font-weight: 400;\">La jornada ha tingut lloc en el nou Hospital Vithas Barcelona, caracteritzat per incorporar equipament d'\u00faltima generaci\u00f3 i eines digitals aplicades a la gesti\u00f3 i a l'atenci\u00f3 als pacients. Com els altres centres Vithas, compta amb l'innovador sistema <\/span><b>Vithas One<\/b><span style=\"font-weight: 400;\">, que permet optimitzar processos assistencials i no assistencials, des del diagn\u00f2stic digital fins a la gesti\u00f3 log\u00edstica del centre.<\/span><\/p>\n\n<p>Situat a Esplugues de Llobregat, Vithas Barcelona compta amb m\u00e9s de 39.000 metres quadrats, 160 habitacions individuals, 60 consultes externes i un bloc quir\u00fargic amb 14 quir\u00f2fans, a m\u00e9s d'un Servei d'Urg\u00e8ncies 24 hores amb circuits diferenciats per a pacients adults i pedi\u00e0trics. Aix\u00ed mateix, disposa d'Unitat de Cures Intensives (UCI) amb 12 llits per a adults i 5 llocs d'UCI neonatal i pedi\u00e0trica.&#13;\n<\/p>\n","protected":false},"excerpt":{"rendered":"<p>L\u2019Hospital Vithas Barcelona ha acollit la jornada \u201cEl circuit del pacient: del contacte telef\u00f2nic a la gesti\u00f3 digital\", organitzada per l'Associaci\u00f3 Catalana d\u2019Entitats de Salut (ACES), en la qual professionals de l'\u00e0mbit sanitari, tecnol\u00f2gic i de gesti\u00f3 han analitzat l'evoluci\u00f3 del circuit del pacient en un entorn cada vegada m\u00e9s digitalitzat. Durant l\u2019esdeveniment, els diferents [&hellip;]<\/p>\n","protected":false},"author":92,"featured_media":341514,"comment_status":"closed","ping_status":"closed","sticky":false,"template":"","format":"standard","meta":{"footnotes":""},"categories":[2573],"tags":[2575,2574],"post_type_category":[2553],"class_list":["post-341519","post","type-post","status-publish","format-standard","has-post-thumbnail","hentry"],"yoast_head":"<!-- This site is optimized with the Yoast SEO Premium plugin v27.3 (Yoast SEO v27.3) - https:\/\/yoast.com\/product\/yoast-seo-premium-wordpress\/ -->\n<title>L&#039;Hospital Vithas Barcelona acull una jornada d&#039;ACES sobre la digitalitzaci\u00f3 al circuit del pacient - Vithas<\/title>\n<meta name=\"robots\" content=\"index, follow, max-snippet:-1, max-image-preview:large, max-video-preview:-1\" \/>\n<link rel=\"canonical\" href=\"https:\/\/vithas.es\/ca\/comunicacio\/actualitat\/el-hospital-vithas-barcelona-acoge-una-jornada-de-aces-sobre-la-digitalizacion-en-el-circuito-del-paciente\/\" \/>\n<meta property=\"og:locale\" content=\"ca_ES\" \/>\n<meta property=\"og:type\" content=\"article\" \/>\n<meta property=\"og:title\" content=\"L&#039;Hospital Vithas Barcelona acull una jornada d&#039;ACES sobre la digitalitzaci\u00f3 al circuit del pacient - Vithas\" \/>\n<meta property=\"og:description\" content=\"L\u2019Hospital Vithas Barcelona ha acollit la jornada \u201cEl circuit del pacient: del contacte telef\u00f2nic a la gesti\u00f3 digital&quot;, organitzada per l&#039;Associaci\u00f3 Catalana d\u2019Entitats de Salut (ACES), en la qual professionals de l&#039;\u00e0mbit sanitari, tecnol\u00f2gic i de gesti\u00f3 han analitzat l&#039;evoluci\u00f3 del circuit del pacient en un entorn cada vegada m\u00e9s digitalitzat. Durant l\u2019esdeveniment, els diferents [&hellip;]\" \/>\n<meta property=\"og:url\" content=\"https:\/\/vithas.es\/ca\/comunicacio\/actualitat\/el-hospital-vithas-barcelona-acoge-una-jornada-de-aces-sobre-la-digitalizacion-en-el-circuito-del-paciente\/\" \/>\n<meta property=\"og:site_name\" content=\"Vithas\" \/>\n<meta property=\"article:publisher\" content=\"https:\/\/es-es.facebook.com\/HospitalesVithas\/\" \/>\n<meta property=\"article:published_time\" content=\"2026-04-20T09:03:30+00:00\" \/>\n<meta property=\"article:modified_time\" content=\"2026-04-21T09:05:16+00:00\" \/>\n<meta property=\"og:image\" content=\"https:\/\/vithas.es\/wp-content\/uploads\/2026\/04\/Hospital-Vithas-Barcelona_Jornada-ACES.jpg\" \/>\n\t<meta property=\"og:image:width\" content=\"3000\" \/>\n\t<meta property=\"og:image:height\" content=\"2073\" \/>\n\t<meta property=\"og:image:type\" content=\"image\/jpeg\" \/>\n<meta name=\"author\" content=\"Isaac Meler\" \/>\n<meta name=\"twitter:card\" content=\"summary_large_image\" \/>\n<meta name=\"twitter:creator\" content=\"@Vithas\" \/>\n<meta name=\"twitter:site\" content=\"@Vithas\" \/>\n<meta name=\"twitter:label1\" content=\"Written by\" \/>\n\t<meta name=\"twitter:data1\" content=\"Isaac Meler\" \/>\n\t<meta name=\"twitter:label2\" content=\"Est. reading time\" \/>\n\t<meta name=\"twitter:data2\" content=\"4 minutes\" \/>\n<script type=\"application\/ld+json\" class=\"yoast-schema-graph\">{\"@context\":\"https:\\\/\\\/schema.org\",\"@graph\":[{\"@type\":\"Article\",\"@id\":\"https:\\\/\\\/vithas.es\\\/ca\\\/comunicacio\\\/actualitat\\\/el-hospital-vithas-barcelona-acoge-una-jornada-de-aces-sobre-la-digitalizacion-en-el-circuito-del-paciente\\\/#article\",\"isPartOf\":{\"@id\":\"https:\\\/\\\/vithas.es\\\/ca\\\/comunicacio\\\/actualitat\\\/el-hospital-vithas-barcelona-acoge-una-jornada-de-aces-sobre-la-digitalizacion-en-el-circuito-del-paciente\\\/\"},\"author\":{\"name\":\"Isaac Meler\",\"@id\":\"https:\\\/\\\/vithas.es\\\/#\\\/schema\\\/person\\\/146b7d4f1c156410734d096aa0de36cb\"},\"headline\":\"L'Hospital Vithas Barcelona acull una jornada d'ACES sobre la digitalitzaci\u00f3 al circuit del pacient\",\"datePublished\":\"2026-04-20T09:03:30+00:00\",\"dateModified\":\"2026-04-21T09:05:16+00:00\",\"mainEntityOfPage\":{\"@id\":\"https:\\\/\\\/vithas.es\\\/ca\\\/comunicacio\\\/actualitat\\\/el-hospital-vithas-barcelona-acoge-una-jornada-de-aces-sobre-la-digitalizacion-en-el-circuito-del-paciente\\\/\"},\"wordCount\":804,\"publisher\":{\"@id\":\"https:\\\/\\\/vithas.es\\\/#organization\"},\"image\":{\"@id\":\"https:\\\/\\\/vithas.es\\\/ca\\\/comunicacio\\\/actualitat\\\/el-hospital-vithas-barcelona-acoge-una-jornada-de-aces-sobre-la-digitalizacion-en-el-circuito-del-paciente\\\/#primaryimage\"},\"thumbnailUrl\":\"https:\\\/\\\/vithas.es\\\/wp-content\\\/uploads\\\/2026\\\/04\\\/Hospital-Vithas-Barcelona_Jornada-ACES.jpg\",\"keywords\":[\"ACES\",\"circuit del pacient\"],\"articleSection\":[\"Vithas\"],\"inLanguage\":\"ca\"},{\"@type\":\"WebPage\",\"@id\":\"https:\\\/\\\/vithas.es\\\/ca\\\/comunicacio\\\/actualitat\\\/el-hospital-vithas-barcelona-acoge-una-jornada-de-aces-sobre-la-digitalizacion-en-el-circuito-del-paciente\\\/\",\"url\":\"https:\\\/\\\/vithas.es\\\/ca\\\/comunicacio\\\/actualitat\\\/el-hospital-vithas-barcelona-acoge-una-jornada-de-aces-sobre-la-digitalizacion-en-el-circuito-del-paciente\\\/\",\"name\":\"L'Hospital Vithas Barcelona acull una jornada d'ACES sobre la digitalitzaci\u00f3 al circuit del pacient - Vithas\",\"isPartOf\":{\"@id\":\"https:\\\/\\\/vithas.es\\\/#website\"},\"primaryImageOfPage\":{\"@id\":\"https:\\\/\\\/vithas.es\\\/ca\\\/comunicacio\\\/actualitat\\\/el-hospital-vithas-barcelona-acoge-una-jornada-de-aces-sobre-la-digitalizacion-en-el-circuito-del-paciente\\\/#primaryimage\"},\"image\":{\"@id\":\"https:\\\/\\\/vithas.es\\\/ca\\\/comunicacio\\\/actualitat\\\/el-hospital-vithas-barcelona-acoge-una-jornada-de-aces-sobre-la-digitalizacion-en-el-circuito-del-paciente\\\/#primaryimage\"},\"thumbnailUrl\":\"https:\\\/\\\/vithas.es\\\/wp-content\\\/uploads\\\/2026\\\/04\\\/Hospital-Vithas-Barcelona_Jornada-ACES.jpg\",\"datePublished\":\"2026-04-20T09:03:30+00:00\",\"dateModified\":\"2026-04-21T09:05:16+00:00\",\"breadcrumb\":{\"@id\":\"https:\\\/\\\/vithas.es\\\/ca\\\/comunicacio\\\/actualitat\\\/el-hospital-vithas-barcelona-acoge-una-jornada-de-aces-sobre-la-digitalizacion-en-el-circuito-del-paciente\\\/#breadcrumb\"},\"inLanguage\":\"ca\",\"potentialAction\":[{\"@type\":\"ReadAction\",\"target\":[\"https:\\\/\\\/vithas.es\\\/ca\\\/comunicacio\\\/actualitat\\\/el-hospital-vithas-barcelona-acoge-una-jornada-de-aces-sobre-la-digitalizacion-en-el-circuito-del-paciente\\\/\"]}]},{\"@type\":\"ImageObject\",\"inLanguage\":\"ca\",\"@id\":\"https:\\\/\\\/vithas.es\\\/ca\\\/comunicacio\\\/actualitat\\\/el-hospital-vithas-barcelona-acoge-una-jornada-de-aces-sobre-la-digitalizacion-en-el-circuito-del-paciente\\\/#primaryimage\",\"url\":\"https:\\\/\\\/vithas.es\\\/wp-content\\\/uploads\\\/2026\\\/04\\\/Hospital-Vithas-Barcelona_Jornada-ACES.jpg\",\"contentUrl\":\"https:\\\/\\\/vithas.es\\\/wp-content\\\/uploads\\\/2026\\\/04\\\/Hospital-Vithas-Barcelona_Jornada-ACES.jpg\",\"width\":3000,\"height\":2073,\"caption\":\"Oplus_16908288\"},{\"@type\":\"BreadcrumbList\",\"@id\":\"https:\\\/\\\/vithas.es\\\/ca\\\/comunicacio\\\/actualitat\\\/el-hospital-vithas-barcelona-acoge-una-jornada-de-aces-sobre-la-digitalizacion-en-el-circuito-del-paciente\\\/#breadcrumb\",\"itemListElement\":[{\"@type\":\"ListItem\",\"position\":1,\"name\":\"Hospitales Vithas\",\"item\":\"https:\\\/\\\/vithas.es\\\/ca\\\/\"},{\"@type\":\"ListItem\",\"position\":2,\"name\":\"L'Hospital Vithas Barcelona acull una jornada d'ACES sobre la digitalitzaci\u00f3 al circuit del pacient\"}]},{\"@type\":\"WebSite\",\"@id\":\"https:\\\/\\\/vithas.es\\\/#website\",\"url\":\"https:\\\/\\\/vithas.es\\\/\",\"name\":\"Vithas\",\"description\":\"Vivir para cuidarte\",\"publisher\":{\"@id\":\"https:\\\/\\\/vithas.es\\\/#organization\"},\"potentialAction\":[{\"@type\":\"SearchAction\",\"target\":{\"@type\":\"EntryPoint\",\"urlTemplate\":\"https:\\\/\\\/vithas.es\\\/?s={search_term_string}\"},\"query-input\":{\"@type\":\"PropertyValueSpecification\",\"valueRequired\":true,\"valueName\":\"search_term_string\"}}],\"inLanguage\":\"ca\"},{\"@type\":\"Organization\",\"@id\":\"https:\\\/\\\/vithas.es\\\/#organization\",\"name\":\"Vithas\",\"url\":\"https:\\\/\\\/vithas.es\\\/\",\"logo\":{\"@type\":\"ImageObject\",\"inLanguage\":\"ca\",\"@id\":\"https:\\\/\\\/vithas.es\\\/#\\\/schema\\\/logo\\\/image\\\/\",\"url\":\"https:\\\/\\\/vithas.es\\\/wp-content\\\/uploads\\\/2021\\\/07\\\/vithas-beat-horizontal.svg\",\"contentUrl\":\"https:\\\/\\\/vithas.es\\\/wp-content\\\/uploads\\\/2021\\\/07\\\/vithas-beat-horizontal.svg\",\"width\":406,\"height\":84,\"caption\":\"Vithas\"},\"image\":{\"@id\":\"https:\\\/\\\/vithas.es\\\/#\\\/schema\\\/logo\\\/image\\\/\"},\"sameAs\":[\"https:\\\/\\\/es-es.facebook.com\\\/HospitalesVithas\\\/\",\"https:\\\/\\\/x.com\\\/Vithas\",\"https:\\\/\\\/www.instagram.com\\\/vithas_hospitales\\\/\",\"https:\\\/\\\/www.linkedin.com\\\/company\\\/vithas-hospital\\\/\",\"https:\\\/\\\/www.youtube.com\\\/channel\\\/UC4Dc3WWg5HzldDibyzFpw2Q\"]},{\"@type\":\"Person\",\"@id\":\"https:\\\/\\\/vithas.es\\\/#\\\/schema\\\/person\\\/146b7d4f1c156410734d096aa0de36cb\",\"name\":\"Isaac Meler\",\"image\":{\"@type\":\"ImageObject\",\"inLanguage\":\"ca\",\"@id\":\"https:\\\/\\\/secure.gravatar.com\\\/avatar\\\/ca103504421aa582e17bec7cd65033dbe8236a08ac8c9a998af3bdc6ecbd90cb?s=96&d=mm&r=g\",\"url\":\"https:\\\/\\\/secure.gravatar.com\\\/avatar\\\/ca103504421aa582e17bec7cd65033dbe8236a08ac8c9a998af3bdc6ecbd90cb?s=96&d=mm&r=g\",\"contentUrl\":\"https:\\\/\\\/secure.gravatar.com\\\/avatar\\\/ca103504421aa582e17bec7cd65033dbe8236a08ac8c9a998af3bdc6ecbd90cb?s=96&d=mm&r=g\",\"caption\":\"Isaac Meler\"},\"url\":\"https:\\\/\\\/vithas.es\\\/ca\\\/author\\\/imelerllyc-global\\\/\"}]}<\/script>\n<!-- \/ Yoast SEO Premium plugin. -->","yoast_head_json":{"title":"L'Hospital Vithas Barcelona acull una jornada d'ACES sobre la digitalitzaci\u00f3 al circuit del pacient - Vithas","robots":{"index":"index","follow":"follow","max-snippet":"max-snippet:-1","max-image-preview":"max-image-preview:large","max-video-preview":"max-video-preview:-1"},"canonical":"https:\/\/vithas.es\/ca\/comunicacio\/actualitat\/el-hospital-vithas-barcelona-acoge-una-jornada-de-aces-sobre-la-digitalizacion-en-el-circuito-del-paciente\/","og_locale":"ca_ES","og_type":"article","og_title":"L'Hospital Vithas Barcelona acull una jornada d'ACES sobre la digitalitzaci\u00f3 al circuit del pacient - Vithas","og_description":"L\u2019Hospital Vithas Barcelona ha acollit la jornada \u201cEl circuit del pacient: del contacte telef\u00f2nic a la gesti\u00f3 digital\", organitzada per l'Associaci\u00f3 Catalana d\u2019Entitats de Salut (ACES), en la qual professionals de l'\u00e0mbit sanitari, tecnol\u00f2gic i de gesti\u00f3 han analitzat l'evoluci\u00f3 del circuit del pacient en un entorn cada vegada m\u00e9s digitalitzat. Durant l\u2019esdeveniment, els diferents [&hellip;]","og_url":"https:\/\/vithas.es\/ca\/comunicacio\/actualitat\/el-hospital-vithas-barcelona-acoge-una-jornada-de-aces-sobre-la-digitalizacion-en-el-circuito-del-paciente\/","og_site_name":"Vithas","article_publisher":"https:\/\/es-es.facebook.com\/HospitalesVithas\/","article_published_time":"2026-04-20T09:03:30+00:00","article_modified_time":"2026-04-21T09:05:16+00:00","og_image":[{"width":3000,"height":2073,"url":"https:\/\/vithas.es\/wp-content\/uploads\/2026\/04\/Hospital-Vithas-Barcelona_Jornada-ACES.jpg","type":"image\/jpeg"}],"author":"Isaac Meler","twitter_card":"summary_large_image","twitter_creator":"@Vithas","twitter_site":"@Vithas","twitter_misc":{"Written by":"Isaac Meler","Est. reading time":"4 minutes"},"schema":{"@context":"https:\/\/schema.org","@graph":[{"@type":"Article","@id":"https:\/\/vithas.es\/ca\/comunicacio\/actualitat\/el-hospital-vithas-barcelona-acoge-una-jornada-de-aces-sobre-la-digitalizacion-en-el-circuito-del-paciente\/#article","isPartOf":{"@id":"https:\/\/vithas.es\/ca\/comunicacio\/actualitat\/el-hospital-vithas-barcelona-acoge-una-jornada-de-aces-sobre-la-digitalizacion-en-el-circuito-del-paciente\/"},"author":{"name":"Isaac Meler","@id":"https:\/\/vithas.es\/#\/schema\/person\/146b7d4f1c156410734d096aa0de36cb"},"headline":"L'Hospital Vithas Barcelona acull una jornada d'ACES sobre la digitalitzaci\u00f3 al circuit del pacient","datePublished":"2026-04-20T09:03:30+00:00","dateModified":"2026-04-21T09:05:16+00:00","mainEntityOfPage":{"@id":"https:\/\/vithas.es\/ca\/comunicacio\/actualitat\/el-hospital-vithas-barcelona-acoge-una-jornada-de-aces-sobre-la-digitalizacion-en-el-circuito-del-paciente\/"},"wordCount":804,"publisher":{"@id":"https:\/\/vithas.es\/#organization"},"image":{"@id":"https:\/\/vithas.es\/ca\/comunicacio\/actualitat\/el-hospital-vithas-barcelona-acoge-una-jornada-de-aces-sobre-la-digitalizacion-en-el-circuito-del-paciente\/#primaryimage"},"thumbnailUrl":"https:\/\/vithas.es\/wp-content\/uploads\/2026\/04\/Hospital-Vithas-Barcelona_Jornada-ACES.jpg","keywords":["ACES","circuit del pacient"],"articleSection":["Vithas"],"inLanguage":"ca"},{"@type":"WebPage","@id":"https:\/\/vithas.es\/ca\/comunicacio\/actualitat\/el-hospital-vithas-barcelona-acoge-una-jornada-de-aces-sobre-la-digitalizacion-en-el-circuito-del-paciente\/","url":"https:\/\/vithas.es\/ca\/comunicacio\/actualitat\/el-hospital-vithas-barcelona-acoge-una-jornada-de-aces-sobre-la-digitalizacion-en-el-circuito-del-paciente\/","name":"L'Hospital Vithas Barcelona acull una jornada d'ACES sobre la digitalitzaci\u00f3 al circuit del pacient - Vithas","isPartOf":{"@id":"https:\/\/vithas.es\/#website"},"primaryImageOfPage":{"@id":"https:\/\/vithas.es\/ca\/comunicacio\/actualitat\/el-hospital-vithas-barcelona-acoge-una-jornada-de-aces-sobre-la-digitalizacion-en-el-circuito-del-paciente\/#primaryimage"},"image":{"@id":"https:\/\/vithas.es\/ca\/comunicacio\/actualitat\/el-hospital-vithas-barcelona-acoge-una-jornada-de-aces-sobre-la-digitalizacion-en-el-circuito-del-paciente\/#primaryimage"},"thumbnailUrl":"https:\/\/vithas.es\/wp-content\/uploads\/2026\/04\/Hospital-Vithas-Barcelona_Jornada-ACES.jpg","datePublished":"2026-04-20T09:03:30+00:00","dateModified":"2026-04-21T09:05:16+00:00","breadcrumb":{"@id":"https:\/\/vithas.es\/ca\/comunicacio\/actualitat\/el-hospital-vithas-barcelona-acoge-una-jornada-de-aces-sobre-la-digitalizacion-en-el-circuito-del-paciente\/#breadcrumb"},"inLanguage":"ca","potentialAction":[{"@type":"ReadAction","target":["https:\/\/vithas.es\/ca\/comunicacio\/actualitat\/el-hospital-vithas-barcelona-acoge-una-jornada-de-aces-sobre-la-digitalizacion-en-el-circuito-del-paciente\/"]}]},{"@type":"ImageObject","inLanguage":"ca","@id":"https:\/\/vithas.es\/ca\/comunicacio\/actualitat\/el-hospital-vithas-barcelona-acoge-una-jornada-de-aces-sobre-la-digitalizacion-en-el-circuito-del-paciente\/#primaryimage","url":"https:\/\/vithas.es\/wp-content\/uploads\/2026\/04\/Hospital-Vithas-Barcelona_Jornada-ACES.jpg","contentUrl":"https:\/\/vithas.es\/wp-content\/uploads\/2026\/04\/Hospital-Vithas-Barcelona_Jornada-ACES.jpg","width":3000,"height":2073,"caption":"Oplus_16908288"},{"@type":"BreadcrumbList","@id":"https:\/\/vithas.es\/ca\/comunicacio\/actualitat\/el-hospital-vithas-barcelona-acoge-una-jornada-de-aces-sobre-la-digitalizacion-en-el-circuito-del-paciente\/#breadcrumb","itemListElement":[{"@type":"ListItem","position":1,"name":"Hospitales Vithas","item":"https:\/\/vithas.es\/ca\/"},{"@type":"ListItem","position":2,"name":"L'Hospital Vithas Barcelona acull una jornada d'ACES sobre la digitalitzaci\u00f3 al circuit del pacient"}]},{"@type":"WebSite","@id":"https:\/\/vithas.es\/#website","url":"https:\/\/vithas.es\/","name":"Vithas","description":"Vivir para cuidarte","publisher":{"@id":"https:\/\/vithas.es\/#organization"},"potentialAction":[{"@type":"SearchAction","target":{"@type":"EntryPoint","urlTemplate":"https:\/\/vithas.es\/?s={search_term_string}"},"query-input":{"@type":"PropertyValueSpecification","valueRequired":true,"valueName":"search_term_string"}}],"inLanguage":"ca"},{"@type":"Organization","@id":"https:\/\/vithas.es\/#organization","name":"Vithas","url":"https:\/\/vithas.es\/","logo":{"@type":"ImageObject","inLanguage":"ca","@id":"https:\/\/vithas.es\/#\/schema\/logo\/image\/","url":"https:\/\/vithas.es\/wp-content\/uploads\/2021\/07\/vithas-beat-horizontal.svg","contentUrl":"https:\/\/vithas.es\/wp-content\/uploads\/2021\/07\/vithas-beat-horizontal.svg","width":406,"height":84,"caption":"Vithas"},"image":{"@id":"https:\/\/vithas.es\/#\/schema\/logo\/image\/"},"sameAs":["https:\/\/es-es.facebook.com\/HospitalesVithas\/","https:\/\/x.com\/Vithas","https:\/\/www.instagram.com\/vithas_hospitales\/","https:\/\/www.linkedin.com\/company\/vithas-hospital\/","https:\/\/www.youtube.com\/channel\/UC4Dc3WWg5HzldDibyzFpw2Q"]},{"@type":"Person","@id":"https:\/\/vithas.es\/#\/schema\/person\/146b7d4f1c156410734d096aa0de36cb","name":"Isaac Meler","image":{"@type":"ImageObject","inLanguage":"ca","@id":"https:\/\/secure.gravatar.com\/avatar\/ca103504421aa582e17bec7cd65033dbe8236a08ac8c9a998af3bdc6ecbd90cb?s=96&d=mm&r=g","url":"https:\/\/secure.gravatar.com\/avatar\/ca103504421aa582e17bec7cd65033dbe8236a08ac8c9a998af3bdc6ecbd90cb?s=96&d=mm&r=g","contentUrl":"https:\/\/secure.gravatar.com\/avatar\/ca103504421aa582e17bec7cd65033dbe8236a08ac8c9a998af3bdc6ecbd90cb?s=96&d=mm&r=g","caption":"Isaac Meler"},"url":"https:\/\/vithas.es\/ca\/author\/imelerllyc-global\/"}]}},"meta_box":{"vth_type_news":{"term_id":2553,"name":"Actualitat","slug":"actualitat","term_group":0,"term_taxonomy_id":2553,"taxonomy":"post_type_category","description":"","parent":0,"count":23,"filter":"raw"},"vth_opening_paragraph":"<ul>\r\n<li>La jornada \u201cEl circuit del pacient: del contacte telef\u00f2nic a la gesti\u00f3 digital\u201d ha tractat sobre com com la tecnologia est\u00e0 transformant la relaci\u00f3 amb el pacient al llarg de tot el proc\u00e9s assistencial.<\/li>\r\n<li>Especialistes de l\u2019\u00e0mbit sanitari i tecnol\u00f2gic han analitzat el paper de la intel\u00b7lig\u00e8ncia artificial, l\u2019atenci\u00f3 omnicanal i la gesti\u00f3 digital en salut per millorar l\u2019atenci\u00f3 al pacient.<\/li>\r\n<\/ul>","vth_image_description":"","vth_boiler_plate":"<p><b><i>Sobre Vithas.<\/i><\/b><span style=\"font-weight: 400\">El<\/span> <a href=\"http:\/\/www.vithas.es\"><span style=\"font-weight: 400\">grup Vithas<\/span><\/a><span style=\"font-weight: 400\"> est\u00e0 integrat per 22 hospitals i 40 centres m\u00e8dics i assistencials distribu\u00efts per 14 prov\u00edncies. Els 14.500 professionals que conformen Vithas l\u2019han convertit en un dels l\u00edders de la sanitat espanyola. A m\u00e9s, el grup integra la <\/span><a href=\"https:\/\/fundacion.vithas.es\/\"><span style=\"font-weight: 400\">Fundaci\u00f3n Vithas<\/span><\/a><span style=\"font-weight: 400\">, <\/span><a href=\"https:\/\/www.vithaslab.es\/\"><span style=\"font-weight: 400\">Vithas Red Diagn\u00f3stica<\/span><\/a><span style=\"font-weight: 400\"> i la central de compres<\/span><a href=\"https:\/\/www.plazasalud.es\/\"><span style=\"font-weight: 400\"> PlazaSalud+<\/span><\/a><span style=\"font-weight: 400\">.<\/span> <span style=\"font-weight: 400\">Vithas, recolzada pel grup <\/span><a href=\"https:\/\/www.goodgrower.com\/\"><span style=\"font-weight: 400\">Goodgrower<\/span><\/a><span style=\"font-weight: 400\">, fonamenta la seva estrat\u00e8gia corporativa en la qualitat assistencial acreditada, l\u2019experi\u00e8ncia pacient, la investigaci\u00f3 i la innovaci\u00f3, i el comprom\u00eds social i mediambiental.<\/span><\/p>","vth_author":"","vth_type":"","vth_video":"","vth_kentico_id":"","vth_is_all_center_selected":"0","vth_is_corporate":"0","type":false,"image":false,"video":false,"imageVideo":false,"title":false,"cta":[],"cards":[],"card":[],"tabElement":[],"feature":[],"description":false,"imageBanner":false,"benefits":[],"asesor":[],"column_left":[],"column_right":[],"textMap":false,"banner":[],"boxes":[],"videoURL":false,"textInfo":false,"id":false,"background":false,"values":[],"placeholderIndex1":false,"placeholderIndex2":false,"placeholderIndex3":false,"textButton":false,"textNoResults":false,"textSearchError":false,"script":false,"linkAll":false,"placeHolderCenter":false,"title_menu":false,"placeholderCenter":false,"placeholderSpecialty":false,"placeholderDate":false,"titleLeft":false,"phone":false,"mail":false,"titleRight":false,"placeholder":false,"datePicker":false,"postType":false,"background_cards":false,"background_cards_description":false,"accordion":[],"videoType":false,"isAutoPlay":false,"transitionImage":false,"speedImage":false,"hasText":false,"hasCardBorder":false,"cardBorderWidth":false,"cardColorBorder":false,"text":false,"colorTextBackground":false,"verticalPlacementWeb":false,"horizontalPlacementWeb":false,"paddingTopText":false,"paddingBottomText":false,"paddingLeftText":false,"paddingRightText":false,"cardWidthWeb":false,"hasAppButton":false,"hasButton":false,"link":false,"newTarget":false,"colorButtonDefault":false,"colorButtonDefaultBackground":false,"colorButtonDefaultBorder":false,"colorButtonHover":false,"colorButtonHoverBackground":false,"colorButtonHoverBorder":false,"buttonBorderWidth":false,"buttonBorderMarginTop":false,"buttonBorderMarginBottom":false,"buttonBorderMarginLeft":false,"buttonBorderMarginRight":false,"showTextInMobile":false,"cardWidthMobile":false,"verticalPlacementMobile":false,"horizontalPlacementMobile":false,"showButtonInMobile":false,"images":[],"name":false,"surname":false,"email":false,"areas":[],"button":false,"description_conditions":false,"title_policy":false,"description_policy":false,"company":false,"location":false,"interest":[],"background_block":false,"columns":false,"type_block":false,"level_title":false,"check_type":false,"subtitle":false,"class_style":false,"background_card":false,"is_form":false,"background_form":false,"form_title":false,"short_code":false,"color_background":false,"color_title":false,"color_text":false,"cards_size":false,"wrapper":false,"my_address":false,"map":false,"links":[],"vth_is_location_selector":false,"vth_location":false,"float_buttons":[],"image_warranty":[],"centers":[],"sliders":[],"post_type":false,"filters":[],"button_title":false,"vth_treatments_process":[],"reverse":false,"category":false,"post_to_center_to":[],"post_to_specialty_to":[],"post_to_medicalunit_to":[],"post_to_specialist_to":[]},"_links":{"self":[{"href":"https:\/\/vithas.es\/ca\/wp-json\/wp\/v2\/posts\/341519","targetHints":{"allow":["GET"]}}],"collection":[{"href":"https:\/\/vithas.es\/ca\/wp-json\/wp\/v2\/posts"}],"about":[{"href":"https:\/\/vithas.es\/ca\/wp-json\/wp\/v2\/types\/post"}],"author":[{"embeddable":true,"href":"https:\/\/vithas.es\/ca\/wp-json\/wp\/v2\/users\/92"}],"replies":[{"embeddable":true,"href":"https:\/\/vithas.es\/ca\/wp-json\/wp\/v2\/comments?post=341519"}],"version-history":[{"count":1,"href":"https:\/\/vithas.es\/ca\/wp-json\/wp\/v2\/posts\/341519\/revisions"}],"predecessor-version":[{"id":341520,"href":"https:\/\/vithas.es\/ca\/wp-json\/wp\/v2\/posts\/341519\/revisions\/341520"}],"wp:featuredmedia":[{"embeddable":true,"href":"https:\/\/vithas.es\/ca\/wp-json\/wp\/v2\/media\/341514"}],"wp:attachment":[{"href":"https:\/\/vithas.es\/ca\/wp-json\/wp\/v2\/media?parent=341519"}],"wp:term":[{"taxonomy":"category","embeddable":true,"href":"https:\/\/vithas.es\/ca\/wp-json\/wp\/v2\/categories?post=341519"},{"taxonomy":"post_tag","embeddable":true,"href":"https:\/\/vithas.es\/ca\/wp-json\/wp\/v2\/tags?post=341519"},{"taxonomy":"post_type_category","embeddable":true,"href":"https:\/\/vithas.es\/ca\/wp-json\/wp\/v2\/post_type_category?post=341519"}],"curies":[{"name":"wp","href":"https:\/\/api.w.org\/{rel}","templated":true}]}}