{"id":342710,"date":"2026-04-28T10:00:00","date_gmt":"2026-04-28T08:00:00","guid":{"rendered":"https:\/\/vithas.es\/?p=342710"},"modified":"2026-04-30T17:16:00","modified_gmt":"2026-04-30T15:16:00","slug":"especialistas-del-hospital-vithas-barcelona-explican-cuando-acudir-a-urgencias-en-caso-de-alergia-primaveral","status":"publish","type":"post","link":"https:\/\/vithas.es\/ca\/comunicacio\/actualitat\/especialistas-del-hospital-vithas-barcelona-explican-cuando-acudir-a-urgencias-en-caso-de-alergia-primaveral\/","title":{"rendered":"Especialistes de l'Hospital Vithas Barcelona expliquen quan cal anar a Urg\u00e8ncies en cas d'al\u00b7l\u00e8rgia primaveral"},"content":{"rendered":"\n<p><span style=\"font-weight: 400;\">Coincidint amb la temporada de primavera, especialistes de l'<\/span><a href=\"https:\/\/vithas.es\/ca\/centro\/hospital-vithas-barcelona\/\"><span style=\"font-weight: 400;\">Hospital Vithas Barcelona<\/span><\/a><span style=\"font-weight: 400;\"> subratllen la import\u00e0ncia de con\u00e8ixer els s\u00edmptomes de les al\u00b7l\u00e8rgies m\u00e9s habituals durant aquesta \u00e8poca de l'any. En aquest sentit, destaquen la import\u00e0ncia d'identificar correctament la necessitat d'atenci\u00f3 m\u00e8dica immediata en pacients de totes les edats i <\/span><b>saber quan cal anar a Urg\u00e8ncies<\/b><span style=\"font-weight: 400;\">, un servei que a Vithas Barcelona ofereix atenci\u00f3 24 hores amb circuits diferenciats per a pacients adults i pedi\u00e0trics.<\/span><\/p>\n\n<p><span style=\"font-weight: 400;\">Despr\u00e9s d'un hivern pluj\u00f3s que ha propiciat concentracions elevades de pol\u00b7len durant aquesta primavera, la <\/span><a href=\"https:\/\/vithas.es\/ca\/medico\/suarez-suchowitzki-elizabeth\/\"><b>Dra. Elizabeth Su\u00e1rez<\/b><\/a><b>, cap de servei d'Urg\u00e8ncies de l'Hospital Vithas Barcelona<\/b><span style=\"font-weight: 400;\">, \u200b\u200bexplica que \u201cles al\u00b7l\u00e8rgies primaverals solen presentar quadres lleus, per\u00f2 en determinats casos poden evolucionar cap a complicacions respirat\u00f2ries que es veuen agreujades quan no estan diagnosticades ni reben el tractament adequat\u201d.<\/span><\/p>\n\n<p><span style=\"font-weight: 400;\">En el cas d'al\u00b7l\u00e8rgies com la rinitis al\u00b7l\u00e8rgica estacional, aquesta sol manifestar-se amb picor al nas, ulls o gola, esternuts repetitius i secreci\u00f3 nasal clara i aquosa. A m\u00e9s, pot anar acompanyada de mol\u00e8sties als ulls, com llagrimeig, envermelliment o picor. Tot i aix\u00f2, <\/span><b>s\u00edmptomes com la dificultat per respirar, l'opressi\u00f3 al pit o l'empitjorament r\u00e0pid de l'estat general poden requerir una valoraci\u00f3 m\u00e8dica immediata<\/b><span style=\"font-weight: 400;\">, especialment en nens, pacients amb asma o persones vulnerables per presentar patologies pr\u00e8vies.<\/span><\/p>\n\n<p>\"A Urg\u00e8ncies, el nostre objectiu \u00e9s diferenciar r\u00e0pidament entre una reacci\u00f3 comuna i una possible complicaci\u00f3, a m\u00e9s de descartar que es tracti d'altres afeccions respirat\u00f2ries com el refredat, caracteritzat per la pres\u00e8ncia de febre, mal de coll o malestar general\", afegeix Su\u00e1rez.&#13;\n<\/p>\n\n<p><b>Impacte en poblaci\u00f3 infantil<\/b><\/p>\n\n<p><span style=\"font-weight: 400;\">De fet, identificar correctament les al\u00b7l\u00e8rgies primaverals \u00e9s especialment important en el cas de la poblaci\u00f3 infantil, on els quadres respiratoris poden generar m\u00e9s preocupaci\u00f3 a les fam\u00edlies. \"Les al\u00b7l\u00e8rgies respirat\u00f2ries poden manifestar-se amb s\u00edmptomes que, de vegades, es confonen amb processos infecciosos, cosa que genera dubtes a les fam\u00edlies i augmenta les consultes m\u00e8diques\", assenyala la <\/span><a href=\"https:\/\/vithas.es\/ca\/medico\/castells-vilella-laura\/\"><b>Dra. Laura Castells<\/b><\/a><b>, cap de servei de Pediatria de l'Hospital Vithas Barcelona<\/b><span style=\"font-weight: 400;\">.<\/span><\/p>\n\n<p>\"\u00c9s important prestar atenci\u00f3 a l'evoluci\u00f3 dels s\u00edmptomes i, especialment, a signes com la dificultat respirat\u00f2ria, la fatiga o la limitaci\u00f3 de l'activitat habitual del nen. Una valoraci\u00f3 preco\u00e7 permet actuar a temps i orientar adequadament les fam\u00edlies en la prevenci\u00f3 i el tractament, evitant complicacions\", exposa Castells.<\/p>\n\n<p><strong>Atenci\u00f3 \u00e0gil i especialitzada les 24 hores<\/strong><\/p>\n\n<p>L'Hospital Vithas Barcelona t\u00e9 un servei d'Urg\u00e8ncies 24 hores preparat per atendre tant pacients adults com pedi\u00e0trics, amb circuits diferenciats que permeten una atenci\u00f3 \u00e0gil i adaptada a cada cas. Ofereix atenci\u00f3 presencial per pediatres i altres especialistes en tot moment i cada dia de l'any.<\/p>\n\n<p>El model assistencial del centre i el sistema de triatge avan\u00e7at afavoreixen els temps d'espera redu\u00efts. Concretament, des que el pacient entra al servei d'Urg\u00e8ncies i rep una valoraci\u00f3 m\u00e8dica, transcorren uns 20 minuts de mitjana.<\/p>\n\n<p>A m\u00e9s, la coordinaci\u00f3 directa amb totes les especialitats de l'hospital i la possibilitat de fer proves al mateix centre, amb radiologia i laboratori d'an\u00e0lisis cl\u00edniques pr\u00f2pies, contribueix a la rapidesa en el diagn\u00f2stic i la resoluci\u00f3 de les consultes.<\/p>\n","protected":false},"excerpt":{"rendered":"<p>Coincidint amb la temporada de primavera, especialistes de l'Hospital Vithas Barcelona subratllen la import\u00e0ncia de con\u00e8ixer els s\u00edmptomes de les al\u00b7l\u00e8rgies m\u00e9s habituals durant aquesta \u00e8poca de l'any. En aquest sentit, destaquen la import\u00e0ncia d'identificar correctament la necessitat d'atenci\u00f3 m\u00e8dica immediata en pacients de totes les edats i saber quan cal anar a Urg\u00e8ncies, un [&hellip;]<\/p>\n","protected":false},"author":92,"featured_media":342706,"comment_status":"closed","ping_status":"closed","sticky":false,"template":"","format":"standard","meta":{"footnotes":""},"categories":[2573],"tags":[2586,2585],"post_type_category":[2553],"class_list":["post-342710","post","type-post","status-publish","format-standard","has-post-thumbnail","hentry"],"yoast_head":"<!-- This site is optimized with the Yoast SEO Premium plugin v27.3 (Yoast SEO v27.3) - https:\/\/yoast.com\/product\/yoast-seo-premium-wordpress\/ -->\n<title>Especialistes de l&#039;Hospital Vithas Barcelona expliquen quan cal anar a Urg\u00e8ncies en cas d&#039;al\u00b7l\u00e8rgia primaveral - Vithas<\/title>\n<meta name=\"robots\" content=\"index, follow, max-snippet:-1, max-image-preview:large, max-video-preview:-1\" \/>\n<link rel=\"canonical\" href=\"https:\/\/vithas.es\/ca\/comunicacio\/actualitat\/especialistas-del-hospital-vithas-barcelona-explican-cuando-acudir-a-urgencias-en-caso-de-alergia-primaveral\/\" \/>\n<meta property=\"og:locale\" content=\"ca_ES\" \/>\n<meta property=\"og:type\" content=\"article\" \/>\n<meta property=\"og:title\" content=\"Especialistes de l&#039;Hospital Vithas Barcelona expliquen quan cal anar a Urg\u00e8ncies en cas d&#039;al\u00b7l\u00e8rgia primaveral - Vithas\" \/>\n<meta property=\"og:description\" content=\"Coincidint amb la temporada de primavera, especialistes de l&#039;Hospital Vithas Barcelona subratllen la import\u00e0ncia de con\u00e8ixer els s\u00edmptomes de les al\u00b7l\u00e8rgies m\u00e9s habituals durant aquesta \u00e8poca de l&#039;any. En aquest sentit, destaquen la import\u00e0ncia d&#039;identificar correctament la necessitat d&#039;atenci\u00f3 m\u00e8dica immediata en pacients de totes les edats i saber quan cal anar a Urg\u00e8ncies, un [&hellip;]\" \/>\n<meta property=\"og:url\" content=\"https:\/\/vithas.es\/ca\/comunicacio\/actualitat\/especialistas-del-hospital-vithas-barcelona-explican-cuando-acudir-a-urgencias-en-caso-de-alergia-primaveral\/\" \/>\n<meta property=\"og:site_name\" content=\"Vithas\" \/>\n<meta property=\"article:publisher\" content=\"https:\/\/es-es.facebook.com\/HospitalesVithas\/\" \/>\n<meta property=\"article:published_time\" content=\"2026-04-28T08:00:00+00:00\" \/>\n<meta property=\"article:modified_time\" content=\"2026-04-30T15:16:00+00:00\" \/>\n<meta property=\"og:image\" content=\"https:\/\/vithas.es\/wp-content\/uploads\/2026\/04\/Foto_Urgencias-Hospital-Vithas-Barcelona.jpg\" \/>\n\t<meta property=\"og:image:width\" content=\"3801\" \/>\n\t<meta property=\"og:image:height\" content=\"2701\" \/>\n\t<meta property=\"og:image:type\" content=\"image\/jpeg\" \/>\n<meta name=\"author\" content=\"Isaac Meler\" \/>\n<meta name=\"twitter:card\" content=\"summary_large_image\" \/>\n<meta name=\"twitter:creator\" content=\"@Vithas\" \/>\n<meta name=\"twitter:site\" content=\"@Vithas\" \/>\n<meta name=\"twitter:label1\" content=\"Written by\" \/>\n\t<meta name=\"twitter:data1\" content=\"Isaac Meler\" \/>\n\t<meta name=\"twitter:label2\" content=\"Est. reading time\" \/>\n\t<meta name=\"twitter:data2\" content=\"3 minutes\" \/>\n<script type=\"application\/ld+json\" class=\"yoast-schema-graph\">{\"@context\":\"https:\\\/\\\/schema.org\",\"@graph\":[{\"@type\":\"Article\",\"@id\":\"https:\\\/\\\/vithas.es\\\/ca\\\/comunicacio\\\/actualitat\\\/especialistas-del-hospital-vithas-barcelona-explican-cuando-acudir-a-urgencias-en-caso-de-alergia-primaveral\\\/#article\",\"isPartOf\":{\"@id\":\"https:\\\/\\\/vithas.es\\\/ca\\\/comunicacio\\\/actualitat\\\/especialistas-del-hospital-vithas-barcelona-explican-cuando-acudir-a-urgencias-en-caso-de-alergia-primaveral\\\/\"},\"author\":{\"name\":\"Isaac Meler\",\"@id\":\"https:\\\/\\\/vithas.es\\\/#\\\/schema\\\/person\\\/146b7d4f1c156410734d096aa0de36cb\"},\"headline\":\"Especialistes de l'Hospital Vithas Barcelona expliquen quan cal anar a Urg\u00e8ncies en cas d'al\u00b7l\u00e8rgia primaveral\",\"datePublished\":\"2026-04-28T08:00:00+00:00\",\"dateModified\":\"2026-04-30T15:16:00+00:00\",\"mainEntityOfPage\":{\"@id\":\"https:\\\/\\\/vithas.es\\\/ca\\\/comunicacio\\\/actualitat\\\/especialistas-del-hospital-vithas-barcelona-explican-cuando-acudir-a-urgencias-en-caso-de-alergia-primaveral\\\/\"},\"wordCount\":598,\"publisher\":{\"@id\":\"https:\\\/\\\/vithas.es\\\/#organization\"},\"image\":{\"@id\":\"https:\\\/\\\/vithas.es\\\/ca\\\/comunicacio\\\/actualitat\\\/especialistas-del-hospital-vithas-barcelona-explican-cuando-acudir-a-urgencias-en-caso-de-alergia-primaveral\\\/#primaryimage\"},\"thumbnailUrl\":\"https:\\\/\\\/vithas.es\\\/wp-content\\\/uploads\\\/2026\\\/04\\\/Foto_Urgencias-Hospital-Vithas-Barcelona.jpg\",\"keywords\":[\"al\u00b7l\u00e8rgia primaveral\",\"Urg\u00e8ncies\"],\"articleSection\":[\"Vithas\"],\"inLanguage\":\"ca\"},{\"@type\":\"WebPage\",\"@id\":\"https:\\\/\\\/vithas.es\\\/ca\\\/comunicacio\\\/actualitat\\\/especialistas-del-hospital-vithas-barcelona-explican-cuando-acudir-a-urgencias-en-caso-de-alergia-primaveral\\\/\",\"url\":\"https:\\\/\\\/vithas.es\\\/ca\\\/comunicacio\\\/actualitat\\\/especialistas-del-hospital-vithas-barcelona-explican-cuando-acudir-a-urgencias-en-caso-de-alergia-primaveral\\\/\",\"name\":\"Especialistes de l'Hospital Vithas Barcelona expliquen quan cal anar a Urg\u00e8ncies en cas d'al\u00b7l\u00e8rgia primaveral - Vithas\",\"isPartOf\":{\"@id\":\"https:\\\/\\\/vithas.es\\\/#website\"},\"primaryImageOfPage\":{\"@id\":\"https:\\\/\\\/vithas.es\\\/ca\\\/comunicacio\\\/actualitat\\\/especialistas-del-hospital-vithas-barcelona-explican-cuando-acudir-a-urgencias-en-caso-de-alergia-primaveral\\\/#primaryimage\"},\"image\":{\"@id\":\"https:\\\/\\\/vithas.es\\\/ca\\\/comunicacio\\\/actualitat\\\/especialistas-del-hospital-vithas-barcelona-explican-cuando-acudir-a-urgencias-en-caso-de-alergia-primaveral\\\/#primaryimage\"},\"thumbnailUrl\":\"https:\\\/\\\/vithas.es\\\/wp-content\\\/uploads\\\/2026\\\/04\\\/Foto_Urgencias-Hospital-Vithas-Barcelona.jpg\",\"datePublished\":\"2026-04-28T08:00:00+00:00\",\"dateModified\":\"2026-04-30T15:16:00+00:00\",\"breadcrumb\":{\"@id\":\"https:\\\/\\\/vithas.es\\\/ca\\\/comunicacio\\\/actualitat\\\/especialistas-del-hospital-vithas-barcelona-explican-cuando-acudir-a-urgencias-en-caso-de-alergia-primaveral\\\/#breadcrumb\"},\"inLanguage\":\"ca\",\"potentialAction\":[{\"@type\":\"ReadAction\",\"target\":[\"https:\\\/\\\/vithas.es\\\/ca\\\/comunicacio\\\/actualitat\\\/especialistas-del-hospital-vithas-barcelona-explican-cuando-acudir-a-urgencias-en-caso-de-alergia-primaveral\\\/\"]}]},{\"@type\":\"ImageObject\",\"inLanguage\":\"ca\",\"@id\":\"https:\\\/\\\/vithas.es\\\/ca\\\/comunicacio\\\/actualitat\\\/especialistas-del-hospital-vithas-barcelona-explican-cuando-acudir-a-urgencias-en-caso-de-alergia-primaveral\\\/#primaryimage\",\"url\":\"https:\\\/\\\/vithas.es\\\/wp-content\\\/uploads\\\/2026\\\/04\\\/Foto_Urgencias-Hospital-Vithas-Barcelona.jpg\",\"contentUrl\":\"https:\\\/\\\/vithas.es\\\/wp-content\\\/uploads\\\/2026\\\/04\\\/Foto_Urgencias-Hospital-Vithas-Barcelona.jpg\",\"width\":3801,\"height\":2701,\"caption\":\"???????????????\"},{\"@type\":\"BreadcrumbList\",\"@id\":\"https:\\\/\\\/vithas.es\\\/ca\\\/comunicacio\\\/actualitat\\\/especialistas-del-hospital-vithas-barcelona-explican-cuando-acudir-a-urgencias-en-caso-de-alergia-primaveral\\\/#breadcrumb\",\"itemListElement\":[{\"@type\":\"ListItem\",\"position\":1,\"name\":\"Hospitales Vithas\",\"item\":\"https:\\\/\\\/vithas.es\\\/ca\\\/\"},{\"@type\":\"ListItem\",\"position\":2,\"name\":\"Especialistes de l'Hospital Vithas Barcelona expliquen quan cal anar a Urg\u00e8ncies en cas d'al\u00b7l\u00e8rgia primaveral\"}]},{\"@type\":\"WebSite\",\"@id\":\"https:\\\/\\\/vithas.es\\\/#website\",\"url\":\"https:\\\/\\\/vithas.es\\\/\",\"name\":\"Vithas\",\"description\":\"Vivir para cuidarte\",\"publisher\":{\"@id\":\"https:\\\/\\\/vithas.es\\\/#organization\"},\"potentialAction\":[{\"@type\":\"SearchAction\",\"target\":{\"@type\":\"EntryPoint\",\"urlTemplate\":\"https:\\\/\\\/vithas.es\\\/?s={search_term_string}\"},\"query-input\":{\"@type\":\"PropertyValueSpecification\",\"valueRequired\":true,\"valueName\":\"search_term_string\"}}],\"inLanguage\":\"ca\"},{\"@type\":\"Organization\",\"@id\":\"https:\\\/\\\/vithas.es\\\/#organization\",\"name\":\"Vithas\",\"url\":\"https:\\\/\\\/vithas.es\\\/\",\"logo\":{\"@type\":\"ImageObject\",\"inLanguage\":\"ca\",\"@id\":\"https:\\\/\\\/vithas.es\\\/#\\\/schema\\\/logo\\\/image\\\/\",\"url\":\"https:\\\/\\\/vithas.es\\\/wp-content\\\/uploads\\\/2021\\\/07\\\/vithas-beat-horizontal.svg\",\"contentUrl\":\"https:\\\/\\\/vithas.es\\\/wp-content\\\/uploads\\\/2021\\\/07\\\/vithas-beat-horizontal.svg\",\"width\":406,\"height\":84,\"caption\":\"Vithas\"},\"image\":{\"@id\":\"https:\\\/\\\/vithas.es\\\/#\\\/schema\\\/logo\\\/image\\\/\"},\"sameAs\":[\"https:\\\/\\\/es-es.facebook.com\\\/HospitalesVithas\\\/\",\"https:\\\/\\\/x.com\\\/Vithas\",\"https:\\\/\\\/www.instagram.com\\\/vithas_hospitales\\\/\",\"https:\\\/\\\/www.linkedin.com\\\/company\\\/vithas-hospital\\\/\",\"https:\\\/\\\/www.youtube.com\\\/channel\\\/UC4Dc3WWg5HzldDibyzFpw2Q\"]},{\"@type\":\"Person\",\"@id\":\"https:\\\/\\\/vithas.es\\\/#\\\/schema\\\/person\\\/146b7d4f1c156410734d096aa0de36cb\",\"name\":\"Isaac Meler\",\"image\":{\"@type\":\"ImageObject\",\"inLanguage\":\"ca\",\"@id\":\"https:\\\/\\\/secure.gravatar.com\\\/avatar\\\/ca103504421aa582e17bec7cd65033dbe8236a08ac8c9a998af3bdc6ecbd90cb?s=96&d=mm&r=g\",\"url\":\"https:\\\/\\\/secure.gravatar.com\\\/avatar\\\/ca103504421aa582e17bec7cd65033dbe8236a08ac8c9a998af3bdc6ecbd90cb?s=96&d=mm&r=g\",\"contentUrl\":\"https:\\\/\\\/secure.gravatar.com\\\/avatar\\\/ca103504421aa582e17bec7cd65033dbe8236a08ac8c9a998af3bdc6ecbd90cb?s=96&d=mm&r=g\",\"caption\":\"Isaac Meler\"},\"url\":\"https:\\\/\\\/vithas.es\\\/ca\\\/author\\\/imelerllyc-global\\\/\"}]}<\/script>\n<!-- \/ Yoast SEO Premium plugin. -->","yoast_head_json":{"title":"Especialistes de l'Hospital Vithas Barcelona expliquen quan cal anar a Urg\u00e8ncies en cas d'al\u00b7l\u00e8rgia primaveral - Vithas","robots":{"index":"index","follow":"follow","max-snippet":"max-snippet:-1","max-image-preview":"max-image-preview:large","max-video-preview":"max-video-preview:-1"},"canonical":"https:\/\/vithas.es\/ca\/comunicacio\/actualitat\/especialistas-del-hospital-vithas-barcelona-explican-cuando-acudir-a-urgencias-en-caso-de-alergia-primaveral\/","og_locale":"ca_ES","og_type":"article","og_title":"Especialistes de l'Hospital Vithas Barcelona expliquen quan cal anar a Urg\u00e8ncies en cas d'al\u00b7l\u00e8rgia primaveral - Vithas","og_description":"Coincidint amb la temporada de primavera, especialistes de l'Hospital Vithas Barcelona subratllen la import\u00e0ncia de con\u00e8ixer els s\u00edmptomes de les al\u00b7l\u00e8rgies m\u00e9s habituals durant aquesta \u00e8poca de l'any. En aquest sentit, destaquen la import\u00e0ncia d'identificar correctament la necessitat d'atenci\u00f3 m\u00e8dica immediata en pacients de totes les edats i saber quan cal anar a Urg\u00e8ncies, un [&hellip;]","og_url":"https:\/\/vithas.es\/ca\/comunicacio\/actualitat\/especialistas-del-hospital-vithas-barcelona-explican-cuando-acudir-a-urgencias-en-caso-de-alergia-primaveral\/","og_site_name":"Vithas","article_publisher":"https:\/\/es-es.facebook.com\/HospitalesVithas\/","article_published_time":"2026-04-28T08:00:00+00:00","article_modified_time":"2026-04-30T15:16:00+00:00","og_image":[{"width":3801,"height":2701,"url":"https:\/\/vithas.es\/wp-content\/uploads\/2026\/04\/Foto_Urgencias-Hospital-Vithas-Barcelona.jpg","type":"image\/jpeg"}],"author":"Isaac Meler","twitter_card":"summary_large_image","twitter_creator":"@Vithas","twitter_site":"@Vithas","twitter_misc":{"Written by":"Isaac Meler","Est. reading time":"3 minutes"},"schema":{"@context":"https:\/\/schema.org","@graph":[{"@type":"Article","@id":"https:\/\/vithas.es\/ca\/comunicacio\/actualitat\/especialistas-del-hospital-vithas-barcelona-explican-cuando-acudir-a-urgencias-en-caso-de-alergia-primaveral\/#article","isPartOf":{"@id":"https:\/\/vithas.es\/ca\/comunicacio\/actualitat\/especialistas-del-hospital-vithas-barcelona-explican-cuando-acudir-a-urgencias-en-caso-de-alergia-primaveral\/"},"author":{"name":"Isaac Meler","@id":"https:\/\/vithas.es\/#\/schema\/person\/146b7d4f1c156410734d096aa0de36cb"},"headline":"Especialistes de l'Hospital Vithas Barcelona expliquen quan cal anar a Urg\u00e8ncies en cas d'al\u00b7l\u00e8rgia primaveral","datePublished":"2026-04-28T08:00:00+00:00","dateModified":"2026-04-30T15:16:00+00:00","mainEntityOfPage":{"@id":"https:\/\/vithas.es\/ca\/comunicacio\/actualitat\/especialistas-del-hospital-vithas-barcelona-explican-cuando-acudir-a-urgencias-en-caso-de-alergia-primaveral\/"},"wordCount":598,"publisher":{"@id":"https:\/\/vithas.es\/#organization"},"image":{"@id":"https:\/\/vithas.es\/ca\/comunicacio\/actualitat\/especialistas-del-hospital-vithas-barcelona-explican-cuando-acudir-a-urgencias-en-caso-de-alergia-primaveral\/#primaryimage"},"thumbnailUrl":"https:\/\/vithas.es\/wp-content\/uploads\/2026\/04\/Foto_Urgencias-Hospital-Vithas-Barcelona.jpg","keywords":["al\u00b7l\u00e8rgia primaveral","Urg\u00e8ncies"],"articleSection":["Vithas"],"inLanguage":"ca"},{"@type":"WebPage","@id":"https:\/\/vithas.es\/ca\/comunicacio\/actualitat\/especialistas-del-hospital-vithas-barcelona-explican-cuando-acudir-a-urgencias-en-caso-de-alergia-primaveral\/","url":"https:\/\/vithas.es\/ca\/comunicacio\/actualitat\/especialistas-del-hospital-vithas-barcelona-explican-cuando-acudir-a-urgencias-en-caso-de-alergia-primaveral\/","name":"Especialistes de l'Hospital Vithas Barcelona expliquen quan cal anar a Urg\u00e8ncies en cas d'al\u00b7l\u00e8rgia primaveral - Vithas","isPartOf":{"@id":"https:\/\/vithas.es\/#website"},"primaryImageOfPage":{"@id":"https:\/\/vithas.es\/ca\/comunicacio\/actualitat\/especialistas-del-hospital-vithas-barcelona-explican-cuando-acudir-a-urgencias-en-caso-de-alergia-primaveral\/#primaryimage"},"image":{"@id":"https:\/\/vithas.es\/ca\/comunicacio\/actualitat\/especialistas-del-hospital-vithas-barcelona-explican-cuando-acudir-a-urgencias-en-caso-de-alergia-primaveral\/#primaryimage"},"thumbnailUrl":"https:\/\/vithas.es\/wp-content\/uploads\/2026\/04\/Foto_Urgencias-Hospital-Vithas-Barcelona.jpg","datePublished":"2026-04-28T08:00:00+00:00","dateModified":"2026-04-30T15:16:00+00:00","breadcrumb":{"@id":"https:\/\/vithas.es\/ca\/comunicacio\/actualitat\/especialistas-del-hospital-vithas-barcelona-explican-cuando-acudir-a-urgencias-en-caso-de-alergia-primaveral\/#breadcrumb"},"inLanguage":"ca","potentialAction":[{"@type":"ReadAction","target":["https:\/\/vithas.es\/ca\/comunicacio\/actualitat\/especialistas-del-hospital-vithas-barcelona-explican-cuando-acudir-a-urgencias-en-caso-de-alergia-primaveral\/"]}]},{"@type":"ImageObject","inLanguage":"ca","@id":"https:\/\/vithas.es\/ca\/comunicacio\/actualitat\/especialistas-del-hospital-vithas-barcelona-explican-cuando-acudir-a-urgencias-en-caso-de-alergia-primaveral\/#primaryimage","url":"https:\/\/vithas.es\/wp-content\/uploads\/2026\/04\/Foto_Urgencias-Hospital-Vithas-Barcelona.jpg","contentUrl":"https:\/\/vithas.es\/wp-content\/uploads\/2026\/04\/Foto_Urgencias-Hospital-Vithas-Barcelona.jpg","width":3801,"height":2701,"caption":"???????????????"},{"@type":"BreadcrumbList","@id":"https:\/\/vithas.es\/ca\/comunicacio\/actualitat\/especialistas-del-hospital-vithas-barcelona-explican-cuando-acudir-a-urgencias-en-caso-de-alergia-primaveral\/#breadcrumb","itemListElement":[{"@type":"ListItem","position":1,"name":"Hospitales Vithas","item":"https:\/\/vithas.es\/ca\/"},{"@type":"ListItem","position":2,"name":"Especialistes de l'Hospital Vithas Barcelona expliquen quan cal anar a Urg\u00e8ncies en cas d'al\u00b7l\u00e8rgia primaveral"}]},{"@type":"WebSite","@id":"https:\/\/vithas.es\/#website","url":"https:\/\/vithas.es\/","name":"Vithas","description":"Vivir para cuidarte","publisher":{"@id":"https:\/\/vithas.es\/#organization"},"potentialAction":[{"@type":"SearchAction","target":{"@type":"EntryPoint","urlTemplate":"https:\/\/vithas.es\/?s={search_term_string}"},"query-input":{"@type":"PropertyValueSpecification","valueRequired":true,"valueName":"search_term_string"}}],"inLanguage":"ca"},{"@type":"Organization","@id":"https:\/\/vithas.es\/#organization","name":"Vithas","url":"https:\/\/vithas.es\/","logo":{"@type":"ImageObject","inLanguage":"ca","@id":"https:\/\/vithas.es\/#\/schema\/logo\/image\/","url":"https:\/\/vithas.es\/wp-content\/uploads\/2021\/07\/vithas-beat-horizontal.svg","contentUrl":"https:\/\/vithas.es\/wp-content\/uploads\/2021\/07\/vithas-beat-horizontal.svg","width":406,"height":84,"caption":"Vithas"},"image":{"@id":"https:\/\/vithas.es\/#\/schema\/logo\/image\/"},"sameAs":["https:\/\/es-es.facebook.com\/HospitalesVithas\/","https:\/\/x.com\/Vithas","https:\/\/www.instagram.com\/vithas_hospitales\/","https:\/\/www.linkedin.com\/company\/vithas-hospital\/","https:\/\/www.youtube.com\/channel\/UC4Dc3WWg5HzldDibyzFpw2Q"]},{"@type":"Person","@id":"https:\/\/vithas.es\/#\/schema\/person\/146b7d4f1c156410734d096aa0de36cb","name":"Isaac Meler","image":{"@type":"ImageObject","inLanguage":"ca","@id":"https:\/\/secure.gravatar.com\/avatar\/ca103504421aa582e17bec7cd65033dbe8236a08ac8c9a998af3bdc6ecbd90cb?s=96&d=mm&r=g","url":"https:\/\/secure.gravatar.com\/avatar\/ca103504421aa582e17bec7cd65033dbe8236a08ac8c9a998af3bdc6ecbd90cb?s=96&d=mm&r=g","contentUrl":"https:\/\/secure.gravatar.com\/avatar\/ca103504421aa582e17bec7cd65033dbe8236a08ac8c9a998af3bdc6ecbd90cb?s=96&d=mm&r=g","caption":"Isaac Meler"},"url":"https:\/\/vithas.es\/ca\/author\/imelerllyc-global\/"}]}},"meta_box":{"vth_type_news":{"term_id":2553,"name":"Actualitat","slug":"actualitat","term_group":0,"term_taxonomy_id":2553,"taxonomy":"post_type_category","description":"","parent":0,"count":23,"filter":"raw"},"vth_opening_paragraph":"<ul>\r\n<li style=\"font-weight: 400\"><b>Dificultat per respirar, opressi\u00f3 al pit o empitjorament r\u00e0pid de l'estat general poden requerir una valoraci\u00f3 m\u00e8dica immediata, especialment en nens i persones vulnerables<\/b><\/li>\r\n<li style=\"font-weight: 400\"><b>El servei d\u2019Urg\u00e8ncies de l\u2019Hospital Vithas Barcelona ofereix atenci\u00f3 m\u00e8dica 24 hores, amb circuits diferenciats per a pacients adults i pedi\u00e0trics<\/b><\/li>\r\n<\/ul>","vth_image_description":"","vth_boiler_plate":"<p><span style=\"font-weight: 400\">El<\/span> <a href=\"http:\/\/www.vithas.es\"><span style=\"font-weight: 400\">grup Vithas<\/span><\/a><span style=\"font-weight: 400\"> est\u00e0 integrat per 22 hospitals i 40 centres m\u00e8dics i assistencials distribu\u00efts per 14 prov\u00edncies. Els 14.500 professionals que conformen Vithas l\u2019han convertit en un dels l\u00edders de la sanitat espanyola. A m\u00e9s, el grup integra la <\/span><a href=\"https:\/\/fundacion.vithas.es\/\"><span style=\"font-weight: 400\">Fundaci\u00f3n Vithas<\/span><\/a><span style=\"font-weight: 400\">, <\/span><a href=\"https:\/\/www.vithaslab.es\/\"><span style=\"font-weight: 400\">Vithas Red Diagn\u00f3stica<\/span><\/a><span style=\"font-weight: 400\"> i la central de compres<\/span><a href=\"https:\/\/www.plazasalud.es\/\"><span style=\"font-weight: 400\"> PlazaSalud+<\/span><\/a><span style=\"font-weight: 400\">. <\/span><span style=\"font-weight: 400\">Vithas, recolzada pel grup <\/span><a href=\"https:\/\/www.goodgrower.com\/\"><span style=\"font-weight: 400\">Goodgrower<\/span><\/a><span style=\"font-weight: 400\">, fonamenta la seva estrat\u00e8gia corporativa en la qualitat assistencial acreditada, l\u2019experi\u00e8ncia pacient, la investigaci\u00f3 i la innovaci\u00f3, i el comprom\u00eds social i mediambiental.<\/span><\/p>","vth_author":"","vth_type":"","vth_video":"","vth_kentico_id":"","vth_is_all_center_selected":"0","vth_is_corporate":"0","type":false,"image":false,"video":false,"imageVideo":false,"title":false,"cta":[],"cards":[],"card":[],"tabElement":[],"feature":[],"description":false,"imageBanner":false,"benefits":[],"asesor":[],"column_left":[],"column_right":[],"textMap":false,"banner":[],"boxes":[],"videoURL":false,"textInfo":false,"id":false,"background":false,"values":[],"placeholderIndex1":false,"placeholderIndex2":false,"placeholderIndex3":false,"textButton":false,"textNoResults":false,"textSearchError":false,"script":false,"linkAll":false,"placeHolderCenter":false,"title_menu":false,"placeholderCenter":false,"placeholderSpecialty":false,"placeholderDate":false,"titleLeft":false,"phone":false,"mail":false,"titleRight":false,"placeholder":false,"datePicker":false,"postType":false,"background_cards":false,"background_cards_description":false,"accordion":[],"videoType":false,"isAutoPlay":false,"transitionImage":false,"speedImage":false,"hasText":false,"hasCardBorder":false,"cardBorderWidth":false,"cardColorBorder":false,"text":false,"colorTextBackground":false,"verticalPlacementWeb":false,"horizontalPlacementWeb":false,"paddingTopText":false,"paddingBottomText":false,"paddingLeftText":false,"paddingRightText":false,"cardWidthWeb":false,"hasAppButton":false,"hasButton":false,"link":false,"newTarget":false,"colorButtonDefault":false,"colorButtonDefaultBackground":false,"colorButtonDefaultBorder":false,"colorButtonHover":false,"colorButtonHoverBackground":false,"colorButtonHoverBorder":false,"buttonBorderWidth":false,"buttonBorderMarginTop":false,"buttonBorderMarginBottom":false,"buttonBorderMarginLeft":false,"buttonBorderMarginRight":false,"showTextInMobile":false,"cardWidthMobile":false,"verticalPlacementMobile":false,"horizontalPlacementMobile":false,"showButtonInMobile":false,"images":[],"name":false,"surname":false,"email":false,"areas":[],"button":false,"description_conditions":false,"title_policy":false,"description_policy":false,"company":false,"location":false,"interest":[],"background_block":false,"columns":false,"type_block":false,"level_title":false,"check_type":false,"subtitle":false,"class_style":false,"background_card":false,"is_form":false,"background_form":false,"form_title":false,"short_code":false,"color_background":false,"color_title":false,"color_text":false,"cards_size":false,"wrapper":false,"my_address":false,"map":false,"links":[],"vth_is_location_selector":false,"vth_location":false,"float_buttons":[],"image_warranty":[],"centers":[],"sliders":[],"post_type":false,"filters":[],"button_title":false,"vth_treatments_process":[],"reverse":false,"category":false,"post_to_center_to":[314660],"post_to_specialty_to":[],"post_to_medicalunit_to":[],"post_to_specialist_to":[326961,341956]},"_links":{"self":[{"href":"https:\/\/vithas.es\/ca\/wp-json\/wp\/v2\/posts\/342710","targetHints":{"allow":["GET"]}}],"collection":[{"href":"https:\/\/vithas.es\/ca\/wp-json\/wp\/v2\/posts"}],"about":[{"href":"https:\/\/vithas.es\/ca\/wp-json\/wp\/v2\/types\/post"}],"author":[{"embeddable":true,"href":"https:\/\/vithas.es\/ca\/wp-json\/wp\/v2\/users\/92"}],"replies":[{"embeddable":true,"href":"https:\/\/vithas.es\/ca\/wp-json\/wp\/v2\/comments?post=342710"}],"version-history":[{"count":1,"href":"https:\/\/vithas.es\/ca\/wp-json\/wp\/v2\/posts\/342710\/revisions"}],"predecessor-version":[{"id":342711,"href":"https:\/\/vithas.es\/ca\/wp-json\/wp\/v2\/posts\/342710\/revisions\/342711"}],"wp:featuredmedia":[{"embeddable":true,"href":"https:\/\/vithas.es\/ca\/wp-json\/wp\/v2\/media\/342706"}],"wp:attachment":[{"href":"https:\/\/vithas.es\/ca\/wp-json\/wp\/v2\/media?parent=342710"}],"wp:term":[{"taxonomy":"category","embeddable":true,"href":"https:\/\/vithas.es\/ca\/wp-json\/wp\/v2\/categories?post=342710"},{"taxonomy":"post_tag","embeddable":true,"href":"https:\/\/vithas.es\/ca\/wp-json\/wp\/v2\/tags?post=342710"},{"taxonomy":"post_type_category","embeddable":true,"href":"https:\/\/vithas.es\/ca\/wp-json\/wp\/v2\/post_type_category?post=342710"}],"curies":[{"name":"wp","href":"https:\/\/api.w.org\/{rel}","templated":true}]}}