{"id":342714,"date":"2026-04-16T12:30:00","date_gmt":"2026-04-16T10:30:00","guid":{"rendered":"https:\/\/vithas.es\/?p=342714"},"modified":"2026-04-30T17:35:59","modified_gmt":"2026-04-30T15:35:59","slug":"vithas-reafirma-su-propuesta-asistencial-innovadora-y-su-compromiso-con-el-deporte-en-el-trofeo-conde-de-godo","status":"publish","type":"post","link":"https:\/\/vithas.es\/ca\/comunicacio\/actualitat\/vithas-reafirma-su-propuesta-asistencial-innovadora-y-su-compromiso-con-el-deporte-en-el-trofeo-conde-de-godo\/","title":{"rendered":"Vithas reafirma la seva proposta assistencial innovadora i el seu comprom\u00eds amb l'esport al Trofeu Conde de God\u00f3"},"content":{"rendered":"\n<p><span style=\"font-weight: 400;\">Per tercer any consecutiu, <\/span><a href=\"https:\/\/vithas.es\/ca\/\"><span style=\"font-weight: 400;\">Vithas <\/span><\/a><span style=\"font-weight: 400;\">ha estat present al Barcelona Open Banc Sabadell - 73\u00e8 Trofeu Conde de God\u00f3 de tennis, del qual la companyia \u00e9s patrocinadora en l\u00ednia amb el seu comprom\u00eds amb la promoci\u00f3 de la salut i el benestar a trav\u00e9s de l'esport. Entre l'11 i el 19 d'abril i en el marc del torneig, Vithas presenta les claus de la seva proposta assistencial innovadora, amb atenci\u00f3 especial a l'<\/span><a href=\"https:\/\/vithas.es\/ca\/centro\/hospital-vithas-barcelona\/\"><span style=\"font-weight: 400;\">Hospital Vithas Barcelona<\/span><\/a><span style=\"font-weight: 400;\">, el seu centre emblem\u00e0tic a Catalunya que va entrar en funcionament a finals del 2025 a Esplugues de Llobregat.<\/span><\/p>\n\n\n\n<p><span style=\"font-weight: 400;\">Amb una <\/span><i><span style=\"font-weight: 400;\">suite <\/span><\/i><span style=\"font-weight: 400;\">pr\u00f2pia al recinte de la competici\u00f3, Vithas ha aprofitat un any m\u00e9s la seva pres\u00e8ncia a l'emblem\u00e0tica cita esportiva i social per trobar-se amb institucions, empreses i entitats de l'entorn de Barcelona i del sector salut.<\/span><\/p>\n\n\n\n<p><span style=\"font-weight: 400;\">A m\u00e9s, un moment destacat ha estat l'organitzaci\u00f3 de la <\/span><b>primera Junta Cl\u00ednica de l'Hospital Vithas Barcelona <\/b><span style=\"font-weight: 400;\">al mateix recinte del torneig. En aquest entorn excepcional, el nou hospital ha convocat els responsables de les diferents especialitats per coordinar les l\u00ednies estrat\u00e8giques i potenciar les sinergies.<\/span><\/p>\n\n\n\n<p><b>Un projecte sanitari de \u201cllarg recorregut\u201d<\/b><\/p>\n\n\n\n<p><span style=\"font-weight: 400;\">Inaugurant la primera Junta Cl\u00ednica del centre hospitalari, el <\/span><b>president de Vithas, Jorge Gallardo <\/b><span style=\"font-weight: 400;\">, va destacar l'aposta de la companyia per impulsar un projecte sanitari de \u201cllarg recorregut\u201d amb un model assistencial propi i transformador. Tamb\u00e9 va ressaltar la fortalesa de Vithas com a grup, amb 22 hospitals i 40 centres m\u00e8dics. \"Aquesta dimensi\u00f3 ens d\u00f3na la capacitat de mantenir una important inversi\u00f3 en la millor tecnologia i el millor equip professional\", va remarcar.<\/span><\/p>\n\n\n\n<p><span style=\"font-weight: 400;\">Per part seva, la <\/span><b>directora gerent de l'Hospital Vithas Barcelona, Anna Guir\u00f3<\/b><span style=\"font-weight: 400;\">, va destacar el valor diferencial de comptar amb un equip m\u00e8dic de primer nivell. \"Els professionals de l'Hospital Vithas Barcelona representeu una de les nostres principals fortaleses: el vostre talent, proximitat, agilitat i especialitzaci\u00f3 ens permeten aspirar a convertir-nos en un nou referent per a la sanitat catalana\", va assenyalar.<\/span><\/p>\n\n\n\n<p><span style=\"font-weight: 400;\">La reuni\u00f3 tamb\u00e9 va comptar amb la intervenci\u00f3 del <\/span><b>director corporatiu d'Assist\u00e8ncia, Qualitat i Innovaci\u00f3, Dr. David Baulenas<\/b><span style=\"font-weight: 400;\">, que va detallar que el model assistencial del grup persegueix quatre objectius clau: l'excel\u00b7l\u00e8ncia cl\u00ednica, la seguretat del pacient, l'efici\u00e8ncia en els processos i l'experi\u00e8ncia dels pacients mitjan\u00e7ant l'efic\u00e0cia en la resoluci\u00f3 dels problemes de salut. \"Vithas Barcelona ens d\u00f3na l'oportunitat d'impulsar el millor hospital: l'estructura, el talent i l'equipament el tenim\", va subratllar.<\/span><\/p>\n\n\n\n<p><b>Hospital Vithas Barcelona: construint una oferta sanit\u00e0ria \u00fanica<\/b><\/p>\n\n\n\n<p>Durant la sessi\u00f3, els caps de servei de les diferents especialitats i responsables d'\u00e0rees van compartir el balan\u00e7 d'activitat dels primers mesos del centre. Aix\u00ed mateix, van identificar prioritats de futur, propostes per continuar construint una oferta sanit\u00e0ria \u00fanica i oportunitats per al desenvolupament de l'activitat docent i investigadora.<\/p>\n\n\n\n<p>Amb 39.000 metres quadrats de superf\u00edcie, Vithas Barcelona compta amb 160 habitacions individuals, 14 quir\u00f2fans, 60 consultes d'especialitats, 12 llits d'Unitat de Cures Intensives (UCI) i 5 llocs d'UCI neonatal i pedi\u00e0trica. El centre tamb\u00e9 destaca pel Servei d'Urg\u00e8ncies 24h amb circuits diferenciats per a pacients adults i pedi\u00e0trics, i pel seu comprom\u00eds mediambiental, en ser neutre en carboni en consum de gas i electricitat.<\/p>\n","protected":false},"excerpt":{"rendered":"<p>Per tercer any consecutiu, Vithas ha estat present al Barcelona Open Banc Sabadell - 73\u00e8 Trofeu Conde de God\u00f3 de tennis, del qual la companyia \u00e9s patrocinadora en l\u00ednia amb el seu comprom\u00eds amb la promoci\u00f3 de la salut i el benestar a trav\u00e9s de l'esport. Entre l'11 i el 19 d'abril i en el [&hellip;]<\/p>\n","protected":false},"author":92,"featured_media":341061,"comment_status":"closed","ping_status":"closed","sticky":false,"template":"","format":"standard","meta":{"footnotes":""},"categories":[2573],"tags":[2587],"post_type_category":[2553],"class_list":["post-342714","post","type-post","status-publish","format-standard","has-post-thumbnail","hentry"],"yoast_head":"<!-- This site is optimized with the Yoast SEO Premium plugin v27.3 (Yoast SEO v27.3) - https:\/\/yoast.com\/product\/yoast-seo-premium-wordpress\/ -->\n<title>Vithas reafirma la seva proposta assistencial innovadora i el seu comprom\u00eds amb l&#039;esport al Trofeu Conde de God\u00f3 - Vithas<\/title>\n<meta name=\"robots\" content=\"index, follow, max-snippet:-1, max-image-preview:large, max-video-preview:-1\" \/>\n<link rel=\"canonical\" href=\"https:\/\/vithas.es\/ca\/comunicacio\/actualitat\/vithas-reafirma-su-propuesta-asistencial-innovadora-y-su-compromiso-con-el-deporte-en-el-trofeo-conde-de-godo\/\" \/>\n<meta property=\"og:locale\" content=\"ca_ES\" \/>\n<meta property=\"og:type\" content=\"article\" \/>\n<meta property=\"og:title\" content=\"Vithas reafirma la seva proposta assistencial innovadora i el seu comprom\u00eds amb l&#039;esport al Trofeu Conde de God\u00f3 - Vithas\" \/>\n<meta property=\"og:description\" content=\"Per tercer any consecutiu, Vithas ha estat present al Barcelona Open Banc Sabadell - 73\u00e8 Trofeu Conde de God\u00f3 de tennis, del qual la companyia \u00e9s patrocinadora en l\u00ednia amb el seu comprom\u00eds amb la promoci\u00f3 de la salut i el benestar a trav\u00e9s de l&#039;esport. Entre l&#039;11 i el 19 d&#039;abril i en el [&hellip;]\" \/>\n<meta property=\"og:url\" content=\"https:\/\/vithas.es\/ca\/comunicacio\/actualitat\/vithas-reafirma-su-propuesta-asistencial-innovadora-y-su-compromiso-con-el-deporte-en-el-trofeo-conde-de-godo\/\" \/>\n<meta property=\"og:site_name\" content=\"Vithas\" \/>\n<meta property=\"article:publisher\" content=\"https:\/\/es-es.facebook.com\/HospitalesVithas\/\" \/>\n<meta property=\"article:published_time\" content=\"2026-04-16T10:30:00+00:00\" \/>\n<meta property=\"article:modified_time\" content=\"2026-04-30T15:35:59+00:00\" \/>\n<meta property=\"og:image\" content=\"https:\/\/vithas.es\/wp-content\/uploads\/2026\/04\/evento_vithas_sala_trofeos_13-1.jpg\" \/>\n\t<meta property=\"og:image:width\" content=\"6949\" \/>\n\t<meta property=\"og:image:height\" content=\"4635\" \/>\n\t<meta property=\"og:image:type\" content=\"image\/jpeg\" \/>\n<meta name=\"author\" content=\"Isaac Meler\" \/>\n<meta name=\"twitter:card\" content=\"summary_large_image\" \/>\n<meta name=\"twitter:creator\" content=\"@Vithas\" \/>\n<meta name=\"twitter:site\" content=\"@Vithas\" \/>\n<meta name=\"twitter:label1\" content=\"Written by\" \/>\n\t<meta name=\"twitter:data1\" content=\"Isaac Meler\" \/>\n\t<meta name=\"twitter:label2\" content=\"Est. reading time\" \/>\n\t<meta name=\"twitter:data2\" content=\"3 minutes\" \/>\n<script type=\"application\/ld+json\" class=\"yoast-schema-graph\">{\"@context\":\"https:\\\/\\\/schema.org\",\"@graph\":[{\"@type\":\"Article\",\"@id\":\"https:\\\/\\\/vithas.es\\\/ca\\\/comunicacio\\\/actualitat\\\/vithas-reafirma-su-propuesta-asistencial-innovadora-y-su-compromiso-con-el-deporte-en-el-trofeo-conde-de-godo\\\/#article\",\"isPartOf\":{\"@id\":\"https:\\\/\\\/vithas.es\\\/ca\\\/comunicacio\\\/actualitat\\\/vithas-reafirma-su-propuesta-asistencial-innovadora-y-su-compromiso-con-el-deporte-en-el-trofeo-conde-de-godo\\\/\"},\"author\":{\"name\":\"Isaac Meler\",\"@id\":\"https:\\\/\\\/vithas.es\\\/#\\\/schema\\\/person\\\/146b7d4f1c156410734d096aa0de36cb\"},\"headline\":\"Vithas reafirma la seva proposta assistencial innovadora i el seu comprom\u00eds amb l'esport al Trofeu Conde de God\u00f3\",\"datePublished\":\"2026-04-16T10:30:00+00:00\",\"dateModified\":\"2026-04-30T15:35:59+00:00\",\"mainEntityOfPage\":{\"@id\":\"https:\\\/\\\/vithas.es\\\/ca\\\/comunicacio\\\/actualitat\\\/vithas-reafirma-su-propuesta-asistencial-innovadora-y-su-compromiso-con-el-deporte-en-el-trofeo-conde-de-godo\\\/\"},\"wordCount\":583,\"publisher\":{\"@id\":\"https:\\\/\\\/vithas.es\\\/#organization\"},\"image\":{\"@id\":\"https:\\\/\\\/vithas.es\\\/ca\\\/comunicacio\\\/actualitat\\\/vithas-reafirma-su-propuesta-asistencial-innovadora-y-su-compromiso-con-el-deporte-en-el-trofeo-conde-de-godo\\\/#primaryimage\"},\"thumbnailUrl\":\"https:\\\/\\\/vithas.es\\\/wp-content\\\/uploads\\\/2026\\\/04\\\/evento_vithas_sala_trofeos_13-1.jpg\",\"keywords\":[\"Barcelona Open Banc Sabadell- Trofeo Conde de God\u00f3\"],\"articleSection\":[\"Vithas\"],\"inLanguage\":\"ca\"},{\"@type\":\"WebPage\",\"@id\":\"https:\\\/\\\/vithas.es\\\/ca\\\/comunicacio\\\/actualitat\\\/vithas-reafirma-su-propuesta-asistencial-innovadora-y-su-compromiso-con-el-deporte-en-el-trofeo-conde-de-godo\\\/\",\"url\":\"https:\\\/\\\/vithas.es\\\/ca\\\/comunicacio\\\/actualitat\\\/vithas-reafirma-su-propuesta-asistencial-innovadora-y-su-compromiso-con-el-deporte-en-el-trofeo-conde-de-godo\\\/\",\"name\":\"Vithas reafirma la seva proposta assistencial innovadora i el seu comprom\u00eds amb l'esport al Trofeu Conde de God\u00f3 - Vithas\",\"isPartOf\":{\"@id\":\"https:\\\/\\\/vithas.es\\\/#website\"},\"primaryImageOfPage\":{\"@id\":\"https:\\\/\\\/vithas.es\\\/ca\\\/comunicacio\\\/actualitat\\\/vithas-reafirma-su-propuesta-asistencial-innovadora-y-su-compromiso-con-el-deporte-en-el-trofeo-conde-de-godo\\\/#primaryimage\"},\"image\":{\"@id\":\"https:\\\/\\\/vithas.es\\\/ca\\\/comunicacio\\\/actualitat\\\/vithas-reafirma-su-propuesta-asistencial-innovadora-y-su-compromiso-con-el-deporte-en-el-trofeo-conde-de-godo\\\/#primaryimage\"},\"thumbnailUrl\":\"https:\\\/\\\/vithas.es\\\/wp-content\\\/uploads\\\/2026\\\/04\\\/evento_vithas_sala_trofeos_13-1.jpg\",\"datePublished\":\"2026-04-16T10:30:00+00:00\",\"dateModified\":\"2026-04-30T15:35:59+00:00\",\"breadcrumb\":{\"@id\":\"https:\\\/\\\/vithas.es\\\/ca\\\/comunicacio\\\/actualitat\\\/vithas-reafirma-su-propuesta-asistencial-innovadora-y-su-compromiso-con-el-deporte-en-el-trofeo-conde-de-godo\\\/#breadcrumb\"},\"inLanguage\":\"ca\",\"potentialAction\":[{\"@type\":\"ReadAction\",\"target\":[\"https:\\\/\\\/vithas.es\\\/ca\\\/comunicacio\\\/actualitat\\\/vithas-reafirma-su-propuesta-asistencial-innovadora-y-su-compromiso-con-el-deporte-en-el-trofeo-conde-de-godo\\\/\"]}]},{\"@type\":\"ImageObject\",\"inLanguage\":\"ca\",\"@id\":\"https:\\\/\\\/vithas.es\\\/ca\\\/comunicacio\\\/actualitat\\\/vithas-reafirma-su-propuesta-asistencial-innovadora-y-su-compromiso-con-el-deporte-en-el-trofeo-conde-de-godo\\\/#primaryimage\",\"url\":\"https:\\\/\\\/vithas.es\\\/wp-content\\\/uploads\\\/2026\\\/04\\\/evento_vithas_sala_trofeos_13-1.jpg\",\"contentUrl\":\"https:\\\/\\\/vithas.es\\\/wp-content\\\/uploads\\\/2026\\\/04\\\/evento_vithas_sala_trofeos_13-1.jpg\",\"width\":6949,\"height\":4635,\"caption\":\"Reuni\u00f3n de la Junta Cl\u00ednica del Hospital Vithas Barcelona en el Trofeo Conde de God\u00f3\"},{\"@type\":\"BreadcrumbList\",\"@id\":\"https:\\\/\\\/vithas.es\\\/ca\\\/comunicacio\\\/actualitat\\\/vithas-reafirma-su-propuesta-asistencial-innovadora-y-su-compromiso-con-el-deporte-en-el-trofeo-conde-de-godo\\\/#breadcrumb\",\"itemListElement\":[{\"@type\":\"ListItem\",\"position\":1,\"name\":\"Hospitales Vithas\",\"item\":\"https:\\\/\\\/vithas.es\\\/ca\\\/\"},{\"@type\":\"ListItem\",\"position\":2,\"name\":\"Vithas reafirma la seva proposta assistencial innovadora i el seu comprom\u00eds amb l'esport al Trofeu Conde de God\u00f3\"}]},{\"@type\":\"WebSite\",\"@id\":\"https:\\\/\\\/vithas.es\\\/#website\",\"url\":\"https:\\\/\\\/vithas.es\\\/\",\"name\":\"Vithas\",\"description\":\"Vivir para cuidarte\",\"publisher\":{\"@id\":\"https:\\\/\\\/vithas.es\\\/#organization\"},\"potentialAction\":[{\"@type\":\"SearchAction\",\"target\":{\"@type\":\"EntryPoint\",\"urlTemplate\":\"https:\\\/\\\/vithas.es\\\/?s={search_term_string}\"},\"query-input\":{\"@type\":\"PropertyValueSpecification\",\"valueRequired\":true,\"valueName\":\"search_term_string\"}}],\"inLanguage\":\"ca\"},{\"@type\":\"Organization\",\"@id\":\"https:\\\/\\\/vithas.es\\\/#organization\",\"name\":\"Vithas\",\"url\":\"https:\\\/\\\/vithas.es\\\/\",\"logo\":{\"@type\":\"ImageObject\",\"inLanguage\":\"ca\",\"@id\":\"https:\\\/\\\/vithas.es\\\/#\\\/schema\\\/logo\\\/image\\\/\",\"url\":\"https:\\\/\\\/vithas.es\\\/wp-content\\\/uploads\\\/2021\\\/07\\\/vithas-beat-horizontal.svg\",\"contentUrl\":\"https:\\\/\\\/vithas.es\\\/wp-content\\\/uploads\\\/2021\\\/07\\\/vithas-beat-horizontal.svg\",\"width\":406,\"height\":84,\"caption\":\"Vithas\"},\"image\":{\"@id\":\"https:\\\/\\\/vithas.es\\\/#\\\/schema\\\/logo\\\/image\\\/\"},\"sameAs\":[\"https:\\\/\\\/es-es.facebook.com\\\/HospitalesVithas\\\/\",\"https:\\\/\\\/x.com\\\/Vithas\",\"https:\\\/\\\/www.instagram.com\\\/vithas_hospitales\\\/\",\"https:\\\/\\\/www.linkedin.com\\\/company\\\/vithas-hospital\\\/\",\"https:\\\/\\\/www.youtube.com\\\/channel\\\/UC4Dc3WWg5HzldDibyzFpw2Q\"]},{\"@type\":\"Person\",\"@id\":\"https:\\\/\\\/vithas.es\\\/#\\\/schema\\\/person\\\/146b7d4f1c156410734d096aa0de36cb\",\"name\":\"Isaac Meler\",\"image\":{\"@type\":\"ImageObject\",\"inLanguage\":\"ca\",\"@id\":\"https:\\\/\\\/secure.gravatar.com\\\/avatar\\\/ca103504421aa582e17bec7cd65033dbe8236a08ac8c9a998af3bdc6ecbd90cb?s=96&d=mm&r=g\",\"url\":\"https:\\\/\\\/secure.gravatar.com\\\/avatar\\\/ca103504421aa582e17bec7cd65033dbe8236a08ac8c9a998af3bdc6ecbd90cb?s=96&d=mm&r=g\",\"contentUrl\":\"https:\\\/\\\/secure.gravatar.com\\\/avatar\\\/ca103504421aa582e17bec7cd65033dbe8236a08ac8c9a998af3bdc6ecbd90cb?s=96&d=mm&r=g\",\"caption\":\"Isaac Meler\"},\"url\":\"https:\\\/\\\/vithas.es\\\/ca\\\/author\\\/imelerllyc-global\\\/\"}]}<\/script>\n<!-- \/ Yoast SEO Premium plugin. -->","yoast_head_json":{"title":"Vithas reafirma la seva proposta assistencial innovadora i el seu comprom\u00eds amb l'esport al Trofeu Conde de God\u00f3 - Vithas","robots":{"index":"index","follow":"follow","max-snippet":"max-snippet:-1","max-image-preview":"max-image-preview:large","max-video-preview":"max-video-preview:-1"},"canonical":"https:\/\/vithas.es\/ca\/comunicacio\/actualitat\/vithas-reafirma-su-propuesta-asistencial-innovadora-y-su-compromiso-con-el-deporte-en-el-trofeo-conde-de-godo\/","og_locale":"ca_ES","og_type":"article","og_title":"Vithas reafirma la seva proposta assistencial innovadora i el seu comprom\u00eds amb l'esport al Trofeu Conde de God\u00f3 - Vithas","og_description":"Per tercer any consecutiu, Vithas ha estat present al Barcelona Open Banc Sabadell - 73\u00e8 Trofeu Conde de God\u00f3 de tennis, del qual la companyia \u00e9s patrocinadora en l\u00ednia amb el seu comprom\u00eds amb la promoci\u00f3 de la salut i el benestar a trav\u00e9s de l'esport. Entre l'11 i el 19 d'abril i en el [&hellip;]","og_url":"https:\/\/vithas.es\/ca\/comunicacio\/actualitat\/vithas-reafirma-su-propuesta-asistencial-innovadora-y-su-compromiso-con-el-deporte-en-el-trofeo-conde-de-godo\/","og_site_name":"Vithas","article_publisher":"https:\/\/es-es.facebook.com\/HospitalesVithas\/","article_published_time":"2026-04-16T10:30:00+00:00","article_modified_time":"2026-04-30T15:35:59+00:00","og_image":[{"width":6949,"height":4635,"url":"https:\/\/vithas.es\/wp-content\/uploads\/2026\/04\/evento_vithas_sala_trofeos_13-1.jpg","type":"image\/jpeg"}],"author":"Isaac Meler","twitter_card":"summary_large_image","twitter_creator":"@Vithas","twitter_site":"@Vithas","twitter_misc":{"Written by":"Isaac Meler","Est. reading time":"3 minutes"},"schema":{"@context":"https:\/\/schema.org","@graph":[{"@type":"Article","@id":"https:\/\/vithas.es\/ca\/comunicacio\/actualitat\/vithas-reafirma-su-propuesta-asistencial-innovadora-y-su-compromiso-con-el-deporte-en-el-trofeo-conde-de-godo\/#article","isPartOf":{"@id":"https:\/\/vithas.es\/ca\/comunicacio\/actualitat\/vithas-reafirma-su-propuesta-asistencial-innovadora-y-su-compromiso-con-el-deporte-en-el-trofeo-conde-de-godo\/"},"author":{"name":"Isaac Meler","@id":"https:\/\/vithas.es\/#\/schema\/person\/146b7d4f1c156410734d096aa0de36cb"},"headline":"Vithas reafirma la seva proposta assistencial innovadora i el seu comprom\u00eds amb l'esport al Trofeu Conde de God\u00f3","datePublished":"2026-04-16T10:30:00+00:00","dateModified":"2026-04-30T15:35:59+00:00","mainEntityOfPage":{"@id":"https:\/\/vithas.es\/ca\/comunicacio\/actualitat\/vithas-reafirma-su-propuesta-asistencial-innovadora-y-su-compromiso-con-el-deporte-en-el-trofeo-conde-de-godo\/"},"wordCount":583,"publisher":{"@id":"https:\/\/vithas.es\/#organization"},"image":{"@id":"https:\/\/vithas.es\/ca\/comunicacio\/actualitat\/vithas-reafirma-su-propuesta-asistencial-innovadora-y-su-compromiso-con-el-deporte-en-el-trofeo-conde-de-godo\/#primaryimage"},"thumbnailUrl":"https:\/\/vithas.es\/wp-content\/uploads\/2026\/04\/evento_vithas_sala_trofeos_13-1.jpg","keywords":["Barcelona Open Banc Sabadell- Trofeo Conde de God\u00f3"],"articleSection":["Vithas"],"inLanguage":"ca"},{"@type":"WebPage","@id":"https:\/\/vithas.es\/ca\/comunicacio\/actualitat\/vithas-reafirma-su-propuesta-asistencial-innovadora-y-su-compromiso-con-el-deporte-en-el-trofeo-conde-de-godo\/","url":"https:\/\/vithas.es\/ca\/comunicacio\/actualitat\/vithas-reafirma-su-propuesta-asistencial-innovadora-y-su-compromiso-con-el-deporte-en-el-trofeo-conde-de-godo\/","name":"Vithas reafirma la seva proposta assistencial innovadora i el seu comprom\u00eds amb l'esport al Trofeu Conde de God\u00f3 - Vithas","isPartOf":{"@id":"https:\/\/vithas.es\/#website"},"primaryImageOfPage":{"@id":"https:\/\/vithas.es\/ca\/comunicacio\/actualitat\/vithas-reafirma-su-propuesta-asistencial-innovadora-y-su-compromiso-con-el-deporte-en-el-trofeo-conde-de-godo\/#primaryimage"},"image":{"@id":"https:\/\/vithas.es\/ca\/comunicacio\/actualitat\/vithas-reafirma-su-propuesta-asistencial-innovadora-y-su-compromiso-con-el-deporte-en-el-trofeo-conde-de-godo\/#primaryimage"},"thumbnailUrl":"https:\/\/vithas.es\/wp-content\/uploads\/2026\/04\/evento_vithas_sala_trofeos_13-1.jpg","datePublished":"2026-04-16T10:30:00+00:00","dateModified":"2026-04-30T15:35:59+00:00","breadcrumb":{"@id":"https:\/\/vithas.es\/ca\/comunicacio\/actualitat\/vithas-reafirma-su-propuesta-asistencial-innovadora-y-su-compromiso-con-el-deporte-en-el-trofeo-conde-de-godo\/#breadcrumb"},"inLanguage":"ca","potentialAction":[{"@type":"ReadAction","target":["https:\/\/vithas.es\/ca\/comunicacio\/actualitat\/vithas-reafirma-su-propuesta-asistencial-innovadora-y-su-compromiso-con-el-deporte-en-el-trofeo-conde-de-godo\/"]}]},{"@type":"ImageObject","inLanguage":"ca","@id":"https:\/\/vithas.es\/ca\/comunicacio\/actualitat\/vithas-reafirma-su-propuesta-asistencial-innovadora-y-su-compromiso-con-el-deporte-en-el-trofeo-conde-de-godo\/#primaryimage","url":"https:\/\/vithas.es\/wp-content\/uploads\/2026\/04\/evento_vithas_sala_trofeos_13-1.jpg","contentUrl":"https:\/\/vithas.es\/wp-content\/uploads\/2026\/04\/evento_vithas_sala_trofeos_13-1.jpg","width":6949,"height":4635,"caption":"Reuni\u00f3n de la Junta Cl\u00ednica del Hospital Vithas Barcelona en el Trofeo Conde de God\u00f3"},{"@type":"BreadcrumbList","@id":"https:\/\/vithas.es\/ca\/comunicacio\/actualitat\/vithas-reafirma-su-propuesta-asistencial-innovadora-y-su-compromiso-con-el-deporte-en-el-trofeo-conde-de-godo\/#breadcrumb","itemListElement":[{"@type":"ListItem","position":1,"name":"Hospitales Vithas","item":"https:\/\/vithas.es\/ca\/"},{"@type":"ListItem","position":2,"name":"Vithas reafirma la seva proposta assistencial innovadora i el seu comprom\u00eds amb l'esport al Trofeu Conde de God\u00f3"}]},{"@type":"WebSite","@id":"https:\/\/vithas.es\/#website","url":"https:\/\/vithas.es\/","name":"Vithas","description":"Vivir para cuidarte","publisher":{"@id":"https:\/\/vithas.es\/#organization"},"potentialAction":[{"@type":"SearchAction","target":{"@type":"EntryPoint","urlTemplate":"https:\/\/vithas.es\/?s={search_term_string}"},"query-input":{"@type":"PropertyValueSpecification","valueRequired":true,"valueName":"search_term_string"}}],"inLanguage":"ca"},{"@type":"Organization","@id":"https:\/\/vithas.es\/#organization","name":"Vithas","url":"https:\/\/vithas.es\/","logo":{"@type":"ImageObject","inLanguage":"ca","@id":"https:\/\/vithas.es\/#\/schema\/logo\/image\/","url":"https:\/\/vithas.es\/wp-content\/uploads\/2021\/07\/vithas-beat-horizontal.svg","contentUrl":"https:\/\/vithas.es\/wp-content\/uploads\/2021\/07\/vithas-beat-horizontal.svg","width":406,"height":84,"caption":"Vithas"},"image":{"@id":"https:\/\/vithas.es\/#\/schema\/logo\/image\/"},"sameAs":["https:\/\/es-es.facebook.com\/HospitalesVithas\/","https:\/\/x.com\/Vithas","https:\/\/www.instagram.com\/vithas_hospitales\/","https:\/\/www.linkedin.com\/company\/vithas-hospital\/","https:\/\/www.youtube.com\/channel\/UC4Dc3WWg5HzldDibyzFpw2Q"]},{"@type":"Person","@id":"https:\/\/vithas.es\/#\/schema\/person\/146b7d4f1c156410734d096aa0de36cb","name":"Isaac Meler","image":{"@type":"ImageObject","inLanguage":"ca","@id":"https:\/\/secure.gravatar.com\/avatar\/ca103504421aa582e17bec7cd65033dbe8236a08ac8c9a998af3bdc6ecbd90cb?s=96&d=mm&r=g","url":"https:\/\/secure.gravatar.com\/avatar\/ca103504421aa582e17bec7cd65033dbe8236a08ac8c9a998af3bdc6ecbd90cb?s=96&d=mm&r=g","contentUrl":"https:\/\/secure.gravatar.com\/avatar\/ca103504421aa582e17bec7cd65033dbe8236a08ac8c9a998af3bdc6ecbd90cb?s=96&d=mm&r=g","caption":"Isaac Meler"},"url":"https:\/\/vithas.es\/ca\/author\/imelerllyc-global\/"}]}},"meta_box":{"vth_type_news":{"term_id":2553,"name":"Actualitat","slug":"actualitat","term_group":0,"term_taxonomy_id":2553,"taxonomy":"post_type_category","description":"","parent":0,"count":23,"filter":"raw"},"vth_opening_paragraph":"<ul>\r\n<li style=\"font-weight: 400\"><span style=\"font-weight: 400\">Per tercer any consecutiu, la companyia ha estat present com a patrocinadora a l'emblem\u00e0tica cita esportiva i social de Barcelona, ratificant la seva col\u00b7laboraci\u00f3 amb el prestigi\u00f3s torneig de tennis.<\/span><\/li>\r\n<li style=\"font-weight: 400\"><span style=\"font-weight: 400\">En el marc de l'esdeveniment esportiu, l'Hospital Vithas Barcelona tamb\u00e9 ha celebrat la primera Junta Cl\u00ednica, reunint els responsables de les diferents especialitats en un entorn excepcional.<\/span><\/li>\r\n<\/ul>","vth_image_description":"","vth_boiler_plate":"<p><span style=\"font-weight: 400\">El<\/span> <a href=\"http:\/\/www.vithas.es\"><span style=\"font-weight: 400\">grup Vithas<\/span><\/a><span style=\"font-weight: 400\"> est\u00e0 integrat per 22 hospitals i 40 centres m\u00e8dics i assistencials distribu\u00efts per 14 prov\u00edncies. Els 14.500 professionals que conformen Vithas l\u2019han convertit en un dels l\u00edders de la sanitat espanyola. A m\u00e9s, el grup integra la <\/span><a href=\"https:\/\/fundacion.vithas.es\/\"><span style=\"font-weight: 400\">Fundaci\u00f3n Vithas<\/span><\/a><span style=\"font-weight: 400\">, <\/span><a href=\"https:\/\/www.vithaslab.es\/\"><span style=\"font-weight: 400\">Vithas Red Diagn\u00f3stica<\/span><\/a><span style=\"font-weight: 400\"> i la central de compres<\/span><a href=\"https:\/\/www.plazasalud.es\/\"><span style=\"font-weight: 400\"> PlazaSalud+<\/span><\/a><span style=\"font-weight: 400\">. <\/span><span style=\"font-weight: 400\">Vithas, recolzada pel grup <\/span><a href=\"https:\/\/www.goodgrower.com\/\"><span style=\"font-weight: 400\">Goodgrower<\/span><\/a><span style=\"font-weight: 400\">, fonamenta la seva estrat\u00e8gia corporativa en la qualitat assistencial acreditada, l\u2019experi\u00e8ncia pacient, la investigaci\u00f3 i la innovaci\u00f3, i el comprom\u00eds social i mediambiental.<\/span><\/p>","vth_author":"","vth_type":"","vth_video":"","vth_kentico_id":"","vth_is_all_center_selected":"0","vth_is_corporate":"0","type":false,"image":false,"video":false,"imageVideo":false,"title":false,"cta":[],"cards":[],"card":[],"tabElement":[],"feature":[],"description":false,"imageBanner":false,"benefits":[],"asesor":[],"column_left":[],"column_right":[],"textMap":false,"banner":[],"boxes":[],"videoURL":false,"textInfo":false,"id":false,"background":false,"values":[],"placeholderIndex1":false,"placeholderIndex2":false,"placeholderIndex3":false,"textButton":false,"textNoResults":false,"textSearchError":false,"script":false,"linkAll":false,"placeHolderCenter":false,"title_menu":false,"placeholderCenter":false,"placeholderSpecialty":false,"placeholderDate":false,"titleLeft":false,"phone":false,"mail":false,"titleRight":false,"placeholder":false,"datePicker":false,"postType":false,"background_cards":false,"background_cards_description":false,"accordion":[],"videoType":false,"isAutoPlay":false,"transitionImage":false,"speedImage":false,"hasText":false,"hasCardBorder":false,"cardBorderWidth":false,"cardColorBorder":false,"text":false,"colorTextBackground":false,"verticalPlacementWeb":false,"horizontalPlacementWeb":false,"paddingTopText":false,"paddingBottomText":false,"paddingLeftText":false,"paddingRightText":false,"cardWidthWeb":false,"hasAppButton":false,"hasButton":false,"link":false,"newTarget":false,"colorButtonDefault":false,"colorButtonDefaultBackground":false,"colorButtonDefaultBorder":false,"colorButtonHover":false,"colorButtonHoverBackground":false,"colorButtonHoverBorder":false,"buttonBorderWidth":false,"buttonBorderMarginTop":false,"buttonBorderMarginBottom":false,"buttonBorderMarginLeft":false,"buttonBorderMarginRight":false,"showTextInMobile":false,"cardWidthMobile":false,"verticalPlacementMobile":false,"horizontalPlacementMobile":false,"showButtonInMobile":false,"images":[],"name":false,"surname":false,"email":false,"areas":[],"button":false,"description_conditions":false,"title_policy":false,"description_policy":false,"company":false,"location":false,"interest":[],"background_block":false,"columns":false,"type_block":false,"level_title":false,"check_type":false,"subtitle":false,"class_style":false,"background_card":false,"is_form":false,"background_form":false,"form_title":false,"short_code":false,"color_background":false,"color_title":false,"color_text":false,"cards_size":false,"wrapper":false,"my_address":false,"map":false,"links":[],"vth_is_location_selector":false,"vth_location":false,"float_buttons":[],"image_warranty":[],"centers":[],"sliders":[],"post_type":false,"filters":[],"button_title":false,"vth_treatments_process":[],"reverse":false,"category":false,"post_to_center_to":[314660],"post_to_specialty_to":[],"post_to_medicalunit_to":[],"post_to_specialist_to":[]},"_links":{"self":[{"href":"https:\/\/vithas.es\/ca\/wp-json\/wp\/v2\/posts\/342714","targetHints":{"allow":["GET"]}}],"collection":[{"href":"https:\/\/vithas.es\/ca\/wp-json\/wp\/v2\/posts"}],"about":[{"href":"https:\/\/vithas.es\/ca\/wp-json\/wp\/v2\/types\/post"}],"author":[{"embeddable":true,"href":"https:\/\/vithas.es\/ca\/wp-json\/wp\/v2\/users\/92"}],"replies":[{"embeddable":true,"href":"https:\/\/vithas.es\/ca\/wp-json\/wp\/v2\/comments?post=342714"}],"version-history":[{"count":2,"href":"https:\/\/vithas.es\/ca\/wp-json\/wp\/v2\/posts\/342714\/revisions"}],"predecessor-version":[{"id":342717,"href":"https:\/\/vithas.es\/ca\/wp-json\/wp\/v2\/posts\/342714\/revisions\/342717"}],"wp:featuredmedia":[{"embeddable":true,"href":"https:\/\/vithas.es\/ca\/wp-json\/wp\/v2\/media\/341061"}],"wp:attachment":[{"href":"https:\/\/vithas.es\/ca\/wp-json\/wp\/v2\/media?parent=342714"}],"wp:term":[{"taxonomy":"category","embeddable":true,"href":"https:\/\/vithas.es\/ca\/wp-json\/wp\/v2\/categories?post=342714"},{"taxonomy":"post_tag","embeddable":true,"href":"https:\/\/vithas.es\/ca\/wp-json\/wp\/v2\/tags?post=342714"},{"taxonomy":"post_type_category","embeddable":true,"href":"https:\/\/vithas.es\/ca\/wp-json\/wp\/v2\/post_type_category?post=342714"}],"curies":[{"name":"wp","href":"https:\/\/api.w.org\/{rel}","templated":true}]}}